{"id":240056,"date":"2025-11-17T01:29:17","date_gmt":"2025-11-17T01:29:17","guid":{"rendered":"https:\/\/www.europesays.com\/es\/240056\/"},"modified":"2025-11-17T01:29:17","modified_gmt":"2025-11-17T01:29:17","slug":"asi-es-el-mclaren-750s-s-una-obra-unica-para-el-gran-premio-de-las-vegas","status":"publish","type":"post","link":"https:\/\/www.europesays.com\/es\/240056\/","title":{"rendered":"As\u00ed es el McLaren 750S s, una obra \u00fanica para el Gran Premio de Las Vegas"},"content":{"rendered":"\n<p>M\u00e1s noticias<\/p>\n<p><a class=\"info_masnoticias\" href=\"https:\/\/www.eldesmarque.com\/coches-y-motos\/\" rel=\"nofollow noopener\" target=\"_blank\"><br \/>\nM\u00e1s de<br \/>\nM\u00e1s noticias de<br \/>\nCoches y motos<br \/>\n<\/a><\/p>\n<p>Antes del Gran Premio de Las Vegas, <strong>McLaren Automotive<\/strong> ha desvelado el Project Viva, una creaci\u00f3n \u00fanica de McLaren Special Operations (MSO) inspirada en \u00abLa Ciudad del Pecado\u00bb.<\/p>\n<p>La ciudad que nunca duerme tiene ahora su reflejo sobre cuatro ruedas. En <strong>v\u00edsperas del Gran Premio de Las Vegas<\/strong>, McLaren Automotive ha presentado el Project Viva, un 750S\u00fanico concebido y realizado por McLaren Special Operations (MSO), la divisi\u00f3n encargada de los encargos m\u00e1s exclusivos de la marca brit\u00e1nica.<\/p>\n<p>En el <strong>McLaren 750S<\/strong> se celebra la fusi\u00f3n entre innovaci\u00f3n, rendimiento y dise\u00f1o a trav\u00e9s de una interpretaci\u00f3n monocrom\u00e1tica y artesanal de la ciudad del ne\u00f3n.<\/p>\n<p>Inspirado en la energ\u00eda, el espect\u00e1culo y la arquitectura de Las Vegas, el Project <strong>Vivare interpreta la esencia de la ciudad desde un enfoque radicalmente distinto<\/strong>: un homenaje monocrom\u00e1tico a un lugar definido por el color. El resultado es un ejercicio de creatividad que desaf\u00eda las normas y muestra c\u00f3mo MSO convierte la inspiraci\u00f3n en dise\u00f1o, y el dise\u00f1o en emoci\u00f3n.<\/p>\n<p><img decoding=\"async\" src=\"https:\/\/www.europesays.com\/es\/wp-content\/uploads\/2025\/11\/original_17872_3_project_viva_sidejpeg.jpeg\" width=\"660\" height=\"304.15\" alt=\"McLaren 750S\"\/><br \/>\nMcLaren 750S<\/p>\n<p>El Project Viva no pretende reproducir los destellos de ne\u00f3n o el exceso crom\u00e1tico del Strip, sino capturar el ritmo y la<strong> atm\u00f3sfera de Las Vegas mediante una composici\u00f3n de l\u00edneas<\/strong> y trazos pintados a mano. Su decoraci\u00f3n, bautizada como \u201cSketch in Motion\u201d,retrata la ciudad a trav\u00e9s del movimiento: los carteles luminosos, los rascacielos, la m\u00fasica y la efervescencia nocturna se transforman en una narrativa visual que<strong> tambi\u00e9n rinde tributo<\/strong> a la herencia de McLaren en la competici\u00f3n.<\/p>\n<p>Trazos de Lando Norris y Oscar Piastri<\/p>\n<p>La obra de MSO se apoya en dos tonos creados expresamente para este proyecto: el Muriwai White,<strong> inspirado en la casa neozelandesa de Bruce McLaren, y el Vegas Nights<\/strong>, un nuevo color negro perlado con motas de cian, magenta y verde que evocan el resplandor el\u00e9ctrico del desierto al anochecer. Cada trazo, textura y matiz se ha dise\u00f1ado con prop\u00f3sito, tejiendo una historia donde el arte y la ingenier\u00eda se funden con la precisi\u00f3n habitual de McLaren.<\/p>\n<p>A este lienzo rodante tambi\u00e9n aportaron su toque personal los pilotos del equipo de F\u00f3rmula 1,<strong> Lando Norris y Oscar Piastri,<\/strong> quienes a\u00f1adieron detalles pintados a mano, como la d\u00e9cima estrella del Campeonato Mundial de Constructores en el paragolpes trasero, celebrando la m\u00e1s reciente victoria del equipo. Peque\u00f1os bocetos y l\u00edneas exclusivas completan el gui\u00f1o al esp\u00edritu competitivo de la escuder\u00eda.<\/p>\n<p>\u201cEl Project Viva captura la esencia de MSO: ir m\u00e1s all\u00e1 de lo convencional para crear algo verdaderamente personal. Es donde la artesan\u00eda se une al car\u00e1cter y donde cualquier inspiraci\u00f3n puede convertirse en una historia contada a trav\u00e9s del dise\u00f1o\u201d, explica Jonathan Simms, director de McLaren Special Operations.<\/p>\n<p>El McLaren 750S Project Viva estar\u00e1 expuesto del 13 al 20 de noviembre en el McLaren Experience Centre del hotel Wynn Las Vegas, coincidiendo con la llegada del Gran Premio. All\u00ed, los visitantes podr\u00e1n contemplar de cerca c\u00f3mo la divisi\u00f3n m\u00e1s creativa de McLaren transforma las ideas en piezas \u00fanicas de ingenier\u00eda emocional.<\/p>\n<p><img decoding=\"async\" src=\"https:\/\/www.europesays.com\/es\/wp-content\/uploads\/2025\/11\/original_17870_5_project_viva_lowjpeg.jpeg\" width=\"660\" height=\"358.7\" alt=\"McLaren 750S\"\/><br \/>\nMcLaren 750S<\/p>\n","protected":false},"excerpt":{"rendered":"M\u00e1s noticias M\u00e1s de M\u00e1s noticias de Coches y motos Antes del Gran Premio de Las Vegas, McLaren&hellip;\n","protected":false},"author":2,"featured_media":240057,"comment_status":"","ping_status":"","sticky":false,"template":"","format":"standard","meta":{"footnotes":""},"categories":[81],"tags":[119,123,124,25,24,117,121,122,23,118,120],"class_list":{"0":"post-240056","1":"post","2":"type-post","3":"status-publish","4":"format-standard","5":"has-post-thumbnail","7":"category-ciencia-y-tecnologia","8":"tag-ciencia","9":"tag-ciencia-y-tecnologia","10":"tag-cienciaytecnologia","11":"tag-es","12":"tag-espana","13":"tag-science","14":"tag-science-and-technology","15":"tag-scienceandtechnology","16":"tag-spain","17":"tag-technology","18":"tag-tecnologia"},"share_on_mastodon":{"url":"https:\/\/pubeurope.com\/@es\/115562451095004179","error":""},"_links":{"self":[{"href":"https:\/\/www.europesays.com\/es\/wp-json\/wp\/v2\/posts\/240056","targetHints":{"allow":["GET"]}}],"collection":[{"href":"https:\/\/www.europesays.com\/es\/wp-json\/wp\/v2\/posts"}],"about":[{"href":"https:\/\/www.europesays.com\/es\/wp-json\/wp\/v2\/types\/post"}],"author":[{"embeddable":true,"href":"https:\/\/www.europesays.com\/es\/wp-json\/wp\/v2\/users\/2"}],"replies":[{"embeddable":true,"href":"https:\/\/www.europesays.com\/es\/wp-json\/wp\/v2\/comments?post=240056"}],"version-history":[{"count":0,"href":"https:\/\/www.europesays.com\/es\/wp-json\/wp\/v2\/posts\/240056\/revisions"}],"wp:featuredmedia":[{"embeddable":true,"href":"https:\/\/www.europesays.com\/es\/wp-json\/wp\/v2\/media\/240057"}],"wp:attachment":[{"href":"https:\/\/www.europesays.com\/es\/wp-json\/wp\/v2\/media?parent=240056"}],"wp:term":[{"taxonomy":"category","embeddable":true,"href":"https:\/\/www.europesays.com\/es\/wp-json\/wp\/v2\/categories?post=240056"},{"taxonomy":"post_tag","embeddable":true,"href":"https:\/\/www.europesays.com\/es\/wp-json\/wp\/v2\/tags?post=240056"}],"curies":[{"name":"wp","href":"https:\/\/api.w.org\/{rel}","templated":true}]}}