{"id":240062,"date":"2025-11-17T01:32:10","date_gmt":"2025-11-17T01:32:10","guid":{"rendered":"https:\/\/www.europesays.com\/es\/240062\/"},"modified":"2025-11-17T01:32:10","modified_gmt":"2025-11-17T01:32:10","slug":"autopsia-confirma-que-la-fallecida-en-alpedrete-recibio-50-punaladas","status":"publish","type":"post","link":"https:\/\/www.europesays.com\/es\/240062\/","title":{"rendered":"Autopsia confirma que la fallecida en Alpedrete recibi\u00f3 50 pu\u00f1aladas"},"content":{"rendered":"<p>Madrid (EFE).- La autopsia a los cuerpos de la pareja hallada muerta este s\u00e1bado en la localidad madrile\u00f1a de Alpedrete ha confirmado que la mujer presentaba 50 heridas de arma blanca y que muri\u00f3 antes que su marido.<\/p>\n<p>As\u00ed lo han confirmado a EFE fuentes pr\u00f3ximas a la investigaci\u00f3n, que han se\u00f1alado que esta es la conclusi\u00f3n de la autopsia preliminar, en espera de la definitiva.<\/p>\n<p>Las mismas fuentes han precisado que el marido, y presunto autor del apu\u00f1alamiento, hab\u00eda consumido alcohol y medicamentos y han precisado que padec\u00eda importante problemas de espalda que le ocasionaban intensos dolores por los que se medicaba y que, ademas, sufr\u00eda depresi\u00f3n.<\/p>\n<p>Al parecer, y seg\u00fan recalcan las fuentes, todo parece indicar que tras apu\u00f1alar a su mujer, el hombre se suicid\u00f3, a la vez que recuerdan que ya hab\u00eda presentado conductas autol\u00edticas.<\/p>\n<p>El hijo de la pareja, que fue quien encontr\u00f3 a sus padres muertos, ha declarado ante la Guardia Civil que nada hac\u00eda prever del comportamiento de sus padres este desenlace.<\/p>\n<p>La Guardia Civil considera que se trata de un caso de violencia machista, aunque las fuentes han precisado que no hab\u00eda denuncias previas ni se encontraban<a href=\"https:\/\/sistemaviogen.ses.mir.es\/publico\/viogen\" target=\"_blank\" rel=\"noreferrer noopener nofollow\"> en el sistema de seguimiento Viog\u00e9n.<\/a><\/p>\n<p>Los fallecidos, de 60 a\u00f1os, fueron encontrados muertos con <a href=\"https:\/\/efe.com\/espana\/2025-11-05\/eugenia-victima-mortal-violencia-machista\/\" target=\"_blank\" rel=\"noreferrer noopener nofollow\">signos visibles de violencia<\/a> producidos por arma blanca en habitaciones diferentes de un chalet situado en la calle de la Jara de Alpedrete.<\/p>\n<p>Signos visibles de violencia<\/p>\n<p>La llamada alertando de lo ocurrido tuvo lugar a las 12:00 horas del s\u00e1bado. Cuando llegaron hasta el lugar del suceso, los integrantes del equipo m\u00e9dico del Summa 112 solo pudieron confirmar el fallecimiento de ambas personas.<\/p>\n<p>El 016 atiende a todas las <a href=\"https:\/\/efeminista.com\/\" target=\"_blank\" rel=\"noreferrer noopener nofollow\">v\u00edctimas de violencia machista<\/a> las 24 horas del d\u00eda y en 53 idiomas diferentes, al igual que el correo 016-online@igualdad.gob.es; tambi\u00e9n se presta atenci\u00f3n mediante WhatsApp a trav\u00e9s del n\u00famero 600000016, y los menores pueden dirigirse al tel\u00e9fono de la Fundaci\u00f3n ANAR 900 20 20 10.<\/p>\n<p>En una situaci\u00f3n de emergencia, se puede llamar al 112 o a los tel\u00e9fonos de la Polic\u00eda Nacional (091) y de la Guardia Civil (062) y en caso de no poder llamar se puede recurrir a la aplicaci\u00f3n ALERTCOPS, desde la que se env\u00eda una se\u00f1al de alerta a la Polic\u00eda con geolocalizaci\u00f3n.<\/p>\n","protected":false},"excerpt":{"rendered":"Madrid (EFE).- La autopsia a los cuerpos de la pareja hallada muerta este s\u00e1bado en la localidad madrile\u00f1a&hellip;\n","protected":false},"author":2,"featured_media":240063,"comment_status":"","ping_status":"","sticky":false,"template":"","format":"standard","meta":{"footnotes":""},"categories":[8],"tags":[17,18,25,24,13,14,11,19,20,9,10,15,16,23,257,12,21,22],"class_list":{"0":"post-240062","1":"post","2":"type-post","3":"status-publish","4":"format-standard","5":"has-post-thumbnail","7":"category-espana","8":"tag-breaking-news","9":"tag-breakingnews","10":"tag-es","11":"tag-espana","12":"tag-featured-news","13":"tag-featurednews","14":"tag-headlines","15":"tag-latest-news","16":"tag-latestnews","17":"tag-news","18":"tag-noticias","19":"tag-noticias-destacadas","20":"tag-noticiasdestacadas","21":"tag-spain","22":"tag-sucesos","23":"tag-titulares","24":"tag-ultimas-noticias","25":"tag-ultimasnoticias"},"share_on_mastodon":{"url":"https:\/\/pubeurope.com\/@es\/115562462906748745","error":""},"_links":{"self":[{"href":"https:\/\/www.europesays.com\/es\/wp-json\/wp\/v2\/posts\/240062","targetHints":{"allow":["GET"]}}],"collection":[{"href":"https:\/\/www.europesays.com\/es\/wp-json\/wp\/v2\/posts"}],"about":[{"href":"https:\/\/www.europesays.com\/es\/wp-json\/wp\/v2\/types\/post"}],"author":[{"embeddable":true,"href":"https:\/\/www.europesays.com\/es\/wp-json\/wp\/v2\/users\/2"}],"replies":[{"embeddable":true,"href":"https:\/\/www.europesays.com\/es\/wp-json\/wp\/v2\/comments?post=240062"}],"version-history":[{"count":0,"href":"https:\/\/www.europesays.com\/es\/wp-json\/wp\/v2\/posts\/240062\/revisions"}],"wp:featuredmedia":[{"embeddable":true,"href":"https:\/\/www.europesays.com\/es\/wp-json\/wp\/v2\/media\/240063"}],"wp:attachment":[{"href":"https:\/\/www.europesays.com\/es\/wp-json\/wp\/v2\/media?parent=240062"}],"wp:term":[{"taxonomy":"category","embeddable":true,"href":"https:\/\/www.europesays.com\/es\/wp-json\/wp\/v2\/categories?post=240062"},{"taxonomy":"post_tag","embeddable":true,"href":"https:\/\/www.europesays.com\/es\/wp-json\/wp\/v2\/tags?post=240062"}],"curies":[{"name":"wp","href":"https:\/\/api.w.org\/{rel}","templated":true}]}}