{"id":240066,"date":"2025-11-17T01:38:11","date_gmt":"2025-11-17T01:38:11","guid":{"rendered":"https:\/\/www.europesays.com\/es\/240066\/"},"modified":"2025-11-17T01:38:11","modified_gmt":"2025-11-17T01:38:11","slug":"ocho-anos-esperando-una-medalla","status":"publish","type":"post","link":"https:\/\/www.europesays.com\/es\/240066\/","title":{"rendered":"ocho a\u00f1os esperando una medalla"},"content":{"rendered":"<p><b>Ismael Debabi<\/b> persegu\u00eda a un ladr\u00f3n cuando se precipit\u00f3 desde el techo de un colegio en Ceuta en 2017. Este agente de la <b>Polic\u00eda Nacional<\/b> sobrevivi\u00f3 a la ca\u00edda, de m\u00e1s de diez metros, pero sufri\u00f3 unas<a title=\" secuelas que le obligaron a jubilarse\" href=\"https:\/\/www.larazon.es\/espana\/emotivo-homenaje-padre-carvajal-jubilacion-policia-nacional_2025102869007378c7155f09f1b00232.html\" target=\"_blank\" rel=\"nofollow noopener\"> secuelas que le obligaron a jubilarse<\/a>. Cuando ten\u00eda todo preparado para recibir una medalla por sus a\u00f1os de servicio, su nombre desapareci\u00f3 de las listas. Un misterio que sigue sin resolverse ocho a\u00f1os despu\u00e9s.<\/p>\n<p>Debabi volvi\u00f3 a nacer el 8 de octubre de 2017. Una intervenci\u00f3n de las m\u00e1s habituales, perseguir a un delincuente, casi le cuesta la vida. Se desplom\u00f3 desde el techo del colegio <b>Garc\u00eda Lorca<\/b> de Ceuta. Fue trasladado r\u00e1pidamente al hospital donde qued\u00f3 ingresado varios d\u00edas en la UCI con pron\u00f3stico muy grave.<\/p>\n<p>Se lleg\u00f3 a temer por su vida. La forma de la precipitaci\u00f3n fue clave para que hoy Ismael pueda contarlo. Sufri\u00f3 la rotura de la cadera y de un hombro por el impacto contra el suelo. A pesar de ese operativo, el ladr\u00f3n no pudo ser detenido ese d\u00eda.<\/p>\n<p>Este polic\u00eda nacional jubilado, que pertenec\u00eda al \u00e1rea de Seguridad Ciudadana, resta importancia a su heroica acci\u00f3n y la califica de un \u00abaccidente laboral en acto de servicio\u00bb, seg\u00fan declaraciones a LA RAZ\u00d3N. Sin duda, esta intervenci\u00f3n le dej\u00f3 <b>\u00ablesiones de car\u00e1cter grave\u00bb <\/b>cuando ten\u00edan tan solo 35 a\u00f1os y una larga proyecci\u00f3n en la Polic\u00eda.<\/p>\n<p>\u00abComo consecuencia directa de dicho accidente, y tras un largo proceso m\u00e9dico, pericial y administrativo, se me reconocieron <b>secuelas permanentes <\/b>que limitan de manera significativa mi capacidad funcional para el desempe\u00f1o de las tareas propias del cargo\u00bb, afirma. Fueron meses de operaciones y de mucha rehabilitaci\u00f3n para al menos recuperar una parte de su vida.<\/p>\n<p>Una resoluci\u00f3n administrativa certific\u00f3 su jubilaci\u00f3n por <b>\u00abincapacidad permanente\u00bb<\/b> y se le reconoci\u00f3 que fue en acto de servicio. Una de las alegr\u00edas que tuvo en este complicado camino fue cuando le prometieron la medalla al m\u00e9rito policial con distintivo rojo, una de las m\u00e1s cotizadas dentro de la instituci\u00f3n.<\/p>\n<p>De recibir una invitaci\u00f3n a no estar en la lista<\/p>\n<p>Ismael, junto con un compa\u00f1ero que tambi\u00e9n result\u00f3 herido en la frontera, iba a ser uno de los agraciados a recibir este premio en 2018. Los d\u00edas pasaban y no hab\u00eda noticia que alterase esta decisi\u00f3n. Este agente lleg\u00f3 a recibir las invitaciones al acto para que le acompa\u00f1aran sus familiares a la gala.<\/p>\n<p>Con todo preparado, y como se dice con el traje de gala desempolvado, su sindicato, el Sindicato Unificado de Polic\u00eda (SUP), le comunic\u00f3 que se hab\u00edan publicado la lista de condecorados y no figuraba su nombre. Nadie le supo decir qu\u00e9 hab\u00eda pasado.<\/p>\n<p>\u00abA pesar del car\u00e1cter profesional del accidente y de las secuelas permanentes derivadas del mismo, hasta la fecha no me ha sido concedida la Medalla Roja al M\u00e9rito Policial, distinci\u00f3n destinada a reconocer actos de servicio en los que se produzcan lesiones graves o consecuencias permanentes como las aqu\u00ed descritas\u00bb, remarca en declaraciones a este medio. La lucha por este reconocimiento sigue vigente.<\/p>\n<p>\u00bfPor qu\u00e9 se le neg\u00f3 aquella medalla cuando<b> todos estaban a favor de la misma <\/b>e incluso hoy sigue siendo respaldada?. Una pregunta que sigue en el aire y que a\u00fan no ha recibido respuesta. Y es que el apoyo a Ismael ha sido un\u00e1nime. El SUP le premi\u00f3 en su asamblea nacional con el <b>\u00abGiraldillo\u00bb. <\/b>Este reconocimiento es el m\u00e1s alto que entrega el sindicato a la labor policial.<\/p>\n<p>\u00abDesconozco totalmente lo que pas\u00f3. Yo nunca tuve noticias,<b> nunca me llamaron<\/b>. Al mes siguiente me avisaron de Personal para entregarme mis cosas, ya que pas\u00e9 a jubilado, pero nunca me dieron una raz\u00f3n. Las personas o la persona que creo que fueron las part\u00edcipes de eso est\u00e1n donde tienen que estar, en Madrid o donde sea\u00bb, explica este polic\u00eda jubilado.<\/p>\n<p>Jubilado con 35 a\u00f1os<\/p>\n<p>Derdabi siempre ha agradecido al SUP todo su apoyo. Un sindicato al que sigue vinculado con <b>tareas de asesoramiento<\/b>. Precisamente, esta entidad subraya que pelear\u00e1 para que la labor de Ismael sea reconocida, ya que a\u00fan queda tiempo al no haberse cumplido el plazo m\u00e1ximo permitido. Este periodo es de una d\u00e9cada y a\u00fan tienen dos a\u00f1os para plantar batalla.<\/p>\n<p>El distintivo rojo en la Polic\u00eda Nacional es la m\u00e1xima condecoraci\u00f3n por actos de valor, para aquellos que han puesto en riesgo sus vidas por el servicio. Se otorga por acciones como ser<b> herido en servicio (con excepciones) <\/b>o por tres o m\u00e1s servicios donde haya habido agresi\u00f3n con armas. Tambi\u00e9n se puede premiar una conducta destacada que merezca una recompensa especial por actos extraordinarios con riesgo personal.<\/p>\n<p>La condecoraci\u00f3n est\u00e1 aparejada a una pensi\u00f3n, por lo que se puede entender que es un<b> beneficio que los agentes reciben tras jubilarse<\/b> y por las acciones realizadas en servicio. Una ilusi\u00f3n y una promesa que lleva esperando Ismael m\u00e1s de ocho a\u00f1os.<\/p>\n","protected":false},"excerpt":{"rendered":"Ismael Debabi persegu\u00eda a un ladr\u00f3n cuando se precipit\u00f3 desde el techo de un colegio en Ceuta en&hellip;\n","protected":false},"author":2,"featured_media":240067,"comment_status":"","ping_status":"","sticky":false,"template":"","format":"standard","meta":{"footnotes":""},"categories":[274],"tags":[168,25,24,23,167,327,326],"class_list":{"0":"post-240066","1":"post","2":"type-post","3":"status-publish","4":"format-standard","5":"has-post-thumbnail","7":"category-tenis","8":"tag-deportes","9":"tag-es","10":"tag-espana","11":"tag-spain","12":"tag-sports","13":"tag-tenis","14":"tag-tennis"},"share_on_mastodon":{"url":"https:\/\/pubeurope.com\/@es\/115562486370698728","error":""},"_links":{"self":[{"href":"https:\/\/www.europesays.com\/es\/wp-json\/wp\/v2\/posts\/240066","targetHints":{"allow":["GET"]}}],"collection":[{"href":"https:\/\/www.europesays.com\/es\/wp-json\/wp\/v2\/posts"}],"about":[{"href":"https:\/\/www.europesays.com\/es\/wp-json\/wp\/v2\/types\/post"}],"author":[{"embeddable":true,"href":"https:\/\/www.europesays.com\/es\/wp-json\/wp\/v2\/users\/2"}],"replies":[{"embeddable":true,"href":"https:\/\/www.europesays.com\/es\/wp-json\/wp\/v2\/comments?post=240066"}],"version-history":[{"count":0,"href":"https:\/\/www.europesays.com\/es\/wp-json\/wp\/v2\/posts\/240066\/revisions"}],"wp:featuredmedia":[{"embeddable":true,"href":"https:\/\/www.europesays.com\/es\/wp-json\/wp\/v2\/media\/240067"}],"wp:attachment":[{"href":"https:\/\/www.europesays.com\/es\/wp-json\/wp\/v2\/media?parent=240066"}],"wp:term":[{"taxonomy":"category","embeddable":true,"href":"https:\/\/www.europesays.com\/es\/wp-json\/wp\/v2\/categories?post=240066"},{"taxonomy":"post_tag","embeddable":true,"href":"https:\/\/www.europesays.com\/es\/wp-json\/wp\/v2\/tags?post=240066"}],"curies":[{"name":"wp","href":"https:\/\/api.w.org\/{rel}","templated":true}]}}