{"id":240080,"date":"2025-11-17T01:50:12","date_gmt":"2025-11-17T01:50:12","guid":{"rendered":"https:\/\/www.europesays.com\/es\/240080\/"},"modified":"2025-11-17T01:50:12","modified_gmt":"2025-11-17T01:50:12","slug":"el-impacto-va-a-ser-tremendo","status":"publish","type":"post","link":"https:\/\/www.europesays.com\/es\/240080\/","title":{"rendered":"El impacto va a ser tremendo"},"content":{"rendered":"<p class=\"paragraph\" id=\"paragraph_2\">Este 17 de noviembre se celebra el D\u00eda Mundial contra el C\u00e1ncer de Pulm\u00f3n y los onc\u00f3logos espa\u00f1oles avisan: mientras la incidencia baja en los hombres, sube en las mujeres, tambi\u00e9n en las no fumadoras, y en menores de 50 a\u00f1os.<\/p>\n<p class=\"paragraph\" id=\"paragraph_3\">\u00abSomos el pa\u00eds europeo en que m\u00e1s ha aumentado este tumor en mujeres en los \u00faltimos a\u00f1os\u00bb, advierte <strong>Bartomeu Massut\u00ed<\/strong>, jefe de Oncolog\u00eda del Hospital General de Alicante y secretario del Grupo Espa\u00f1ol de C\u00e1ncer de Pulm\u00f3n.<\/p>\n<p class=\"paragraph\" id=\"paragraph_4\">\u00abEsto se debe a que las mujeres se incorporaron m\u00e1s tarde al h\u00e1bito tab\u00e1quico aqu\u00ed que en otros pa\u00edses europeos, y se ve en c\u00f3mo han cambiado las curvas de incidencia y mortalidad a los 20 o 30 a\u00f1os\u00bb.<\/p>\n<p class=\"paragraph\" id=\"paragraph_5\">Aunque tres de cada cuatro c\u00e1nceres de pulm\u00f3n diagnosticados en nuestro pa\u00eds siguen siendo hombres, la distancia lleva a\u00f1os estrech\u00e1ndose.<\/p>\n<p><img loading=\"lazy\" decoding=\"async\" alt=\"Las muertes por c\u00e1ncer de pulm\u00f3n en Espa\u00f1a en mujeres se disparan.\" height=\"180\" src=\"https:\/\/www.europesays.com\/es\/wp-content\/uploads\/2025\/11\/793681430_235970122_320x180.jpg\" width=\"320\" data-lazy-status=\"processed\" data-lazy-info=\"remove loading item 1\"\/><\/p>\n<p class=\"paragraph\" id=\"paragraph_6\">Que hubiera cada vez m\u00e1s mujeres fumadoras ha impactado tambi\u00e9n en aquellas que no lo son por la exposici\u00f3n al humo de tabaco.<\/p>\n<p class=\"paragraph\" id=\"paragraph_7\">\u00abSi el tabaco es el principal factor de riesgo para el c\u00e1ncer de pulm\u00f3n, el segundo es el tabaquismo pasivo\u00bb, advierte Massut\u00ed.<\/p>\n<p class=\"paragraph\" id=\"paragraph_8\">Aunque no hay datos concretos del aumento en no fumadoras, en los \u00faltimos a\u00f1os la incidencia del tumor en mujeres ha crecido un 21%, mientras que en los hombres ha disminuido un 2%.<\/p>\n<p class=\"paragraph\" id=\"paragraph_9\">El Instituto Nacional de Estad\u00edstica registr\u00f3 un total de 23.239 muertes por c\u00e1ncer de pulm\u00f3n en 2024, un 1,9% m\u00e1s que el a\u00f1o anterior.<\/p>\n<p class=\"paragraph\" id=\"paragraph_10\">De ellas, 6.679 corresponden a mujeres. En este caso, el crecimiento interanual ha sido del 7%.<\/p>\n<p><img decoding=\"async\" alt=\"El c\u00e1ncer colorrectal ser\u00e1 el m\u00e1s diagnosticado en nuestro pa\u00eds, con 44.294 casos en 2024.\" height=\"180\" loading=\"lazy\" width=\"320\" data-lazy-status=\"processed\" id=\"9dab9387f3\" src=\"https:\/\/www.elespanol.com\/ciencia\/salud\/20251117\/cancer-pulmon-espana-crece-jovenes-mujeres-no-fumadoras-impacto-va-tremendo\/[\" https:=\"\" data-lazy-info=\"changed src\"\/><\/p>\n<p class=\"paragraph\" id=\"paragraph_11\">El Grupo Espa\u00f1ol de C\u00e1ncer de Pulm\u00f3n mantiene un registro de m\u00e1s de 40.000 pacientes, lo que permite trazar una panor\u00e1mica de la realidad de esta enfermedad en nuestro pa\u00eds.<\/p>\n<p class=\"paragraph\" id=\"paragraph_12\">Uno de cada tres casos se diagnostica en personas de entre 60 y 70 a\u00f1os, mientras que el 28% se da entre los 70 y los 80 a\u00f1os.<\/p>\n<p class=\"paragraph\" id=\"paragraph_13\">Aunque solo un 5% tiene menos de 50 a\u00f1os, los onc\u00f3logos advierten de que esta cifra est\u00e1 subiendo, y es un fen\u00f3meno que no se circunscribe \u00fanicamente a Espa\u00f1a.<\/p>\n<p class=\"paragraph\" id=\"paragraph_14\">\u00abSe observa en todos los pa\u00edses occidentales\u00bb, apunta Massut\u00ed, que reconoce que es un asunto que se est\u00e1 investigando en la actualidad y cuyas causas no est\u00e1n determinadas por completo.<\/p>\n<p class=\"paragraph\" id=\"paragraph_15\">Pero s\u00ed se sabe que \u00abhay una interacci\u00f3n entre determinados genes y cuestiones ambientales m\u00e1s all\u00e1 del humo del tabaco, como la <a href=\"https:\/\/www.elespanol.com\/ciencia\/salud\/20250218\/contaminacion-causa-casos-cancer-pulmon-mundo-espana\/924908009_0.html?utm_cmp_rs=linksinline\" rel=\"nofollow noopener\" target=\"_blank\">combusti\u00f3n de hidrocarburos<\/a> s\u00f3lidos o la exposici\u00f3n a rad\u00f3n\u00bb.<\/p>\n<p><img decoding=\"async\" alt=\"Cu\u00e1nto vale una vida: 1.600 millones por 'salvar' hasta 5.500 c\u00e1nceres de pulm\u00f3n al a\u00f1o, seg\u00fan un informe espa\u00f1ol\" height=\"180\" loading=\"lazy\" width=\"320\" data-lazy-status=\"processed\" id=\"5e84a4c2a1\" src=\"https:\/\/www.elespanol.com\/ciencia\/salud\/20251117\/cancer-pulmon-espana-crece-jovenes-mujeres-no-fumadoras-impacto-va-tremendo\/[\" https:=\"\" data-lazy-info=\"changed src\"\/><\/p>\n<p class=\"paragraph\" id=\"paragraph_16\">El onc\u00f3logo advierte de que, con la tendencia actual, \u00abel impacto socioecon\u00f3mico del c\u00e1ncer de pulm\u00f3n va a ser tremendo: en los pr\u00f3ximos 20 o 30 a\u00f1os fallecer\u00e1n medio mill\u00f3n de espa\u00f1oles por el tumor\u00bb.<\/p>\n<p class=\"paragraph\" id=\"paragraph_17\">Dentro de las malas noticias, hay un punto positivo: mientras que el 20% de los pacientes totales presentan alteraciones gen\u00f3micas que permiten atacar el tumor con tratamientos dirigidos, la proporci\u00f3n es mayor en no fumadoras y j\u00f3venes.<\/p>\n<p class=\"paragraph\" id=\"paragraph_18\">\u00abTienen m\u00e1s posibilidades de tratamiento\u00bb, se\u00f1ala. Adem\u00e1s, la supervivencia a cinco a\u00f1os, en general, est\u00e1 aumentando por la mayor disponibilidad de terapias, \u00abque consiguen, adem\u00e1s, una mejor calidad de vida\u00bb.<\/p>\n<p>Diagn\u00f3sticos tard\u00edos<\/p>\n<p class=\"paragraph\" id=\"paragraph_19\">Por otro lado, nuevas estrategias de tratamiento, como el uso de quimio e inmunoterapia previo a la intervenci\u00f3n quir\u00fargica, est\u00e1 dando prometedores resultados. \u00abLogran mayores tasas de curaci\u00f3n\u00bb.<\/p>\n<p class=\"paragraph\" id=\"paragraph_20\">La cuenta pendiente es el diagn\u00f3stico. Seg\u00fan los datos del registro espa\u00f1ol de tumores tor\u00e1cicos, el 56% se detecta ya en estadios avanzados y metast\u00e1sicos, frente a un 34% de estadios localmente avanzados (el tumor se ha diseminado a tejidos cercanos).<\/p>\n<p class=\"paragraph\" id=\"paragraph_21\">Solo el 10% de los c\u00e1nceres de pulm\u00f3n se diagnostica en estadios iniciales, cuando la enfermedad es potencialmente curable.<\/p>\n<p class=\"paragraph\" id=\"paragraph_22\">En la actualidad hay un amplio debate sobre la conveniencia de implantar el <a href=\"https:\/\/www.elespanol.com\/ciencia\/salud\/20251017\/vale-vida-millones-salvar-canceres-pulmon-ano-informe-espanol\/1003743972768_0.html?utm_cmp_rs=linksinline\" rel=\"nofollow noopener\" target=\"_blank\">cribado poblacional del c\u00e1ncer de pulm\u00f3n<\/a>.<\/p>\n<p class=\"paragraph\" id=\"paragraph_23\">Mediante un TAC de baja dosis anual en personas que hayan consumido un paquete de tabaco diario durante 20 a\u00f1os, se podr\u00eda adelantar el diagn\u00f3stico y aumentar la detecci\u00f3n en estadios tempranos.<\/p>\n<p><img decoding=\"async\" alt=\"Qu\u00e9 es el cribado de c\u00e1ncer de pulm\u00f3n y por qu\u00e9 ning\u00fan pa\u00eds en Europa lo implanta a\u00fan: las claves\" height=\"180\" loading=\"lazy\" width=\"320\" data-lazy-status=\"processed\" id=\"f60ab1d236\" src=\"https:\/\/www.elespanol.com\/ciencia\/salud\/20251117\/cancer-pulmon-espana-crece-jovenes-mujeres-no-fumadoras-impacto-va-tremendo\/[\" https:=\"\" data-lazy-info=\"changed src\"\/><\/p>\n<p class=\"paragraph\" id=\"paragraph_24\">Massut\u00ed lamenta que las administraciones no est\u00e9n prestando atenci\u00f3n a proyectos como Cassandra, que analizan la viabilidad de implantar este cribado en Espa\u00f1a.<\/p>\n<p class=\"paragraph\" id=\"paragraph_25\">\u00abNi est\u00e1 reconocido por el Sistema Nacional de Salud ni financiado por las autonom\u00edas\u00bb.<\/p>\n<p class=\"paragraph\" id=\"paragraph_26\">La otra cuenta pendiente es, claro est\u00e1, el tabaquismo. Solo un 11% de los pacientes incluidos en el registro de tumores tor\u00e1cicos no hab\u00edan fumado nunca: el 40,9% eran fumadores activos y el 46,4% exfumadores.<\/p>\n<p class=\"paragraph\" id=\"paragraph_27\">El consumo de tabaco lleva disminuyendo d\u00e9cadas, el jefe de Oncolog\u00eda del Hospital General de Alicante advierte que \u00abhay un problema porque las nuevas formas de consumo [el vapeo, principalmente] no son seguras\u00bb.<\/p>\n","protected":false},"excerpt":{"rendered":"Este 17 de noviembre se celebra el D\u00eda Mundial contra el C\u00e1ncer de Pulm\u00f3n y los onc\u00f3logos espa\u00f1oles&hellip;\n","protected":false},"author":2,"featured_media":240081,"comment_status":"","ping_status":"","sticky":false,"template":"","format":"standard","meta":{"footnotes":""},"categories":[92],"tags":[1066,25,24,165,44754,166,23],"class_list":{"0":"post-240080","1":"post","2":"type-post","3":"status-publish","4":"format-standard","5":"has-post-thumbnail","7":"category-salud","8":"tag-cancer","9":"tag-es","10":"tag-espana","11":"tag-health","12":"tag-oncologia-medica","13":"tag-salud","14":"tag-spain"},"share_on_mastodon":{"url":"https:\/\/pubeurope.com\/@es\/115562533975914581","error":""},"_links":{"self":[{"href":"https:\/\/www.europesays.com\/es\/wp-json\/wp\/v2\/posts\/240080","targetHints":{"allow":["GET"]}}],"collection":[{"href":"https:\/\/www.europesays.com\/es\/wp-json\/wp\/v2\/posts"}],"about":[{"href":"https:\/\/www.europesays.com\/es\/wp-json\/wp\/v2\/types\/post"}],"author":[{"embeddable":true,"href":"https:\/\/www.europesays.com\/es\/wp-json\/wp\/v2\/users\/2"}],"replies":[{"embeddable":true,"href":"https:\/\/www.europesays.com\/es\/wp-json\/wp\/v2\/comments?post=240080"}],"version-history":[{"count":0,"href":"https:\/\/www.europesays.com\/es\/wp-json\/wp\/v2\/posts\/240080\/revisions"}],"wp:featuredmedia":[{"embeddable":true,"href":"https:\/\/www.europesays.com\/es\/wp-json\/wp\/v2\/media\/240081"}],"wp:attachment":[{"href":"https:\/\/www.europesays.com\/es\/wp-json\/wp\/v2\/media?parent=240080"}],"wp:term":[{"taxonomy":"category","embeddable":true,"href":"https:\/\/www.europesays.com\/es\/wp-json\/wp\/v2\/categories?post=240080"},{"taxonomy":"post_tag","embeddable":true,"href":"https:\/\/www.europesays.com\/es\/wp-json\/wp\/v2\/tags?post=240080"}],"curies":[{"name":"wp","href":"https:\/\/api.w.org\/{rel}","templated":true}]}}