{"id":240084,"date":"2025-11-17T01:52:12","date_gmt":"2025-11-17T01:52:12","guid":{"rendered":"https:\/\/www.europesays.com\/es\/240084\/"},"modified":"2025-11-17T01:52:12","modified_gmt":"2025-11-17T01:52:12","slug":"la-caida-de-the-walking-dead-fue-este-episodio-clave-que-cambio-el-rumbo-de-la-serie-para-siempre","status":"publish","type":"post","link":"https:\/\/www.europesays.com\/es\/240084\/","title":{"rendered":"La ca\u00edda de The Walking Dead fue este episodio clave que cambi\u00f3 el rumbo de la serie para siempre"},"content":{"rendered":"<p>El declive de la ic\u00f3nica serie The Walking Dead comenz\u00f3 en un momento clave mucho antes de lo que la mayor\u00eda recuerda<\/p>\n<p><img decoding=\"async\" fetchpriority=\"high\" width=\"768\" height=\"432\" alt=\"La ca\u00edda de The Walking Dead fue este episodio clave que cambi\u00f3 el rumbo de la serie para siempre\" src=\"https:\/\/www.europesays.com\/es\/wp-content\/uploads\/2025\/11\/series-the-walking-dead-amc.jpg\"\/> Interpretado por Andrew Lincoln, Rick Grimes fue el coraz\u00f3n emocional de The Walking Dead<\/p>\n<p>\u00danete a la conversaci\u00f3n<\/p>\n<p><strong>La reputaci\u00f3n de The Walking Dead<\/strong> como una de <a href=\"https:\/\/andro4all.com\/series\/series-apocalipsis-desastres-hbo-max-recomendaciones\" rel=\"nofollow noopener\" target=\"_blank\">las mejores series de supervivencia<\/a> de la televisi\u00f3n es indiscutible, pero tambi\u00e9n est\u00e1 ampliamente aceptado que <strong>la producci\u00f3n comenz\u00f3 a caer<\/strong> en cuanto a calidad en sus \u00faltimas temporadas. Si bien es cierto que mejor\u00f3 de cara a la recta final que prepar\u00f3 lo que vino despu\u00e9s, un conjunto de episodios entre la sexta y octava temporada provoc\u00f3 que <strong>muchos seguidores terminasen por abandonarla<\/strong>.<\/p>\n<p>El inicio del declive de The Walking Dead<\/p>\n<p>Es posible que <strong>varios episodios de The Walking Dead<\/strong> provocaron que los espectadores la dejaran atr\u00e1s, pero si se analiza con detenimiento, se puede identificar un momento clave que marc\u00f3 <strong>el inicio de su declive<\/strong>. La realidad es que este episodio transform\u00f3 definitivamente al protagonista, <strong>Rick Grimes<\/strong>, en un personaje distinto, menos comprensible y con el que <strong>resultaba m\u00e1s dif\u00edcil empatizar<\/strong>.<\/p>\n<p>Una vez que <strong>Rick Grimes<\/strong> presenci\u00f3 <strong>una serie de desgracias<\/strong> que lo afectaron profundamente, la percepci\u00f3n del grupo cambi\u00f3 para siempre. Aunque ser\u00eda injusto considerarlo un episodio terrible de una serie que en su momento fue grandiosa, \u00ab<strong>Not Tomorrow Yet<\/strong>\u00bb marc\u00f3 un punto de inflexi\u00f3n y puso fin de manera definitiva a <a href=\"https:\/\/es.ign.com\/the-walking-dead-tv\/222312\/news\/si-te-gusta-the-walking-dead-las-nuevas-declaraciones-del-productor-ejecutivo-de-la-serie-son-musica\" rel=\"noopener nofollow\" target=\"_blank\">la \u00e9poca dorada de The Walking Dead<\/a> de una manera bastante clara.<\/p>\n<p>Avanzada la sexta temporada, la serie <strong>lleg\u00f3 a un punto sin retorno<\/strong>, llevando nuestra simpat\u00eda por su personaje principal m\u00e1s all\u00e1 de los l\u00edmites que cualquiera podr\u00eda estar dispuesto a tolerar. Si bien algunos espectadores pueden se\u00f1alar el estreno de la s\u00e9ptima temporada como <strong>el inicio del fin de la serie<\/strong>, <strong>The Walking Dead<\/strong> realmente <strong>empez\u00f3 a decaer con \u00abNot Tomorrow Yet\u00bb<\/strong>.<\/p>\n<p>Dicho esto, pese a lo que la mayor\u00eda podr\u00eda llegar a creer, <strong>la muerte de Glenn Rhee<\/strong> no alter\u00f3 significativamente la trayectoria de la serie, por m\u00e1s irritantes que fueran algunos giros argumentales vinculados a esta cuesti\u00f3n. Por otro lado, la forma en que <strong>Rick Grimes<\/strong> se comport\u00f3 en este episodio fue <strong>una traici\u00f3n a su esencia como personaje<\/strong>.<\/p>\n<p>Por eso, todo cambi\u00f3 cuando el protagonista de la serie decidi\u00f3 <strong>atacar preventivamente a los Salvadores<\/strong>, justificando su decisi\u00f3n con la ic\u00f3nica frase: \u00ab<strong>This is how we eat<\/strong>\u00ab. No obstante, nada de lo que ocurri\u00f3 en los episodios anteriores hab\u00eda preparado el terreno para esta dr\u00e1stica decisi\u00f3n. De hecho, <strong>Morgan Jones<\/strong> propuso <strong>una alternativa menos violenta<\/strong> y, sobre todo, m\u00e1s sensata. Sin embargo, <strong>Rick Grimes se impuso al inter\u00e9s<\/strong> del grupo bajo la falsa apariencia de un debate democr\u00e1tico.<\/p>\n<p>Este episodio le arrebat\u00f3 para siempre <strong>la humanidad a Rick Grimes<\/strong>, as\u00ed que las cosas solo empeoraron mucho m\u00e1s en <strong>The Walking Dead<\/strong> a partir de ese momento. La serie sigui\u00f3 decayendo tras esto, llegando a <strong>un cl\u00edmax que se resolvi\u00f3<\/strong> con la muerte brutal de un querido personaje al comienzo de la ic\u00f3nica s\u00e9ptima temporada. A partir de ah\u00ed, <strong>The Walking Dead<\/strong> se convirti\u00f3 en <strong>una sucesi\u00f3n de inconsistencias<\/strong> en el guion, cambios desacertados y un ritmo narrativo demasiado lento. <strong>El da\u00f1o ya se hab\u00eda provocado<\/strong>.<\/p>\n<p>\u00danete a la conversaci\u00f3n<\/p>\n","protected":false},"excerpt":{"rendered":"El declive de la ic\u00f3nica serie The Walking Dead comenz\u00f3 en un momento clave mucho antes de lo&hellip;\n","protected":false},"author":2,"featured_media":240085,"comment_status":"","ping_status":"","sticky":false,"template":"","format":"standard","meta":{"footnotes":""},"categories":[81],"tags":[119,123,124,25,24,117,121,122,23,118,120],"class_list":{"0":"post-240084","1":"post","2":"type-post","3":"status-publish","4":"format-standard","5":"has-post-thumbnail","7":"category-ciencia-y-tecnologia","8":"tag-ciencia","9":"tag-ciencia-y-tecnologia","10":"tag-cienciaytecnologia","11":"tag-es","12":"tag-espana","13":"tag-science","14":"tag-science-and-technology","15":"tag-scienceandtechnology","16":"tag-spain","17":"tag-technology","18":"tag-tecnologia"},"share_on_mastodon":{"url":"https:\/\/pubeurope.com\/@es\/115562541535167351","error":""},"_links":{"self":[{"href":"https:\/\/www.europesays.com\/es\/wp-json\/wp\/v2\/posts\/240084","targetHints":{"allow":["GET"]}}],"collection":[{"href":"https:\/\/www.europesays.com\/es\/wp-json\/wp\/v2\/posts"}],"about":[{"href":"https:\/\/www.europesays.com\/es\/wp-json\/wp\/v2\/types\/post"}],"author":[{"embeddable":true,"href":"https:\/\/www.europesays.com\/es\/wp-json\/wp\/v2\/users\/2"}],"replies":[{"embeddable":true,"href":"https:\/\/www.europesays.com\/es\/wp-json\/wp\/v2\/comments?post=240084"}],"version-history":[{"count":0,"href":"https:\/\/www.europesays.com\/es\/wp-json\/wp\/v2\/posts\/240084\/revisions"}],"wp:featuredmedia":[{"embeddable":true,"href":"https:\/\/www.europesays.com\/es\/wp-json\/wp\/v2\/media\/240085"}],"wp:attachment":[{"href":"https:\/\/www.europesays.com\/es\/wp-json\/wp\/v2\/media?parent=240084"}],"wp:term":[{"taxonomy":"category","embeddable":true,"href":"https:\/\/www.europesays.com\/es\/wp-json\/wp\/v2\/categories?post=240084"},{"taxonomy":"post_tag","embeddable":true,"href":"https:\/\/www.europesays.com\/es\/wp-json\/wp\/v2\/tags?post=240084"}],"curies":[{"name":"wp","href":"https:\/\/api.w.org\/{rel}","templated":true}]}}