{"id":240086,"date":"2025-11-17T01:53:09","date_gmt":"2025-11-17T01:53:09","guid":{"rendered":"https:\/\/www.europesays.com\/es\/240086\/"},"modified":"2025-11-17T01:53:09","modified_gmt":"2025-11-17T01:53:09","slug":"verifactu-quien-gana-en-la-cuenta-atras-de-la-factura-electronica-expansion","status":"publish","type":"post","link":"https:\/\/www.europesays.com\/es\/240086\/","title":{"rendered":"Verifactu: qui\u00e9n gana en la cuenta atr\u00e1s de la factura electr\u00f3nica &#8211; Expansi\u00f3n"},"content":{"rendered":"<ol>\n<li><a href=\"https:\/\/news.google.com\/rss\/articles\/CBMiiwFBVV95cUxNTXJnZC1fX1hEQ3NZX2JMa0ptLTk3Zk4yX2RybjJGSVI0U1IwTjZrUUJoRTJJTXlObWR3N0Rlc0JHenRFeF9XcHVURURqMkdLNFcxcno1b2RzVl9xQlUzVHN3d0NqTlhSeVBobkxaa3VRQ29NY2VWUDVTdGhOV3JCci03SVZ1M000bEMw0gGLAUFVX3lxTE54UWhDcVRuSGpLeUpqXzlUcFlkRHB2Q05TMmx2OWd5dVBhcDB3bTlzbUI4TmM4VFhhbDVubFVaUk41ME5MaEluZXJBaGhDc09iLXRhQkJuYWdpbkZuNlVrS0c0QWdWeEttMXVNRlpzSG9XUG1ja25NelRlQlRDRW5hTG4tT0FHY0VrVWc?oc=5\" target=\"_blank\" rel=\"nofollow noopener\">Verifactu: qui\u00e9n gana en la cuenta atr\u00e1s de la factura electr\u00f3nica<\/a>&nbsp;&nbsp;Expansi\u00f3n<\/li>\n<li><a href=\"https:\/\/news.google.com\/rss\/articles\/CBMixAFBVV95cUxObGJmV1V5czhmNmVONEYxWEhzcTU4VTdVbklEbXR4RlBwUGZoWF9YeEVWSTVYUGxxRi11VGNCQUMwVW9ZZHdHM001cmVkbzFFUU5Hel9IM0VYUjVsc3NYbkMxNWRSZjBXWHFkd3VvTGNZVk9OaHZKbmxYX0dTdlBLVDN4Z2YtRHBPTmg0RDltdDFGRlZoZ3QyS1BQREY5VmZENlVLdFZ3RnV5enZTaDRKMHNaQU1tR0w0ZExsWnE3SGVQQXJV?oc=5\" target=\"_blank\" rel=\"nofollow noopener\">Verifactu ya est\u00e1 aqu\u00ed: qu\u00e9 exige el nuevo reglamento y c\u00f3mo prepararse<\/a>&nbsp;&nbsp;La Voz de Galicia<\/li>\n<li><a href=\"https:\/\/news.google.com\/rss\/articles\/CBMixgFBVV95cUxNTEtodlJZRlVhSGlYSlhrSV9ONjRGaTRhRGVVbm5QRDdrR1BqZW93b1pNMHhpZ2taY2IxTlp1aFNCUUw2dWJkbS1La25aRzJqTmdhaVEwbHY2Tml6Tkc0RGdUN3pjSG9JTzRSMnBidFY2YmRmdXJlZkE2cklnV1lGY2gxWUtwa0lyNVRKc1kwTGZSWjh0d1hfNmhkOFQ0YUFnQkkxUTRjVWU3c0JUMmhELXJfVXN3V29yX0NORFM2cnZXWVJlWVE?oc=5\" target=\"_blank\" rel=\"nofollow noopener\">Ni un euro, ni una app: as\u00ed voy a hacer mis facturas Verifactu desde el Mac con la herramienta oficial y gratuita de Hacienda<\/a>&nbsp;&nbsp;Applesfera<\/li>\n<li><a href=\"https:\/\/news.google.com\/rss\/articles\/CBMi3gFBVV95cUxOZ1Q1U2pOdkNtVXNRWmxEaG1pMmFNdDFWN2hFZF9DS2d0ODRUZW5qWHdmS3lsZFNZUFd3TnpES01TSk5iNHktdml0c041a3JhLWNzTmpYWTRYQWlEWU1kdUlYcVJuT3BUUmdpRHFrZnpvYmk2RnJQYlNnSmtMeFlkaUFJZnMyeFFYc0k5S09KV0xXRmlrZko1aFJLWHQxd1BmTEdHSUZ6RlJtZnljbjlGMlg0SEVnSGFMOHdhOEdDYlUzLThRWEtYTGJSRkZKU0RYQzFoNlhncU5HbFMtcFE?oc=5\" target=\"_blank\" rel=\"nofollow noopener\">Aut\u00f3nomos en alerta: qui\u00e9nes quedar\u00e1n fuera del sistema &#8216;Verifactu&#8217; y qu\u00e9 debes saber sobre la nueva factura<\/a>&nbsp;&nbsp;Vozp\u00f3puli<\/li>\n<li><a href=\"https:\/\/news.google.com\/rss\/articles\/CBMizgFBVV95cUxQV052OFB6NFlYaFJRLXRkZXBSLWZHSXZ4UnZaWmphQWFhX2w0VWpvNG9OcHB1UVI5clpiUDdKNWdFbGNiMmYzdTZjQ21nWmk4MmdLRHVXVmd6aHlfM2MxQTFIYndBMTFkVld1Ykp0Y0c0RXZyZTZFVzdnS0xJYml3RW5KUmYycklwSThuYmlNb2l6aVpreWRiZThKRGxrZjlxTUd0MzZSOGlXT0xRN0pST1V1U1VNVlA4WHc4ZFpxQkxYQ1Ruc1ZnX0tGbXZOQQ?oc=5\" target=\"_blank\" rel=\"nofollow noopener\">La implantaci\u00f3n de Verifactu sobresalta a peque\u00f1as empresas y aut\u00f3nomos de Lugo<\/a>&nbsp;&nbsp;El Progreso de Lugo<\/li>\n<\/ol>\n","protected":false},"excerpt":{"rendered":"Verifactu: qui\u00e9n gana en la cuenta atr\u00e1s de la factura electr\u00f3nica&nbsp;&nbsp;Expansi\u00f3n Verifactu ya est\u00e1 aqu\u00ed: qu\u00e9 exige el&hellip;\n","protected":false},"author":2,"featured_media":240087,"comment_status":"","ping_status":"","sticky":false,"template":"","format":"standard","meta":{"footnotes":""},"categories":[80],"tags":[82,95,94,5509,25,24,61904,23,55734],"class_list":{"0":"post-240086","1":"post","2":"type-post","3":"status-publish","4":"format-standard","5":"has-post-thumbnail","7":"category-economia","8":"tag-business","9":"tag-economia","10":"tag-economy","11":"tag-empleo","12":"tag-es","13":"tag-espana","14":"tag-expansion-empleo","15":"tag-spain","16":"tag-startup"},"share_on_mastodon":{"url":"https:\/\/pubeurope.com\/@es\/115562545470302504","error":""},"_links":{"self":[{"href":"https:\/\/www.europesays.com\/es\/wp-json\/wp\/v2\/posts\/240086","targetHints":{"allow":["GET"]}}],"collection":[{"href":"https:\/\/www.europesays.com\/es\/wp-json\/wp\/v2\/posts"}],"about":[{"href":"https:\/\/www.europesays.com\/es\/wp-json\/wp\/v2\/types\/post"}],"author":[{"embeddable":true,"href":"https:\/\/www.europesays.com\/es\/wp-json\/wp\/v2\/users\/2"}],"replies":[{"embeddable":true,"href":"https:\/\/www.europesays.com\/es\/wp-json\/wp\/v2\/comments?post=240086"}],"version-history":[{"count":0,"href":"https:\/\/www.europesays.com\/es\/wp-json\/wp\/v2\/posts\/240086\/revisions"}],"wp:featuredmedia":[{"embeddable":true,"href":"https:\/\/www.europesays.com\/es\/wp-json\/wp\/v2\/media\/240087"}],"wp:attachment":[{"href":"https:\/\/www.europesays.com\/es\/wp-json\/wp\/v2\/media?parent=240086"}],"wp:term":[{"taxonomy":"category","embeddable":true,"href":"https:\/\/www.europesays.com\/es\/wp-json\/wp\/v2\/categories?post=240086"},{"taxonomy":"post_tag","embeddable":true,"href":"https:\/\/www.europesays.com\/es\/wp-json\/wp\/v2\/tags?post=240086"}],"curies":[{"name":"wp","href":"https:\/\/api.w.org\/{rel}","templated":true}]}}