{"id":240088,"date":"2025-11-17T01:54:07","date_gmt":"2025-11-17T01:54:07","guid":{"rendered":"https:\/\/www.europesays.com\/es\/240088\/"},"modified":"2025-11-17T01:54:07","modified_gmt":"2025-11-17T01:54:07","slug":"detienen-en-honduras-por-narcotrafico-al-piloto-privado-del-cantante-julion-alvarez","status":"publish","type":"post","link":"https:\/\/www.europesays.com\/es\/240088\/","title":{"rendered":"Detienen en Honduras por narcotr\u00e1fico al piloto privado del cantante Juli\u00f3n \u00c1lvarez"},"content":{"rendered":"<p class=\"c-paragraph\">La Polic\u00eda Nacional de <a href=\"https:\/\/www.20minutos.es\/tags\/lugares\/honduras.html\" title=\"Honduras\" rel=\"nofollow noopener\" target=\"_blank\">Honduras<\/a> detuvo este domingo en el Aeropuerto Internacional Toncont\u00edn, de Tegucigalpa, a un ciudadano mexicano identificado como piloto privado del cantante <b>Juli\u00f3n \u00c1lvarez<\/b>, por \u00abactos preparatorios para el tr\u00e1fico de drogas\u00bb.<\/p>\n<p class=\"c-paragraph\">La captura la realizaron agentes de la Direcci\u00f3n Nacional Policial Antidrogas (DNPA), en coordinaci\u00f3n con la Direcci\u00f3n Nacional de Servicios Policiales Fronterizos (DNSPF), durante <b>un control rutinario de pasajeros <\/b>en la terminal a\u00e9rea, seg\u00fan un comunicado de la Polic\u00eda hondure\u00f1a.<\/p>\n<p class=\"c-paragraph\">El detenido, originario de Guadalajara, Jalisco, manten\u00eda desde el 10 de julio de 2014 una orden de captura vigente emitida por autoridades mexicanas por el delito de<b> \u00abactos preparatorios para el tr\u00e1fico de drogas\u00bb,<\/b> a\u00f1adi\u00f3.<\/p>\n<p class=\"c-paragraph\">En la inspecci\u00f3n le fueron decomisados una tableta electr\u00f3nica, un tel\u00e9fono m\u00f3vil, 3.100 d\u00f3lares, 3.000 pesos mexicanos (equivalentes a 163,89 d\u00f3lares) y<b> un pasaporte a nombre de otra persona.<\/b><\/p>\n<p class=\"c-paragraph\">La Polic\u00eda hondure\u00f1a indic\u00f3 que el aprehendido, cuya identidad no precis\u00f3, es uno de <b>los pilotos privados <\/b>que presta servicio al cantante mexicano Juli\u00f3n \u00c1lvarez, quien ofreci\u00f3 un concierto el s\u00e1bado en Tegucigalpa, la capital del pa\u00eds.<\/p>\n<p class=\"c-paragraph\">El sospechoso ya hab\u00eda sido arrestado el 6 de julio de 2014 en el <b>Aeropuerto Internacional Golos\u00f3n<\/b> de la ciudad caribe\u00f1a de La Ceiba\u00a0\u2014hoy llamado Guillermo Anderson\u2014\u00a0junto a otro piloto, tras intentar despegar una avioneta que, seg\u00fan el informe de entonces, no contaba con la autorizaci\u00f3n de la torre de control.<\/p>\n","protected":false},"excerpt":{"rendered":"La Polic\u00eda Nacional de Honduras detuvo este domingo en el Aeropuerto Internacional Toncont\u00edn, de Tegucigalpa, a un ciudadano&hellip;\n","protected":false},"author":2,"featured_media":240089,"comment_status":"","ping_status":"","sticky":false,"template":"","format":"standard","meta":{"footnotes":""},"categories":[42],"tags":[17,18,13401,13,14,11,25559,61,62,63,64,19,20,7337,9,10,15,16,14725,5043,12,21,22,65,66,67],"class_list":{"0":"post-240088","1":"post","2":"type-post","3":"status-publish","4":"format-standard","5":"has-post-thumbnail","7":"category-internacional","8":"tag-breaking-news","9":"tag-breakingnews","10":"tag-detienen","11":"tag-featured-news","12":"tag-featurednews","13":"tag-headlines","14":"tag-honduras","15":"tag-internacional","16":"tag-international","17":"tag-international-news","18":"tag-internationalnews","19":"tag-latest-news","20":"tag-latestnews","21":"tag-narcotrafico","22":"tag-news","23":"tag-noticias","24":"tag-noticias-destacadas","25":"tag-noticiasdestacadas","26":"tag-piloto","27":"tag-por","28":"tag-titulares","29":"tag-ultimas-noticias","30":"tag-ultimasnoticias","31":"tag-world","32":"tag-world-news","33":"tag-worldnews"},"share_on_mastodon":{"url":"https:\/\/pubeurope.com\/@es\/115562549345810325","error":""},"_links":{"self":[{"href":"https:\/\/www.europesays.com\/es\/wp-json\/wp\/v2\/posts\/240088","targetHints":{"allow":["GET"]}}],"collection":[{"href":"https:\/\/www.europesays.com\/es\/wp-json\/wp\/v2\/posts"}],"about":[{"href":"https:\/\/www.europesays.com\/es\/wp-json\/wp\/v2\/types\/post"}],"author":[{"embeddable":true,"href":"https:\/\/www.europesays.com\/es\/wp-json\/wp\/v2\/users\/2"}],"replies":[{"embeddable":true,"href":"https:\/\/www.europesays.com\/es\/wp-json\/wp\/v2\/comments?post=240088"}],"version-history":[{"count":0,"href":"https:\/\/www.europesays.com\/es\/wp-json\/wp\/v2\/posts\/240088\/revisions"}],"wp:featuredmedia":[{"embeddable":true,"href":"https:\/\/www.europesays.com\/es\/wp-json\/wp\/v2\/media\/240089"}],"wp:attachment":[{"href":"https:\/\/www.europesays.com\/es\/wp-json\/wp\/v2\/media?parent=240088"}],"wp:term":[{"taxonomy":"category","embeddable":true,"href":"https:\/\/www.europesays.com\/es\/wp-json\/wp\/v2\/categories?post=240088"},{"taxonomy":"post_tag","embeddable":true,"href":"https:\/\/www.europesays.com\/es\/wp-json\/wp\/v2\/tags?post=240088"}],"curies":[{"name":"wp","href":"https:\/\/api.w.org\/{rel}","templated":true}]}}