{"id":240090,"date":"2025-11-17T01:55:13","date_gmt":"2025-11-17T01:55:13","guid":{"rendered":"https:\/\/www.europesays.com\/es\/240090\/"},"modified":"2025-11-17T01:55:13","modified_gmt":"2025-11-17T01:55:13","slug":"el-silo-se-incendia-horas-despues-de-resultar-elegido-como-proyecto-ganador-en-los-presupuestos-participativos","status":"publish","type":"post","link":"https:\/\/www.europesays.com\/es\/240090\/","title":{"rendered":"El Silo se incendia horas despu\u00e9s de resultar elegido como proyecto ganador en los presupuestos participativos"},"content":{"rendered":"<p dir=\"ltr\"><b id=\"docs-internal-guid-caf16e65-7fff-ab25-89e0-ed557b4fac5c\">Los hechos se han producido a las tres de esta madrugada. Dos dotaciones de bomberos, una de Daimiel y otra de Ciudad Real tuvieron que intervenir para controlar un fuego avivado por los materiales de madera que albergaba en \u00e9l, seg\u00fan confirm\u00f3 el alcalde de Daimiel Leopoldo Sierra.<\/b><\/p>\n<p><b>Daimiel Noticias. \u2013 <\/b>El Ayuntamiento de Daimiel inspeccionar\u00e1 este lunes con los t\u00e9cnicos El Silo y la zona tras el incendio registrado a las 3:00 horas del domingo y la reactivaci\u00f3n detectada horas despu\u00e9s.<\/p>\n<p>Los desperfectos han ocasionado que el techo de uno de los habit\u00e1culos haya quedado totalmente demolido.<\/p>\n<p>Dos dotaciones, la de Daimiel y otra de Ciudad Real tuvieron que intervenir para sofocar hasta en dos ocasiones el fuego, avivado por lo materiales albergados en su interior, seg\u00fan confirm\u00f3 el alcalde, Leopoldo Sierra.<\/p>\n<p>El primer edil advirti\u00f3 de la \u00abcasualidad que un edificio que ha estado tanto a\u00f1os ah\u00ed, haya sufrido esta noche un acto vand\u00e1lico\u00bb y consider\u00f3 que, de haber unos hechos delictivos detr\u00e1s, \u00abno contribuyen a la convivencia de la sociedad\u201d.<\/p>\n<p>El incendio se ha producido 12 horas despu\u00e9s de conocerse que el proyecto de adecuaci\u00f3n del Silo resultase ganador de los presupuestos participativos con el prop\u00f3sito de la limpieza y mejora de su entorno, como lo present\u00f3 la asociaci\u00f3n cultural Memoria Agr\u00edcola de Daimiel.<\/p>\n<p>De los 1.015 votos, de los cuales 15 fueron declarados nulos, el Silo obtuvo 563 votos, muy por delante del resto (Propuesta de dotaci\u00f3n y renovaci\u00f3n de material para la piscina climatizada [147 votos];\u00a0 Reforma del almac\u00e9n y WC del vel\u00f3dromo municipal [22 votos];\u00a0 Puesta en valor de la Semana Santa [141 votos]; y mejora del Estadio municipal [127 votos]).<\/p>\n<p>El alcalde, Leopoldo Sierra, confirm\u00f3 este domingo que, a falta de la valoraci\u00f3n de los t\u00e9cnicos, el proyecto del Silo continuar\u00e1 adelante.<\/p>\n","protected":false},"excerpt":{"rendered":"Los hechos se han producido a las tres de esta madrugada. Dos dotaciones de bomberos, una de Daimiel&hellip;\n","protected":false},"author":2,"featured_media":240091,"comment_status":"","ping_status":"","sticky":false,"template":"","format":"standard","meta":{"footnotes":""},"categories":[8],"tags":[17,18,3010,25,24,13,14,11,48,19,20,9,10,15,16,33701,61905,23,12,21,22],"class_list":{"0":"post-240090","1":"post","2":"type-post","3":"status-publish","4":"format-standard","5":"has-post-thumbnail","7":"category-espana","8":"tag-breaking-news","9":"tag-breakingnews","10":"tag-daimiel","11":"tag-es","12":"tag-espana","13":"tag-featured-news","14":"tag-featurednews","15":"tag-headlines","16":"tag-incendio","17":"tag-latest-news","18":"tag-latestnews","19":"tag-news","20":"tag-noticias","21":"tag-noticias-destacadas","22":"tag-noticiasdestacadas","23":"tag-presupuestos-participativos","24":"tag-silo","25":"tag-spain","26":"tag-titulares","27":"tag-ultimas-noticias","28":"tag-ultimasnoticias"},"share_on_mastodon":{"url":"https:\/\/pubeurope.com\/@es\/115562553259180677","error":""},"_links":{"self":[{"href":"https:\/\/www.europesays.com\/es\/wp-json\/wp\/v2\/posts\/240090","targetHints":{"allow":["GET"]}}],"collection":[{"href":"https:\/\/www.europesays.com\/es\/wp-json\/wp\/v2\/posts"}],"about":[{"href":"https:\/\/www.europesays.com\/es\/wp-json\/wp\/v2\/types\/post"}],"author":[{"embeddable":true,"href":"https:\/\/www.europesays.com\/es\/wp-json\/wp\/v2\/users\/2"}],"replies":[{"embeddable":true,"href":"https:\/\/www.europesays.com\/es\/wp-json\/wp\/v2\/comments?post=240090"}],"version-history":[{"count":0,"href":"https:\/\/www.europesays.com\/es\/wp-json\/wp\/v2\/posts\/240090\/revisions"}],"wp:featuredmedia":[{"embeddable":true,"href":"https:\/\/www.europesays.com\/es\/wp-json\/wp\/v2\/media\/240091"}],"wp:attachment":[{"href":"https:\/\/www.europesays.com\/es\/wp-json\/wp\/v2\/media?parent=240090"}],"wp:term":[{"taxonomy":"category","embeddable":true,"href":"https:\/\/www.europesays.com\/es\/wp-json\/wp\/v2\/categories?post=240090"},{"taxonomy":"post_tag","embeddable":true,"href":"https:\/\/www.europesays.com\/es\/wp-json\/wp\/v2\/tags?post=240090"}],"curies":[{"name":"wp","href":"https:\/\/api.w.org\/{rel}","templated":true}]}}