{"id":240092,"date":"2025-11-17T01:56:10","date_gmt":"2025-11-17T01:56:10","guid":{"rendered":"https:\/\/www.europesays.com\/es\/240092\/"},"modified":"2025-11-17T01:56:10","modified_gmt":"2025-11-17T01:56:10","slug":"no-tenia-que-haberla-ingresado-sobra-en-el-funeral","status":"publish","type":"post","link":"https:\/\/www.europesays.com\/es\/240092\/","title":{"rendered":"No ten\u00eda que haberla ingresado, sobra en el funeral"},"content":{"rendered":"<p class=\"c-paragraph\">La tr\u00e1gica muerte de la cantante y actriz <b>Encarnita Polo<\/b>, presuntamente estrangulada en la residencia de mayores de \u00c1vila donde viv\u00eda a manos de un compa\u00f1ero de centro, ha <b>conmocionado <\/b>al mundo del espect\u00e1culo y de la cultura en Espa\u00f1a. Mientras la Polic\u00eda contin\u00faa investigando las circunstancias del suceso, amigos y conocidos de la artista han lamentado su fallecimiento, entre ellos <b>Rappel<\/b>, que ha cargado duramente contra la hija de Polo, a quien ha recriminado el haber \u00ababandonado a su madre\u00bb al ingresarla en una residencia.<\/p>\n<p class=\"c-paragraph\">En declaraciones a Europa Press, el vidente ha sido muy directo al opinar que la hija de la cantante, Raquel Waitzman Polo, <b>\u00abno ten\u00eda que haberla ingresado nunca en un centro\u00bb<\/b>. \u00abA Encarnita s\u00ed han sabido venderle los pisos&#8230; Que hayan sabido vender su casa y sus cositas personales, y que ahora estuviera sola, como un perro, que uno que estaba con la puerta abierta la ha matado&#8230; Me parece que no tiene perd\u00f3n de Dios\u00bb, ha criticado.<\/p>\n<p class=\"c-paragraph\">Seg\u00fan Rappel, la artista, de 86 a\u00f1os, <b>\u00abestaba estupendamente bien\u00bb<\/b> y se manten\u00eda \u00abcoqueta, presumida, era una mujer que se arreglaba&#8230;\u00bb, ha recordado. \u00abEncarnita estaba muy bien para estar en su casa\u00bb, ha subrayado.<\/p>\n<p class=\"c-paragraph\">Tras su fallecimiento, Rappel no ha podido evitar emocionarse al explicar que ha puesto <b>\u00abunas velas blancas con az\u00facar\u00bb<\/b> en el altar de su casa \u00abpara que desde el cielo la hayan acogido como se merec\u00eda\u00bb, ha dicho con la voz entrecortada.<\/p>\n<p class=\"c-paragraph\">\u00abEra un \u00e1ngel, era <b>una mujer generosa, se volcaba en todo<\/b>. Cuando hab\u00eda un artista enfermo lo iba a ver, cuando uno se mor\u00eda, ella era la primera que estaba en el velatorio, era <b>una mujer muy querida<\/b> por el mundo art\u00edstico y por la gente, y que haya tenido esta muerte&#8230;\u00bb, ha lamentado.<\/p>\n<p class=\"c-paragraph\">Por ello, el vidente ha puesto el foco en su hija Raquel, al considerar que <b>\u00absobra en el funeral\u00bb<\/b>. \u00ab\u00bfAhora va a ir al funeral a qu\u00e9? \u00bfA que le demos el p\u00e9same? \u00bfA que <b>ha abandonado a su madre<\/b>, y un hijo de su madre la ha matado en un centro? \u00bfY ahora va a ir a recibir el p\u00e9same de qu\u00e9? \u00bf<b>D\u00f3nde est\u00e1 el dinero de los pisos<\/b> que ten\u00eda Encarnita, d\u00f3nde est\u00e1? \u00bfY las joyitas que ten\u00eda Encarna, las pieles, las ropas, recuerdos preciosos que ten\u00eda Encarna, d\u00f3nde est\u00e1 todo?\u00bb, se ha preguntado Rappel. \u00abEso habr\u00e1 desaparecido, pero la pobrecita ha desaparecido en manos de un hijo de su mala madre, que la ha destrozado en una habitaci\u00f3n, pobrecita, solita\u00bb, ha a\u00f1adido.<\/p>\n<p class=\"c-paragraph\">\u00abYo pido por su alma, porque <b>no tengo que darle el p\u00e9same a nadie<\/b>, ponerle una velita a Encarna y que donde est\u00e9 Dios la haya acogido en su seno y le d\u00e9 el lugar que se merece, porque era muy buena persona\u00bb, ha concluido Rappel.<\/p>\n","protected":false},"excerpt":{"rendered":"La tr\u00e1gica muerte de la cantante y actriz Encarnita Polo, presuntamente estrangulada en la residencia de mayores de&hellip;\n","protected":false},"author":2,"featured_media":240093,"comment_status":"","ping_status":"","sticky":false,"template":"","format":"standard","meta":{"footnotes":""},"categories":[5],"tags":[17,18,61461,25,24,13,14,11,19,20,9,10,15,16,61906,23,12,21,22],"class_list":{"0":"post-240092","1":"post","2":"type-post","3":"status-publish","4":"format-standard","5":"has-post-thumbnail","7":"category-titulares","8":"tag-breaking-news","9":"tag-breakingnews","10":"tag-encarnita-polo","11":"tag-es","12":"tag-espana","13":"tag-featured-news","14":"tag-featurednews","15":"tag-headlines","16":"tag-latest-news","17":"tag-latestnews","18":"tag-news","19":"tag-noticias","20":"tag-noticias-destacadas","21":"tag-noticiasdestacadas","22":"tag-rappel","23":"tag-spain","24":"tag-titulares","25":"tag-ultimas-noticias","26":"tag-ultimasnoticias"},"share_on_mastodon":{"url":"https:\/\/pubeurope.com\/@es\/115562557191452717","error":""},"_links":{"self":[{"href":"https:\/\/www.europesays.com\/es\/wp-json\/wp\/v2\/posts\/240092","targetHints":{"allow":["GET"]}}],"collection":[{"href":"https:\/\/www.europesays.com\/es\/wp-json\/wp\/v2\/posts"}],"about":[{"href":"https:\/\/www.europesays.com\/es\/wp-json\/wp\/v2\/types\/post"}],"author":[{"embeddable":true,"href":"https:\/\/www.europesays.com\/es\/wp-json\/wp\/v2\/users\/2"}],"replies":[{"embeddable":true,"href":"https:\/\/www.europesays.com\/es\/wp-json\/wp\/v2\/comments?post=240092"}],"version-history":[{"count":0,"href":"https:\/\/www.europesays.com\/es\/wp-json\/wp\/v2\/posts\/240092\/revisions"}],"wp:featuredmedia":[{"embeddable":true,"href":"https:\/\/www.europesays.com\/es\/wp-json\/wp\/v2\/media\/240093"}],"wp:attachment":[{"href":"https:\/\/www.europesays.com\/es\/wp-json\/wp\/v2\/media?parent=240092"}],"wp:term":[{"taxonomy":"category","embeddable":true,"href":"https:\/\/www.europesays.com\/es\/wp-json\/wp\/v2\/categories?post=240092"},{"taxonomy":"post_tag","embeddable":true,"href":"https:\/\/www.europesays.com\/es\/wp-json\/wp\/v2\/tags?post=240092"}],"curies":[{"name":"wp","href":"https:\/\/api.w.org\/{rel}","templated":true}]}}