{"id":240094,"date":"2025-11-17T02:01:19","date_gmt":"2025-11-17T02:01:19","guid":{"rendered":"https:\/\/www.europesays.com\/es\/240094\/"},"modified":"2025-11-17T02:01:19","modified_gmt":"2025-11-17T02:01:19","slug":"la-restauracion-que-nos-devolvio-espana","status":"publish","type":"post","link":"https:\/\/www.europesays.com\/es\/240094\/","title":{"rendered":"La restauraci\u00f3n que nos devolvi\u00f3 Espa\u00f1a"},"content":{"rendered":"<p>La proclamaci\u00f3n como Rey de Espa\u00f1a de Don Juan Carlos I es el hito fundacional de la Transici\u00f3n en su fase preconstituyente. Durante veinte meses, del 22 de noviembre de 1975 al 22 de julio de 1977, Don Juan Carlos ejerci\u00f3 el ampl\u00edsimo \u00abfondo de poder\u00bb que le atribu\u00edan las Leyes Fundamentales con el objetivo final de restituir la soberan\u00eda a su leg\u00edtimo due\u00f1o, el pueblo espa\u00f1ol, protagonizando lo que Juli\u00e1n Mar\u00edas llam\u00f3 \u00abla devoluci\u00f3n de Espa\u00f1a\u00bb. Porque la segunda restauraci\u00f3n mon\u00e1rquica fue tambi\u00e9n una reintegraci\u00f3n democr\u00e1tica: los espa\u00f1oles volvimos a ser due\u00f1os de Espa\u00f1a. <b>Ejemplo in\u00e9dito y aleccionador en tiempos como los actuales, de boga populista y autocr\u00e1tica, en que se estila justo lo contrario: el abuso del poder, en desaf\u00edo expl\u00edcito de l\u00edmites constitucionales.<\/b><\/p>\n<p>Don Juan Carlos pudo consumar su designio democratizador porque supo ganarse, por sus propios m\u00e9ritos, apoyos institucionales y sociales suficientes. Cierto que para la sociedad espa\u00f1ola de la \u00e9poca la memoria de la Guerra Civil era entonces m\u00e1s advertencia que nostalgia;<b> la historia todav\u00eda no se decretaba y segu\u00eda siendo \u00abmaestra de la vida\u00bb y \u00abmusa del escarmiento\u00bb<\/b>.<\/p>\n<p>Don Juan Carlos no lo tuvo en absoluto f\u00e1cil. En 1975 el r\u00e9gimen era un aparato institucional relativamente consolidado, dispuesto a sucederse a s\u00ed mismo, pero al que fallaba la pieza principal: la Corona<b>. Pronto pudo comprobarse que las intenciones aperturistas del Rey no eran simple ret\u00f3rica. <\/b>Pero en el comienzo siempre est\u00e1 la palabra. El Mensaje de la Corona del 22 de noviembre evoca, intencionadamente, el manifiesto de Sandhurst, la fe de bautismo de la primera restauraci\u00f3n. Ambas restauraciones se asientan en la virtualidad de la monarqu\u00eda como factor de concordia y promotora de orden y libertad. De hecho, entre ambos mensajes hay coincidencias literales: \u00abLas naciones m\u00e1s grandes y pr\u00f3speras, donde el orden, la libertad y la justicia se a\u00fanan mejor (1876) \/han resplandecido mejor (1975) son aquellas que respetan mejor su propia historia (1876) \/que m\u00e1s profundamente han sabido respetar su propia historia (1975)\u00bb.<\/p>\n<p>El Mensaje de 1975 comenzaba aludiendo a las tres fuentes leg\u00edtimas del t\u00edtulo que se proclamaba: tradici\u00f3n hist\u00f3rica, legalidad vigente y aceptaci\u00f3n popular.<b> El servicio a Espa\u00f1a quedaba entendido como cancelaci\u00f3n de discordias civiles<\/b>: \u00abQue todos entiendan con generosidad y altura de miras que nuestro futuro se basar\u00e1 en un efectivo consenso de conciliaci\u00f3n nacional\u00bb. Era sentar la base m\u00e1s firme \u2013la reconciliaci\u00f3n, no la victoria\u2013 para que pudiese comenzar \u00abuna nueva etapa en la historia de Espa\u00f1a\u00bb, con el prop\u00f3sito compartido de transitar hacia \u00abuna sociedad libre y moderna\u00bb.<\/p>\n<p>A Don Juan Carlos le faltaban entonces la legitimidad din\u00e1stica y la democr\u00e1tica. Vendr\u00edan despu\u00e9s, con el refer\u00e9ndum que aprob\u00f3 la reforma pol\u00edtica, la cesi\u00f3n de los derechos din\u00e1sticos por Don Juan de Borb\u00f3n y las elecciones del 15 de junio de 1977.<b> Hab\u00eda comenzado, gracias al impulso de la Corona, una operaci\u00f3n pol\u00edtica de dimensi\u00f3n hist\u00f3rica que, en diciembre de 1976, al hilo de los acontecimientos, Raymond Aron calificar\u00eda como \u00abexperimento absolutamente fascinante\u00bb<\/b>. Fue posible porque se concit\u00f3, en palabras de Garc\u00eda San Miguel, una \u00abs\u00edntesis arm\u00f3nica de comportamientos razonables\u00bb: el Rey impulsando el proceso que limitaba su poder, el pueblo aislando radicalismos violentos y ratificando en elecciones sucesivas opciones moderadas, los hombres de gobierno sacrificando posiciones y convicciones, y la oposici\u00f3n deponiendo, con excepciones marginales y violentas, actitudes rupturistas.<\/p>\n<p><b>La democracia alumbrada entonces no estar\u00e1 garantizada nunca en ausencia del esp\u00edritu c\u00edvico que sepa practicarla y defenderla<\/b>. Seguir\u00e1 requiriendo, mientras exista, la posibilidad de alternativas ordenadas de gobierno y la cooperaci\u00f3n de los ciudadanos, el mutuo respeto, la prioridad de las cuestiones de Estado sobre los intereses partidistas, el comportamiento \u00edntegro de la clase pol\u00edtica, y una decencia b\u00e1sica en el ejercicio del poder que lo haga incompatible con la detentaci\u00f3n de intereses personales.<\/p>\n<p><b>La democracia no es don del cielo, es planta delicada que pide cultivo y exige sacrificios y voluntarias limitaciones<\/b>. En el aniversario de la proclamaci\u00f3n como Rey de Don Juan Carlos I, su ejecutoria de aquellos a\u00f1os tiene para todos \u2013desde luego lo tiene para m\u00ed\u2013, el valor de un testimonio ejemplar y el de servir de pauta rectificadora de nuestro actual rumbo hist\u00f3rico.<\/p>\n<p><b>*Jos\u00e9 Mar\u00eda Aznar, presidente del Gobierno (1996-2004) <\/b><\/p>\n","protected":false},"excerpt":{"rendered":"La proclamaci\u00f3n como Rey de Espa\u00f1a de Don Juan Carlos I es el hito fundacional de la Transici\u00f3n&hellip;\n","protected":false},"author":2,"featured_media":240095,"comment_status":"","ping_status":"","sticky":false,"template":"","format":"standard","meta":{"footnotes":""},"categories":[274],"tags":[168,25,24,23,167,327,326],"class_list":{"0":"post-240094","1":"post","2":"type-post","3":"status-publish","4":"format-standard","5":"has-post-thumbnail","7":"category-tenis","8":"tag-deportes","9":"tag-es","10":"tag-espana","11":"tag-spain","12":"tag-sports","13":"tag-tenis","14":"tag-tennis"},"share_on_mastodon":{"url":"https:\/\/pubeurope.com\/@es\/115562576789132033","error":""},"_links":{"self":[{"href":"https:\/\/www.europesays.com\/es\/wp-json\/wp\/v2\/posts\/240094","targetHints":{"allow":["GET"]}}],"collection":[{"href":"https:\/\/www.europesays.com\/es\/wp-json\/wp\/v2\/posts"}],"about":[{"href":"https:\/\/www.europesays.com\/es\/wp-json\/wp\/v2\/types\/post"}],"author":[{"embeddable":true,"href":"https:\/\/www.europesays.com\/es\/wp-json\/wp\/v2\/users\/2"}],"replies":[{"embeddable":true,"href":"https:\/\/www.europesays.com\/es\/wp-json\/wp\/v2\/comments?post=240094"}],"version-history":[{"count":0,"href":"https:\/\/www.europesays.com\/es\/wp-json\/wp\/v2\/posts\/240094\/revisions"}],"wp:featuredmedia":[{"embeddable":true,"href":"https:\/\/www.europesays.com\/es\/wp-json\/wp\/v2\/media\/240095"}],"wp:attachment":[{"href":"https:\/\/www.europesays.com\/es\/wp-json\/wp\/v2\/media?parent=240094"}],"wp:term":[{"taxonomy":"category","embeddable":true,"href":"https:\/\/www.europesays.com\/es\/wp-json\/wp\/v2\/categories?post=240094"},{"taxonomy":"post_tag","embeddable":true,"href":"https:\/\/www.europesays.com\/es\/wp-json\/wp\/v2\/tags?post=240094"}],"curies":[{"name":"wp","href":"https:\/\/api.w.org\/{rel}","templated":true}]}}