{"id":240098,"date":"2025-11-17T02:05:09","date_gmt":"2025-11-17T02:05:09","guid":{"rendered":"https:\/\/www.europesays.com\/es\/240098\/"},"modified":"2025-11-17T02:05:09","modified_gmt":"2025-11-17T02:05:09","slug":"el-activo-mas-importante-de-este-club-es-la-aficion","status":"publish","type":"post","link":"https:\/\/www.europesays.com\/es\/240098\/","title":{"rendered":"El activo m\u00e1s importante de este club es la afici\u00f3n"},"content":{"rendered":"<p class=\"paragraph-atom &#10;        A-500-300-700-N A-550-300-700-N--md  \">El entrenador de Unionistas, Mario Sim\u00f3n, se marchaba contento por la victoria ante el Talavera, aunque no por el juego. Adem\u00e1s, pon\u00eda al alza el enorme empuje de los casi cuatrocientos desplazados a El Prado.<\/p>\n<p class=\"paragraph-atom &#10;        A-500-300-700-N A-550-300-700-N--md  \"><strong>Seguridad defensiva.<\/strong> \u201cLlevamos de los \u00faltimos seis partidos, cinco porter\u00edas a cero. El crecimiento viene desde ah\u00ed. Hoy no hemos visto al mejor Unionistas con el bal\u00f3n, ha sido nuestro partido m\u00e1s inc\u00f3modo. Cuando no puedes estar bien con el bal\u00f3n, hemos estado bien sin \u00e9l. Nos vamos contentos con los tres puntos\u201d.<\/p>\n<p class=\"paragraph-atom &#10;        A-500-300-700-N A-550-300-700-N--md  \"><strong>Casi cuatrocientos aficionados unionistas en El Prado. <\/strong>\u201cVayamos donde vayamos, nos pas\u00f3 en Tenerife. El esfuerzo que hace la gente por seguirnos, se nota mucho. Los jugadores tienen la responsabilidad de corresponder a la afici\u00f3n y que en momentos donde hemos podido sufrir, siempre est\u00e1n anim\u00e1ndonos. El activo m\u00e1s importante de este club es la afici\u00f3n\u201d.<\/p>\n","protected":false},"excerpt":{"rendered":"El entrenador de Unionistas, Mario Sim\u00f3n, se marchaba contento por la victoria ante el Talavera, aunque no por&hellip;\n","protected":false},"author":2,"featured_media":240099,"comment_status":"","ping_status":"","sticky":false,"template":"","format":"standard","meta":{"footnotes":""},"categories":[268],"tags":[3418,1798,168,25,24,280,282,908,656,4800,281,23,167],"class_list":{"0":"post-240098","1":"post","2":"type-post","3":"status-publish","4":"format-standard","5":"has-post-thumbnail","7":"category-futbol","8":"tag-activo","9":"tag-club","10":"tag-deportes","11":"tag-es","12":"tag-espana","13":"tag-football","14":"tag-futbol","15":"tag-importante","16":"tag-mario","17":"tag-simon","18":"tag-soccer","19":"tag-spain","20":"tag-sports"},"share_on_mastodon":{"url":"https:\/\/pubeurope.com\/@es\/115562592676249989","error":""},"_links":{"self":[{"href":"https:\/\/www.europesays.com\/es\/wp-json\/wp\/v2\/posts\/240098","targetHints":{"allow":["GET"]}}],"collection":[{"href":"https:\/\/www.europesays.com\/es\/wp-json\/wp\/v2\/posts"}],"about":[{"href":"https:\/\/www.europesays.com\/es\/wp-json\/wp\/v2\/types\/post"}],"author":[{"embeddable":true,"href":"https:\/\/www.europesays.com\/es\/wp-json\/wp\/v2\/users\/2"}],"replies":[{"embeddable":true,"href":"https:\/\/www.europesays.com\/es\/wp-json\/wp\/v2\/comments?post=240098"}],"version-history":[{"count":0,"href":"https:\/\/www.europesays.com\/es\/wp-json\/wp\/v2\/posts\/240098\/revisions"}],"wp:featuredmedia":[{"embeddable":true,"href":"https:\/\/www.europesays.com\/es\/wp-json\/wp\/v2\/media\/240099"}],"wp:attachment":[{"href":"https:\/\/www.europesays.com\/es\/wp-json\/wp\/v2\/media?parent=240098"}],"wp:term":[{"taxonomy":"category","embeddable":true,"href":"https:\/\/www.europesays.com\/es\/wp-json\/wp\/v2\/categories?post=240098"},{"taxonomy":"post_tag","embeddable":true,"href":"https:\/\/www.europesays.com\/es\/wp-json\/wp\/v2\/tags?post=240098"}],"curies":[{"name":"wp","href":"https:\/\/api.w.org\/{rel}","templated":true}]}}