{"id":240104,"date":"2025-11-17T02:11:16","date_gmt":"2025-11-17T02:11:16","guid":{"rendered":"https:\/\/www.europesays.com\/es\/240104\/"},"modified":"2025-11-17T02:11:16","modified_gmt":"2025-11-17T02:11:16","slug":"el-significado-de-muestra-tu-herida-el-documental-de-david-delfin","status":"publish","type":"post","link":"https:\/\/www.europesays.com\/es\/240104\/","title":{"rendered":"El significado de &#8216;Muestra tu herida&#8217;, el documental de David Delf\u00edn"},"content":{"rendered":"<p><strong>La frase <\/strong><strong>Zeige deine Wunde<\/strong><strong>, traducida del alem\u00e1n al castellano como<\/strong> <strong>Muestra tu herida<\/strong>, <strong>remite a la instalaci\u00f3n que Joseph Beuys hizo en 1980<\/strong> en el MaximiliansForum. Su impacto fue grande, especialmente para David Delf\u00edn que la convirti\u00f3 en el eje de su trabajo y de su vida: no solo la plasm\u00f3 sobre camisetas y chaquetas, tambi\u00e9n se la tatu\u00f3 sobre la piel. <\/p>\n<p>El profesor y cr\u00edtico de arte <strong>Fernando Castro Fl\u00f3rez<\/strong>, gran conocedor de la obra del malague\u00f1o, da las claves para entender la conexi\u00f3n entre la frase de Beuys y el dise\u00f1ador. \u00abLa frase Muestra tu herida o Descansa en tus heridas es una frase central tambi\u00e9n en el proyecto de Joseph Beuys, en que \u00e9l toma desde una famosa imagen de un dibujo de Durero. Durero vuelve de viaje y en el momento en el que est\u00e1 escribiendo a su m\u00e9dico, se indica en el costado y dice: \u00a1Ah\u00ed donde me indic\u00f3, ah\u00ed es donde se encuentra la herida, ah\u00ed est\u00e1 el dolor\u00bb. Y es a partir de ah\u00ed, que est\u00e1 buscando un diagn\u00f3stico o un s\u00edntoma que permita mejorar. Esta cuesti\u00f3n es fundamental. <strong>Es decir, <\/strong><strong>Muestra tu herida<\/strong><strong>, es hablar a trav\u00e9s de la herida. <\/strong><\/p>\n<p>David Delf\u00edn: la herida como elemento narrativo<\/p>\n<p>David Delf\u00edn tuvo heridas que le provocaron otros y heridas que \u00e9l mismo se hizo. Todas le sirvieron como elemento narrativo para sus colecciones y desfiles:<strong> la muerte de su padre, una separaci\u00f3n amorosa, la p\u00e9rdida de su perra Alicia. <\/strong>Su dolor fue su motor y sus heridas fueron las palabras con la que expresarlo para intentar sanar(lo).<\/p>\n<p>\u00abEstamos heridos desde el primer momento. De hecho, para Beuys la primera herida es una herida fuertemente apretada por los bordes, que es el corte del cord\u00f3n umbilical. Y entonces es a partir de esa herida que se inicia nuestra llegada en el mundo, nuestra exposici\u00f3n, nuestro proyecto vital. Entonces, yo creo que <strong>esa idea de <\/strong><strong>Muestra tu herida<\/strong><strong> es no tenemos que estar ocultando aquello que nos ha producido el dolor.<\/strong><\/p>\n<p> David Delf\u00edn hizo de su cuerpo un lienzo<\/p>\n<p>El malague\u00f1o utiliz\u00f3 todo tipo de soportes para volcar su creatividad, para expresarse, para mostrar su herida. Fue artista y fue obra, pues hizo de su cuerpo otro formato expositivo. \u00abLa obra de David Delf\u00edn tiene que ver con esa idea de concepto ampliado de del arte, la f\u00f3rmula de Joseph Beuys: <strong>todo hombre es un artista cuando la pronuncia y cuando la propone como enunciado clave de su proyecto est\u00e9tico social.<\/strong> Joseph Beuys es una frase que tiene un car\u00e1cter contracultural, es decir, sacar la idea de arte y artista de un nicho elitista. <\/p>\n<p>\u00abLa idea renacentista del artista como como un hombre de genio, como alguien que est\u00e1 marcado por la influencia saturnina pero tiene un car\u00e1cter de unicidad para hablar sobre todo de una creatividad que tiene un car\u00e1cter social o que tiene un car\u00e1cter colectivo. <strong>Yo creo que el propio asunto central de que David Delf\u00edn no fuera solo David, sino que tambi\u00e9n incluyera a un colectivo,<\/strong> es decir, que inclu\u00eda a los hermanos Postigo que incluyera a Bimba Bos\u00e9, es decir, que fuera una creaci\u00f3n colectiva\u00bb.<\/p>\n<p>El documental &#8216;David Delf\u00edn. Muestra tu herida&#8217;<\/p>\n<p>La &#8216;lucha&#8217; de David Delf\u00edn<\/p>\n<p>La frase Muestra tu herida recorre el documental de principio a fin, desde el t\u00edtulo a las palabras que cierran la pel\u00edcula. La vemos y la escuchamos. La sentimos, y casi la tocamos cuando vemos <strong>las fotograf\u00edas publicadas en Vogue, fotograf\u00edas que le hizo Pablo S\u00e1ez, su entonces pareja, en la que muestra con la cicatriz que le dej\u00f3 la operaci\u00f3n<\/strong> en la que se intent\u00f3 eliminar los tres tumores que ten\u00eda. La herida sale del alma, la herida se exhibe, se muestra. Y es bella. <\/p>\n<p>\u00abYo creo que fue una tambi\u00e9n concepci\u00f3n honesta y lo que se llama en la \u00e9tica griega el coraje de la verdad. Es decir, <strong>hay que tener tambi\u00e9n coraje de la verdad.<\/strong> Los c\u00ednicos, que son tal vez los m\u00e1s honestos de todos los fil\u00f3sofos griegos, sobre todo Di\u00f3genes el c\u00ednico, hablaban de la parres\u00eda, el coraje para para hablar de lo que es lo verdadero, es decir, para no crear sublimaciones. Y yo creo que ah\u00ed, eh, David Delf\u00edn, esas im\u00e1genes en las que aparece con toda la cabeza abierta y con las con las grapas. <strong>Ya no se trata del metal en tu cara de los piercing, sino ya de la gran modificaci\u00f3n<\/strong>\u00ab. <\/p>\n<p>La gran transformaci\u00f3n de David Delf\u00edn<\/p>\n<p>Modificar el cuerpo, rehacerlo, transformarlo, travestirlo. <strong>David Delf\u00edn fue un inconformista, un rebelde que no se conform\u00f3 con lo que le vino dado: toda su vida es una constante mutaci\u00f3n, f\u00edsica y emocional.<\/strong> Empez\u00f3 perforando su cuerpo, luego decor\u00f3 su piel con tatuajes y lleg\u00f3 a separarse lo dientes y a romperse uno para tenerlo igual que Brad Pitt en El club de la lucha. Una lucha que mantuvo hasta el final. <\/p>\n<p><a href=\"https:\/\/www.rtve.es\/noticias\/20170603\/muere-disenador-david-delfin-a-46-anos\/1559840.shtml\" target=\"_blank\" rel=\"nofollow noopener\">David Delf\u00edn muri\u00f3 el 3 de junio de 2017<\/a>, cinco meses despu\u00e9s de morir Bimba Bos\u00e9, su alma gemela. Puedes ver el documental sobre su vida en RTVE Play. <\/p>\n","protected":false},"excerpt":{"rendered":"La frase Zeige deine Wunde, traducida del alem\u00e1n al castellano como Muestra tu herida, remite a la instalaci\u00f3n&hellip;\n","protected":false},"author":2,"featured_media":240105,"comment_status":"","ping_status":"","sticky":false,"template":"","format":"standard","meta":{"footnotes":""},"categories":[169],"tags":[177,146,147,25,24,176,175,23],"class_list":{"0":"post-240104","1":"post","2":"type-post","3":"status-publish","4":"format-standard","5":"has-post-thumbnail","7":"category-cine","8":"tag-cine","9":"tag-entertainment","10":"tag-entretenimiento","11":"tag-es","12":"tag-espana","13":"tag-film","14":"tag-movies","15":"tag-spain"},"share_on_mastodon":{"url":"https:\/\/pubeurope.com\/@es\/115562616241659726","error":""},"_links":{"self":[{"href":"https:\/\/www.europesays.com\/es\/wp-json\/wp\/v2\/posts\/240104","targetHints":{"allow":["GET"]}}],"collection":[{"href":"https:\/\/www.europesays.com\/es\/wp-json\/wp\/v2\/posts"}],"about":[{"href":"https:\/\/www.europesays.com\/es\/wp-json\/wp\/v2\/types\/post"}],"author":[{"embeddable":true,"href":"https:\/\/www.europesays.com\/es\/wp-json\/wp\/v2\/users\/2"}],"replies":[{"embeddable":true,"href":"https:\/\/www.europesays.com\/es\/wp-json\/wp\/v2\/comments?post=240104"}],"version-history":[{"count":0,"href":"https:\/\/www.europesays.com\/es\/wp-json\/wp\/v2\/posts\/240104\/revisions"}],"wp:featuredmedia":[{"embeddable":true,"href":"https:\/\/www.europesays.com\/es\/wp-json\/wp\/v2\/media\/240105"}],"wp:attachment":[{"href":"https:\/\/www.europesays.com\/es\/wp-json\/wp\/v2\/media?parent=240104"}],"wp:term":[{"taxonomy":"category","embeddable":true,"href":"https:\/\/www.europesays.com\/es\/wp-json\/wp\/v2\/categories?post=240104"},{"taxonomy":"post_tag","embeddable":true,"href":"https:\/\/www.europesays.com\/es\/wp-json\/wp\/v2\/tags?post=240104"}],"curies":[{"name":"wp","href":"https:\/\/api.w.org\/{rel}","templated":true}]}}