{"id":240150,"date":"2025-11-17T02:53:09","date_gmt":"2025-11-17T02:53:09","guid":{"rendered":"https:\/\/www.europesays.com\/es\/240150\/"},"modified":"2025-11-17T02:53:09","modified_gmt":"2025-11-17T02:53:09","slug":"las-otras-cosas-que-hace-yeremay-la-voz-de-galicia","status":"publish","type":"post","link":"https:\/\/www.europesays.com\/es\/240150\/","title":{"rendered":"Las otras cosas que hace Yeremay &#8211; La Voz de Galicia"},"content":{"rendered":"<ol>\n<li><a href=\"https:\/\/news.google.com\/rss\/articles\/CBMinwFBVV95cUxOSWtPWDYwcU96azRZLWhSb0Q1MUloVXU5RGZYU0dTbHE5Y2dkaVB0QXR1WWRfTHlKQVBpcXhwSFF0aXF5N3hWWXY3NFlIZlJUTjRnZnk2QkdYRWhrbkRTelU4NElzbWFtMEprUThNOVRYQ3Z0VFRZNnpEWTZhVC1BSnB3Ymhtbm9FMnFBa1prNVhfaG5JUjFSZkc3RUZvTFXSAbsBQVVfeXFMTTFDMWhFVTRMNTh3N0ZYWlY0TF9kYW9waXBuNmtFUVc4b3dJTXRUTl8zWlpqVU91ZnFxelV0OUU3d2dOY1JXZEdxQU5IWHdwUGR6bl8zdUxCQnowY1JFUG01RVVmUC1WSmtvUl8teFI5Sk1ZMVRwUXpTVGNRSjVoMmxnRVgzX3BBLWdMVktkbEd4WTNUMjN2T1R1b0NSVjkwSWFfVkRDdDJhOVhzY2lmSzhVRDQzb3FmNTBKcw?oc=5\" target=\"_blank\" rel=\"nofollow noopener\">Las otras cosas que hace Yeremay<\/a>&nbsp;&nbsp;La Voz de Galicia<\/li>\n<li><a href=\"https:\/\/news.google.com\/rss\/articles\/CBMiswFBVV95cUxOclpmajJfZDlobVNWM1l1bzRkTFI2dElYNnBGRVBBU2pJZHF0aTItQXRHbUVGM3lEYjZoWDNfRkM1OWVXNXZpdXJUcW5DaUFqZTBxUnRxeHpubU9raGlTTjEyZGRHNTM2WFJGbUVuU1o2N21RdklEczdBVGs2Y21Pb0I1ZmRQNXFPRzdYcV9oZ1pGUnpseUc2endDRDV6R21xV3JtaFN0NHhxOS1hYmw5YkVnc9IBswFBVV95cUxQNVBJdVZGWnZObEtoYzNTTHBQVzVmNTB4cERycHZicUJSNFZydGtZOERreVlEUnoweHgwNmhjSGw4U0FhT0JSS1o0b0xJOGZQaHpyY1Fxb3hLS2ZhR2stMVM1eURxcnBSOXBocXItY3U5MmRJZ2dyQkR2YkYyS0R0ZURVWGJRMnlRRWRpMm9JMFJJd2tCRFVkZkRERnRBb2hkQVp6Qm1oZGU0MHRGVTVQU2stNA?oc=5\" target=\"_blank\" rel=\"nofollow noopener\">En Portugal lo tienen claro: la prioridad del Sporting para el mercado de invierno es Yeremay<\/a>&nbsp;&nbsp;MARCA<\/li>\n<li><a href=\"https:\/\/news.google.com\/rss\/articles\/CBMiowFBVV95cUxNVFRZMmJWZkxqS0VMTWd1emgxTjRkR0U5TWR2blJ5YWlKX3pqT1BrYXkyUS10ZGxud1U2ejdkMVduemZnNDBnWm5aMGpveXpTd1NjcWNVcUtVV3Rrb1dYUmF5UTkxM2NUbVJPWFZHVFVDRHFoSkxkeGZRUmpBZXJvVWRoM3FZV3hzVzFuS1Z4VjlXMkdXYmhhdFMzZ3FONnd0dm5r?oc=5\" target=\"_blank\" rel=\"nofollow noopener\">Yeremay, blindado: el Deportivo mantiene su \u201co cl\u00e1usula o nada\u201d pese al insistente inter\u00e9s del Sporting<\/a>&nbsp;&nbsp;Riazor.org<\/li>\n<li><a href=\"https:\/\/news.google.com\/rss\/articles\/CBMiyAFBVV95cUxPOGJmdHE2OGZrS1lTNGdaNThXQzdyZ2VSenY5SWdtdG5CVjJ4eTVZTmhZZjZfUmRycFVjcUJvMHpUSmwteFR0XzJwX0hSamc1MklCREViTEJsa3lNYTlIRkxDdjc1aHRQWFZjRUE1U2dXb2ZPRk9teXVFcUpHS1psTlJhekJhVThILXk4eEVSOTBVOHg5VUl1NkU3eHB6aGotODdYS2hhbkV2QmprWXVrTXNKT19mbWRnbFA4M1ZHZzZwOURTcVVObA?oc=5\" target=\"_blank\" rel=\"nofollow noopener\">El Sporting CP podr\u00eda pagar por Yeremay un traspaso r\u00e9cord para la Segunda Divisi\u00f3n<\/a>&nbsp;&nbsp;Transfermarkt<\/li>\n<li><a href=\"https:\/\/news.google.com\/rss\/articles\/CBMi9AFBVV95cUxOLWpXZ0NyeTMtc2NnSDJqZkxjTURYblFhZnljNVh5WmxUaEZrRnp5WGE1RHJRTWtrbkh5QlpTeHRmTlFFRWZYZVl6RVlFaXFqcXhNZE1wd2IxVENsMHpKUDVHaGlVYTRpcDFZLVRlN0d3X2VkZ2lfQ05JTWZLNE8ydW94YjdSejYzeFduNW92LUtpRU5Ram5DTVRWODRsTEYxS0NNbVFIWXFkbVdlcmJfRGdvQnM2UnpuVVhUbFhyNHR3TDZOQzFoamNJT1JscUdKeGFPdlU5S2JuQmpZVThUOE9mdWJrbFZyd0dzY1pXV0l0dXNr0gH6AUFVX3lxTE5QNkQzYmhMQm44N2s2VmNHWUMwVDFlR3IxekN0cTZRWElhd1dVVVcxNGpMVTA3Qnltb1loUWFGVTdGUVhNOWRHT0NpdFlfUS1JQ0hFNHpfOV8xWDJYNExheW5kbTdObWxqa3hVNXIzSjhEQnJoX0l4Y1RQTUN0U05pSHBEZ3lKR3JUdkU0Z2hqWjVUYmdLcEZ5RzF0SmVvSVp2T3lSLUU1STlCNXJVVUtEM3RPRldOUHVrRjlIMjNIOVl4dlkxRl9qV2tvbm5sVVlkOU5ZYmxGQ1ZUa3JIdnZnV3k1WnlJRTFRVlNNLVl5RzBKYmVDS08wdnc?oc=5\" target=\"_blank\" rel=\"nofollow noopener\">Las dos \u00fanicas condiciones que har\u00edan que Yeremay se fuese del Deportivo de la Coru\u00f1a en el pr\u00f3ximo mercado de invierno<\/a>&nbsp;&nbsp;COPE<\/li>\n<\/ol>\n","protected":false},"excerpt":{"rendered":"Las otras cosas que hace Yeremay&nbsp;&nbsp;La Voz de Galicia En Portugal lo tienen claro: la prioridad del Sporting&hellip;\n","protected":false},"author":2,"featured_media":240151,"comment_status":"","ping_status":"","sticky":false,"template":"","format":"standard","meta":{"footnotes":""},"categories":[268],"tags":[168,412,25,24,280,282,281,23,167,5020],"class_list":{"0":"post-240150","1":"post","2":"type-post","3":"status-publish","4":"format-standard","5":"has-post-thumbnail","7":"category-futbol","8":"tag-deportes","9":"tag-deportivo","10":"tag-es","11":"tag-espana","12":"tag-football","13":"tag-futbol","14":"tag-soccer","15":"tag-spain","16":"tag-sports","17":"tag-yeremay"},"share_on_mastodon":{"url":"https:\/\/pubeurope.com\/@es\/115562781349727640","error":""},"_links":{"self":[{"href":"https:\/\/www.europesays.com\/es\/wp-json\/wp\/v2\/posts\/240150","targetHints":{"allow":["GET"]}}],"collection":[{"href":"https:\/\/www.europesays.com\/es\/wp-json\/wp\/v2\/posts"}],"about":[{"href":"https:\/\/www.europesays.com\/es\/wp-json\/wp\/v2\/types\/post"}],"author":[{"embeddable":true,"href":"https:\/\/www.europesays.com\/es\/wp-json\/wp\/v2\/users\/2"}],"replies":[{"embeddable":true,"href":"https:\/\/www.europesays.com\/es\/wp-json\/wp\/v2\/comments?post=240150"}],"version-history":[{"count":0,"href":"https:\/\/www.europesays.com\/es\/wp-json\/wp\/v2\/posts\/240150\/revisions"}],"wp:featuredmedia":[{"embeddable":true,"href":"https:\/\/www.europesays.com\/es\/wp-json\/wp\/v2\/media\/240151"}],"wp:attachment":[{"href":"https:\/\/www.europesays.com\/es\/wp-json\/wp\/v2\/media?parent=240150"}],"wp:term":[{"taxonomy":"category","embeddable":true,"href":"https:\/\/www.europesays.com\/es\/wp-json\/wp\/v2\/categories?post=240150"},{"taxonomy":"post_tag","embeddable":true,"href":"https:\/\/www.europesays.com\/es\/wp-json\/wp\/v2\/tags?post=240150"}],"curies":[{"name":"wp","href":"https:\/\/api.w.org\/{rel}","templated":true}]}}