{"id":240184,"date":"2025-11-17T03:23:21","date_gmt":"2025-11-17T03:23:21","guid":{"rendered":"https:\/\/www.europesays.com\/es\/240184\/"},"modified":"2025-11-17T03:23:21","modified_gmt":"2025-11-17T03:23:21","slug":"donde-ver-online-y-en-television-a-alcaraz-hoy-las-semifinales-de-la-atp-finals-y-a-que-hora-juega-el-partido-contra-auger-aliassime","status":"publish","type":"post","link":"https:\/\/www.europesays.com\/es\/240184\/","title":{"rendered":"D\u00f3nde ver online y en televisi\u00f3n a Alcaraz hoy las semifinales de la ATP Finals y a qu\u00e9 hora juega el partido contra Auger-Aliassime"},"content":{"rendered":"<p style=\"\">Alcanza <strong>Carlos Alcaraz<\/strong> esa ronda l\u00edmite que consigui\u00f3 en su primera incursi\u00f3n en las ATP Finals de 2023. Pero este Alcaraz poco tiene que ver con aquel, que ya hab\u00eda despuntado de lo lindo, pero le costaba el rodaje oto\u00f1al. El de este 2025,  &#8230; elevado a los altares de la clasificaci\u00f3n tras once meses de trabajo y \u00e9xitos, se aplica con empe\u00f1o en superar <a href=\"https:\/\/www.abc.es\/deportes\/tenis\/alcaraz-ultima-frontera-dominar-pista-rapida-bajo-20251114224417-nt.html\" target=\"_blank\" data-voc-vtm-id=\"in-text-traffic\" title=\"otra asignatura pendiente: la pista r\u00e1pida\" rel=\"nofollow noopener\">otra asignatura pendiente: la pista r\u00e1pida<\/a>. <\/p>\n<p class=\"voc-p\" style=\"\">En 2023 perdi\u00f3 en el estreno ante Alexander Zverev, y luego venci\u00f3 a Andrey Rublev y a Daniil Medvedev. Pero se top\u00f3 con un Novak Djokovic en todo su esplendor que lo despach\u00f3 por la v\u00eda r\u00e1pida (6-3 y 6-2). En 2024, otro fallo en el estreno, contra Casper Ruud, un \u00fanico triunfo ante Rublev y adi\u00f3s al torneo con la derrota ante Zverev. Y en este 2025, inmaculado en la fase de grupos con victorias a De Mi\u00f1aur, Fritz y Musetti. En busca de su cuarto triunfo consecutivo, que lo llevar\u00eda a una final para la historia.<\/p>\n<p class=\"voc-p\" style=\"\">Marcha bien el murciano, que acepta que cada vez se est\u00e1 sintiendo mejor en la pista r\u00e1pida bajo techo, aunque haya pocos torneos en el calendario. Por el momento, tiene un t\u00edtulo, el de R\u00f3terdam, y una derrota para aprender ante Cameron Norrie en el Masters 1.000 de Par\u00eds. Pero este es otro torneo y luce saque y rev\u00e9s adem\u00e1s de derecha para apagar a sus rivales con bastante superioridad. Y si sufri\u00f3 ante Fritz, le sirvi\u00f3 de acicate para lo que llega.<\/p>\n<p class=\"voc-p\" style=\"\">Lo que viene es <strong>Felix Auger-Aliassime<\/strong>, que perdi\u00f3 en su estreno ante Sinner (7-5 y 6-1), que acab\u00f3 con problemas f\u00edsicos; pero se levant\u00f3 ante Shelton (4-6, 7-6 (7) y 7-5) y apag\u00f3 a Zverev (6-4 y 7-6 (4)). El canadiense, 25 a\u00f1os y 8 del ranking, suma tres t\u00edtulos este curso: Adelaida, Montpellier y Marsella. Y est\u00e1 en el camino de recuperar y mejorar sus buenas tardes, cuando pod\u00eda empujar a Rafa Nadal hasta los cinco sets en Roland Garros y hacerse fuerte en pista r\u00e1pida: 41 triunfos en 2025, medalla de plata en la clasificaci\u00f3n que lidera Alex de Mi\u00f1aur (43).<\/p>\n<p class=\"voc-p\" style=\"\"> Como con muchos de sus rivales, Alcaraz tiene un balance de victorias favorable, por 4-3. Y como con muchos de sus rivales, los triunfos del espa\u00f1ol han llegado a partir de 2023. Aliassime venci\u00f3 en los cuartos de final del US Open 2021 (6-3, 3-1 y ret); en las finales de la Copa Davis (6-7 (3), 6-4 y 6-2) de 2022 y en la semifinal de Basilea 2022 (6-3 y 6-2). Pero a partir de ah\u00ed, cuatro victorias de Alcaraz: cuartos de final del Indian Wells 2023 (6-4 y 6-4), segunda ronda de Indian Wells 2024 (6-2 y 6-3), octavos de Roland Garros 2024 (6-3, 6-3 y 6-1), y la semifinal de los Juegos Ol\u00edmpicos de Par\u00eds (6-1 y 6-1).<\/p>\n<p>\nA qu\u00e9 hora juega Alcaraz la semifinal de las ATP Finals ante Aliassime\n<\/p>\n<p class=\"voc-p\" style=\"\">El partido entre Carlos Alcaraz y Felix Auger-Aliassime est\u00e1 programado para la jornada del s\u00e1bado 15 de noviembre. El d\u00eda comenzar\u00e1 con el partido de dobles entre los italianos Simone Bolelli y Andrea Vavassori contra la pareja formada por Harri Heliovaara y Henry Patten a las 12.00 horas. A las 14.30 horas se disputar\u00e1 la primera semifinal entre Jannik Sinner y Alex de Mi\u00f1aur, a las 14.30 horas. <\/p>\n<p class=\"voc-p\" style=\"\">En la jornada vespertina, las otras dos semifinales. La de dobles entre dos parejas brit\u00e1nicas: Joe Salisbury y Neal Skupski contra Julian Cash y Lloyd Glasspool. Y <strong>a partir de las 20.30 horas<\/strong>, el partido estrella entre Alcaraz y Auger-Aliassime.<\/p>\n<p>\n\u00bfD\u00f3nde ver en televisi\u00f3n y online el partido de Alcaraz hoy en las ATP Finals ante Aliassime?\n<\/p>\n<p class=\"voc-p\" style=\"\">El partido entre Alcaraz y Auger-Aliassime se emite por <strong>Movistar+<\/strong>, plataforma que tiene los derechos de las ATP Finals.<\/p>\n<p class=\"voc-p\" style=\"\">Y podr\u00e1 seguir el minuto a minuto y toda la informaci\u00f3n sobre el torneo en <strong>ABC.es<\/strong><\/p>\n","protected":false},"excerpt":{"rendered":"Alcanza Carlos Alcaraz esa ronda l\u00edmite que consigui\u00f3 en su primera incursi\u00f3n en las ATP Finals de 2023.&hellip;\n","protected":false},"author":2,"featured_media":240185,"comment_status":"","ping_status":"","sticky":false,"template":"","format":"standard","meta":{"footnotes":""},"categories":[93],"tags":[4736,22131,1691,4632,168,25,24,57896,319,315,133,16388,23,167,807,809],"class_list":{"0":"post-240184","1":"post","2":"type-post","3":"status-publish","4":"format-standard","5":"has-post-thumbnail","7":"category-deportes","8":"tag-alcaraz","9":"tag-aliassime","10":"tag-atp","11":"tag-canal","12":"tag-deportes","13":"tag-es","14":"tag-espana","15":"tag-finals","16":"tag-horario","17":"tag-hoy","18":"tag-online","19":"tag-semifinal","20":"tag-spain","21":"tag-sports","22":"tag-television","23":"tag-ver"},"share_on_mastodon":{"url":"https:\/\/pubeurope.com\/@es\/115562899271297995","error":""},"_links":{"self":[{"href":"https:\/\/www.europesays.com\/es\/wp-json\/wp\/v2\/posts\/240184","targetHints":{"allow":["GET"]}}],"collection":[{"href":"https:\/\/www.europesays.com\/es\/wp-json\/wp\/v2\/posts"}],"about":[{"href":"https:\/\/www.europesays.com\/es\/wp-json\/wp\/v2\/types\/post"}],"author":[{"embeddable":true,"href":"https:\/\/www.europesays.com\/es\/wp-json\/wp\/v2\/users\/2"}],"replies":[{"embeddable":true,"href":"https:\/\/www.europesays.com\/es\/wp-json\/wp\/v2\/comments?post=240184"}],"version-history":[{"count":0,"href":"https:\/\/www.europesays.com\/es\/wp-json\/wp\/v2\/posts\/240184\/revisions"}],"wp:featuredmedia":[{"embeddable":true,"href":"https:\/\/www.europesays.com\/es\/wp-json\/wp\/v2\/media\/240185"}],"wp:attachment":[{"href":"https:\/\/www.europesays.com\/es\/wp-json\/wp\/v2\/media?parent=240184"}],"wp:term":[{"taxonomy":"category","embeddable":true,"href":"https:\/\/www.europesays.com\/es\/wp-json\/wp\/v2\/categories?post=240184"},{"taxonomy":"post_tag","embeddable":true,"href":"https:\/\/www.europesays.com\/es\/wp-json\/wp\/v2\/tags?post=240184"}],"curies":[{"name":"wp","href":"https:\/\/api.w.org\/{rel}","templated":true}]}}