{"id":240186,"date":"2025-11-17T03:24:08","date_gmt":"2025-11-17T03:24:08","guid":{"rendered":"https:\/\/www.europesays.com\/es\/240186\/"},"modified":"2025-11-17T03:24:08","modified_gmt":"2025-11-17T03:24:08","slug":"una-familia-nunca-espera-que-su-hijo-vaya-a-nacer-prematuro","status":"publish","type":"post","link":"https:\/\/www.europesays.com\/es\/240186\/","title":{"rendered":"\u00abUna familia nunca espera que su hijo vaya a nacer prematuro\u00bb"},"content":{"rendered":"<p>Para algunas familias que esperan un beb\u00e9 la vida a veces les cambia el guion y lo que esperaban que fuera un nacimiento tranquilo y com\u00fan se convierte en un<strong> adelantado camino nuevo e inesperado<\/strong>. \u00abCuando una familia espera un hijo, nunca piensa que vaya a nacer antes de tiempo, uno se genera <strong>expectativas de que va a volver a casa a las 48 horas<\/strong> con un bebe de tres kilos\u00bb, explica Elena Torrens, enfermera y supervisora de la Unidad de Neonatos del Hospital Son Ll\u00e0tzer. \u00abLas familias pasan por un duelo, se encuentran con un beb\u00e9 que adem\u00e1s pesa muy poco y tiene que estar en una incubadora, lleno de cables\u00bb, agrega.<\/p>\n<p>Por ello, con motivo del <strong>Dial Mundial del Prematuro,<\/strong> el Hospital Son Ll\u00e0tzer celebra hoy una jornada dedicada a visibilizar los<strong> desaf\u00edos de las familias con beb\u00e9s nacidos antes de la semana 37<\/strong> de gestaci\u00f3n y promueve pr\u00e1cticas que <strong>mejoren su supervivencia y desarrollo<\/strong> como el m\u00e9todo canguro, \u00abmucho m\u00e1s efectivo que la incubadora\u00bb, se\u00f1ala Torrens.<\/p>\n<p>Durante el a\u00f1o 2024, Son Ll\u00e0tzer registr\u00f3 <strong>1.921 nacimientos, de los cuales 114 fueron prematuros,<\/strong> esto representa una tasa del 6%, una tasa que seg\u00fan se\u00f1alan es estable respecto a a\u00f1os anteriores, pues ronda entre el 7 y 10%.<\/p>\n<p>Existen varios grados de prematuriedad, Torrens especifica que la semana normal de nacimiento est\u00e1 entre la 37 y la 42, antes es tard\u00edo prematuro. El extremo prematuro que es anterior a la semana 28 es desplazado al Hospital Son Espases, ya que all\u00ed, se\u00f1ala que \u00abtiene el personal y la tecnolog\u00eda espec\u00edfica\u00bb para estos casos. En cuanto a los riesgo advierte que \u00abcuanto m\u00e1s prematuro, mayores son los riesgos\u00bb, especialmente a nivel cerebral.<\/p>\n<p>Un encuentro con la lectura<\/p>\n<p>Coincidiendo con la fecha, el centro inaugura una nueva<strong> Biblioteca pedi\u00e1trica en la unidad<\/strong>, una iniciativa impulsada por las pediatras del equipo de Neonatolog\u00eda y Neurolog\u00eda Infantil. \u00abLa idea es que las familias tengan a su alcance libros, especialmente cuentos, aunque hay de todo tipo, para que los padres puedan leerles a sus beb\u00e9s y as\u00ed creen un h\u00e1bito que luego pueden continuar en casa\u00bb, informa la doctora Antonia M\u00aa Serra.<\/p>\n<p>Asimismo, agrega que la <strong>lectura<\/strong> junto al m\u00e9todo canguro, es decir, la colocaci\u00f3n del beb\u00e9 sobre el t\u00f3rax de la madre piel con piel, aporta <strong>est\u00edmulos \u00abpositivos muy variados\u00bb<\/strong>. \u00abEl prematuro escucha la voz, recibe palabras ricas y variadas. En lugar de mirar el m\u00f3vil, que no aporta nada, dedicar ese tiempo a leer un cuento ofrece un gran beneficio para el neurodesarrollo del beb\u00e9\u00bb. Tambi\u00e9n subraya que<strong> favoroce el v\u00ednculo maternofilial<\/strong> y de cara al futuro declara que \u00abse asocia a mejores resultados acad\u00e9mico\u00bb. Esto favorece a su vez a las familias, pues \u00abreduce el estr\u00e9s asociado al ingreso hospitalario\u00bb, informa Serra.<\/p>\n<p>Este a\u00f1o el hospital tambi\u00e9n cuenta con la colaboraci\u00f3n de la <strong>Asociaci\u00f3n de Padres de Ni\u00f1os Prematuros de Balears (APREM Baleares<\/strong>), con una vigencia de solo un a\u00f1o, que ha aprovechado para decorar los pasillos envolvernos en calidez y ternura para el d\u00eda de hoy. \u00abUna prematuridad es dura, y acompa\u00f1ar a la familia hace todo m\u00e1s amable. Lo importante es confiar en los profesionales, comunicar dudas y miedos y celebrar la vida\u00bb, confiesa la responsable de la asociaci\u00f3n Pia Matus, quien tambi\u00e9n vivi\u00f3 la experiencia y asegura que fue dif\u00edcil para ella.<\/p>\n","protected":false},"excerpt":{"rendered":"Para algunas familias que esperan un beb\u00e9 la vida a veces les cambia el guion y lo que&hellip;\n","protected":false},"author":2,"featured_media":240187,"comment_status":"","ping_status":"","sticky":false,"template":"","format":"standard","meta":{"footnotes":""},"categories":[92],"tags":[25,24,165,2552,2553,2554,166,23,1529,21],"class_list":{"0":"post-240186","1":"post","2":"type-post","3":"status-publish","4":"format-standard","5":"has-post-thumbnail","7":"category-salud","8":"tag-es","9":"tag-espana","10":"tag-health","11":"tag-local","12":"tag-palma","13":"tag-palma-de-mallorca","14":"tag-salud","15":"tag-spain","16":"tag-ultima-hora","17":"tag-ultimas-noticias"},"share_on_mastodon":{"url":"https:\/\/pubeurope.com\/@es\/115562903295804740","error":""},"_links":{"self":[{"href":"https:\/\/www.europesays.com\/es\/wp-json\/wp\/v2\/posts\/240186","targetHints":{"allow":["GET"]}}],"collection":[{"href":"https:\/\/www.europesays.com\/es\/wp-json\/wp\/v2\/posts"}],"about":[{"href":"https:\/\/www.europesays.com\/es\/wp-json\/wp\/v2\/types\/post"}],"author":[{"embeddable":true,"href":"https:\/\/www.europesays.com\/es\/wp-json\/wp\/v2\/users\/2"}],"replies":[{"embeddable":true,"href":"https:\/\/www.europesays.com\/es\/wp-json\/wp\/v2\/comments?post=240186"}],"version-history":[{"count":0,"href":"https:\/\/www.europesays.com\/es\/wp-json\/wp\/v2\/posts\/240186\/revisions"}],"wp:featuredmedia":[{"embeddable":true,"href":"https:\/\/www.europesays.com\/es\/wp-json\/wp\/v2\/media\/240187"}],"wp:attachment":[{"href":"https:\/\/www.europesays.com\/es\/wp-json\/wp\/v2\/media?parent=240186"}],"wp:term":[{"taxonomy":"category","embeddable":true,"href":"https:\/\/www.europesays.com\/es\/wp-json\/wp\/v2\/categories?post=240186"},{"taxonomy":"post_tag","embeddable":true,"href":"https:\/\/www.europesays.com\/es\/wp-json\/wp\/v2\/tags?post=240186"}],"curies":[{"name":"wp","href":"https:\/\/api.w.org\/{rel}","templated":true}]}}