{"id":240188,"date":"2025-11-17T03:25:11","date_gmt":"2025-11-17T03:25:11","guid":{"rendered":"https:\/\/www.europesays.com\/es\/240188\/"},"modified":"2025-11-17T03:25:11","modified_gmt":"2025-11-17T03:25:11","slug":"no-representa-el-viaje-que-he-hecho-2","status":"publish","type":"post","link":"https:\/\/www.europesays.com\/es\/240188\/","title":{"rendered":"No representa el viaje que he hecho"},"content":{"rendered":"<p class=\"c-paragraph\">TVE estren\u00f3 el mi\u00e9rcoles Hasta el fin del mundo, el nuevo reality de famosos que ha supuesto, para muchos, la aventura de sus vidas. Una de las protagonistas es <a href=\"https:\/\/www.20minutos.es\/tags\/personas\/alba-carrillo.html\" title=\"Alba Carrillo\" rel=\"nofollow noopener\" target=\"_blank\">Alba Carrillo<\/a>, que forma pareja con <a href=\"https:\/\/www.20minutos.es\/tags\/personas\/cristina-cifuentes.html\" title=\"Cristina Cifuentes\" rel=\"nofollow noopener\" target=\"_blank\">Cristina Cifuentes<\/a>.<\/p>\n<p class=\"c-paragraph\">Sin embargo, y tras la emisi\u00f3n de la primera entrega, la modelo ha mostrado p\u00fablicamente su <b>rechazo a la edici\u00f3n del programa<\/b>.\u00a0\u00ab<b>No estoy de acuerdo con ella, no representa el viaje que he hecho<\/b>\u00ab, comenta, bastante molesta, la tambi\u00e9n colaboradora del ente p\u00fablico.<\/p>\n<p class=\"c-paragraph\">\u00abHa sido un viaje maravilloso, han pasado cosas de todo tipo y creo que la edici\u00f3n <b>no representa lo que hemos trabajado Cristina y yo<\/b>\u00ab, dice concretamente Carrillo en un v\u00eddeo subido a sus redes.<\/p>\n<p class=\"c-paragraph\">Adem\u00e1s, la modelo, que lleg\u00f3 la \u00faltima junto a su pareja en la etapa emitida, se centra en un hecho concreto. \u00abSale que, mientras que todos est\u00e1n llegando a la meta, Alba y Cristina deciden irse a un spa. No, Alba y Cristina ten\u00edan que hacer esa actividad como todos los dem\u00e1s, era obligatoria y nosotras no nos la pod\u00edamos saltar. Dar una imagen de que nosotras nos hemos ido a un spa en vez de ir a nuestro trabajo, cuando hemos sido unas luchadoras, unas currantas y hemos estado sin dormir, sin comer o sin desayunar a trabajar, pues la verdad es que a m\u00ed personalmente me duele. <b>Se me est\u00e1n despellejando los dedos porque somatizo todo<\/b>\u00ab.<\/p>\n<p class=\"c-paragraph\">\u00abSe han centrado mucho en los conflictos de Cristina y m\u00edos. Pero claro, han sido todos en la gesti\u00f3n del programa, pero hay much\u00edsimas cosas que Alba y Cristina, como pareja, han dado. Han trabajado, han luchado, se han re\u00eddo, han hecho t\u00e1ndem sin conocerse y<b> me duele que se centren en las disputas que hemos podido tener<\/b>\u00ab.<\/p>\n<p class=\"c-paragraph\">\u00ab<b>Estoy convencida con el formato y supercontenta con el programa, pero no con la edici\u00f3n<\/b>. Me sent\u00eda tan mal, tan poco representada con lo que yo viv\u00ed&#8230;\u00bb, deja claro.\u00a0<\/p>\n","protected":false},"excerpt":{"rendered":"TVE estren\u00f3 el mi\u00e9rcoles Hasta el fin del mundo, el nuevo reality de famosos que ha supuesto, para&hellip;\n","protected":false},"author":2,"featured_media":240189,"comment_status":"","ping_status":"","sticky":false,"template":"","format":"standard","meta":{"footnotes":""},"categories":[91],"tags":[9623,16360,24039,19913,146,147,25,24,15819,23],"class_list":{"0":"post-240188","1":"post","2":"type-post","3":"status-publish","4":"format-standard","5":"has-post-thumbnail","7":"category-entretenimiento","8":"tag-alba","9":"tag-arremete","10":"tag-carrillo","11":"tag-contra","12":"tag-entertainment","13":"tag-entretenimiento","14":"tag-es","15":"tag-espana","16":"tag-hasta","17":"tag-spain"},"share_on_mastodon":{"url":"https:\/\/pubeurope.com\/@es\/115562907287162000","error":""},"_links":{"self":[{"href":"https:\/\/www.europesays.com\/es\/wp-json\/wp\/v2\/posts\/240188","targetHints":{"allow":["GET"]}}],"collection":[{"href":"https:\/\/www.europesays.com\/es\/wp-json\/wp\/v2\/posts"}],"about":[{"href":"https:\/\/www.europesays.com\/es\/wp-json\/wp\/v2\/types\/post"}],"author":[{"embeddable":true,"href":"https:\/\/www.europesays.com\/es\/wp-json\/wp\/v2\/users\/2"}],"replies":[{"embeddable":true,"href":"https:\/\/www.europesays.com\/es\/wp-json\/wp\/v2\/comments?post=240188"}],"version-history":[{"count":0,"href":"https:\/\/www.europesays.com\/es\/wp-json\/wp\/v2\/posts\/240188\/revisions"}],"wp:featuredmedia":[{"embeddable":true,"href":"https:\/\/www.europesays.com\/es\/wp-json\/wp\/v2\/media\/240189"}],"wp:attachment":[{"href":"https:\/\/www.europesays.com\/es\/wp-json\/wp\/v2\/media?parent=240188"}],"wp:term":[{"taxonomy":"category","embeddable":true,"href":"https:\/\/www.europesays.com\/es\/wp-json\/wp\/v2\/categories?post=240188"},{"taxonomy":"post_tag","embeddable":true,"href":"https:\/\/www.europesays.com\/es\/wp-json\/wp\/v2\/tags?post=240188"}],"curies":[{"name":"wp","href":"https:\/\/api.w.org\/{rel}","templated":true}]}}