{"id":240241,"date":"2025-11-17T04:14:08","date_gmt":"2025-11-17T04:14:08","guid":{"rendered":"https:\/\/www.europesays.com\/es\/240241\/"},"modified":"2025-11-17T04:14:08","modified_gmt":"2025-11-17T04:14:08","slug":"guerra-ucrania-rusia-en-directo-43","status":"publish","type":"post","link":"https:\/\/www.europesays.com\/es\/240241\/","title":{"rendered":"Guerra Ucrania &#8211; Rusia, en directo"},"content":{"rendered":"<p><strong>Trump avisa que habr\u00e1 \u00absanciones severas\u00bb para \u00abcualquier pa\u00eds\u00bb con negocios con Rusia<\/strong><br \/>&#13;<br \/>\n\u00a0<br \/>&#13;<br \/>\nEl presidente de Estados Unidos, Donald Trump, ha avisado que habr\u00e1 \u00absanciones severas\u00bb para \u00abcualquier pa\u00eds\u00bb que haga negocios con Rusia, y tal vez con Ir\u00e1n, al respaldar una iniciativa en el Congreso estadounidense para presionar al mandatario ruso, Vlad\u00edmir Putin.<\/p>\n<p>&#13;<br \/>\nCuestionado por la prensa, Trump ha aseverado que est\u00e1 \u00abde acuerdo\u00bb con legislaci\u00f3n que discutir\u00e1 el Congreso para presionar a Rusia y a Putin. Senadores\u00a0republicanos y dem\u00f3cratas impulsan una iniciativa para imponer aranceles a pa\u00edses que importan energ\u00e9ticos rusos y sanciones secundarias para expresas extranjeras que ayudan a la producci\u00f3n de energ\u00eda en Rusia.<\/p>\n<p>&#13;<br \/>\nLas nuevas sanciones llegar\u00edan despu\u00e9s de las que anunci\u00f3 el Departamento del Tesoro estadounidense en agosto contra las dos principales petroleras rusas, Rosneft y Lukoil, como respuesta a la \u00abfalta de compromiso serio por parte de Rusia con un proceso de paz para poner fin a la guerra en Ucrania\u00bb.<\/p>\n<p>&#13;<br \/>\nEl Tesoro afirm\u00f3 entonces que se hac\u00edan para \u00abmermar la capacidad del Kremlin\u00bb, y defendi\u00f3 la voluntad de Washington de encontrar \u00abuna resoluci\u00f3n pac\u00edfica de la guerra\u00bb.\u00a0<\/p>\n<p>\u00a0<\/p>\n<p>Trump, que aspira a un Premio Nobel de la Paz, ha expresado su frustraci\u00f3n con Putin, con quien se reuni\u00f3 el 15 de agosto, con vistas a un alto al fuego en Ucrania.<\/p>\n<p>&#13;<br \/>\nDesde el inicio de la guerra en Ucrania, en febrero de 2022, Washington ha sancionado a m\u00e1s de 6.000 personas y entidades vinculadas a la maquinaria b\u00e9lica rusa, acciones que ha ido ampliando y endureciendo en respuesta a nuevos ataques y las escaladas en el conflicto.\u00a0<\/p>\n","protected":false},"excerpt":{"rendered":"Trump avisa que habr\u00e1 \u00absanciones severas\u00bb para \u00abcualquier pa\u00eds\u00bb con negocios con Rusia&#13; \u00a0&#13; El presidente de Estados&hellip;\n","protected":false},"author":2,"featured_media":240242,"comment_status":"","ping_status":"","sticky":false,"template":"","format":"standard","meta":{"footnotes":""},"categories":[42],"tags":[17,18,13,14,11,61,62,63,64,19,20,9,10,15,16,12,21,22,65,66,67],"class_list":{"0":"post-240241","1":"post","2":"type-post","3":"status-publish","4":"format-standard","5":"has-post-thumbnail","7":"category-internacional","8":"tag-breaking-news","9":"tag-breakingnews","10":"tag-featured-news","11":"tag-featurednews","12":"tag-headlines","13":"tag-internacional","14":"tag-international","15":"tag-international-news","16":"tag-internationalnews","17":"tag-latest-news","18":"tag-latestnews","19":"tag-news","20":"tag-noticias","21":"tag-noticias-destacadas","22":"tag-noticiasdestacadas","23":"tag-titulares","24":"tag-ultimas-noticias","25":"tag-ultimasnoticias","26":"tag-world","27":"tag-world-news","28":"tag-worldnews"},"share_on_mastodon":{"url":"","error":""},"_links":{"self":[{"href":"https:\/\/www.europesays.com\/es\/wp-json\/wp\/v2\/posts\/240241","targetHints":{"allow":["GET"]}}],"collection":[{"href":"https:\/\/www.europesays.com\/es\/wp-json\/wp\/v2\/posts"}],"about":[{"href":"https:\/\/www.europesays.com\/es\/wp-json\/wp\/v2\/types\/post"}],"author":[{"embeddable":true,"href":"https:\/\/www.europesays.com\/es\/wp-json\/wp\/v2\/users\/2"}],"replies":[{"embeddable":true,"href":"https:\/\/www.europesays.com\/es\/wp-json\/wp\/v2\/comments?post=240241"}],"version-history":[{"count":0,"href":"https:\/\/www.europesays.com\/es\/wp-json\/wp\/v2\/posts\/240241\/revisions"}],"wp:featuredmedia":[{"embeddable":true,"href":"https:\/\/www.europesays.com\/es\/wp-json\/wp\/v2\/media\/240242"}],"wp:attachment":[{"href":"https:\/\/www.europesays.com\/es\/wp-json\/wp\/v2\/media?parent=240241"}],"wp:term":[{"taxonomy":"category","embeddable":true,"href":"https:\/\/www.europesays.com\/es\/wp-json\/wp\/v2\/categories?post=240241"},{"taxonomy":"post_tag","embeddable":true,"href":"https:\/\/www.europesays.com\/es\/wp-json\/wp\/v2\/tags?post=240241"}],"curies":[{"name":"wp","href":"https:\/\/api.w.org\/{rel}","templated":true}]}}