{"id":240273,"date":"2025-11-17T04:51:10","date_gmt":"2025-11-17T04:51:10","guid":{"rendered":"https:\/\/www.europesays.com\/es\/240273\/"},"modified":"2025-11-17T04:51:10","modified_gmt":"2025-11-17T04:51:10","slug":"canastas-que-producen-amores-infinitos","status":"publish","type":"post","link":"https:\/\/www.europesays.com\/es\/240273\/","title":{"rendered":"canastas que producen amores infinitos"},"content":{"rendered":"<p class=\"article-text\">\n        El deporte cordob\u00e9s est\u00e1 lleno de historias peculiares en cuanto a extranjeros. Son miles los que han pasado por la provincia en todas las disciplinas, dejando m\u00e1s o menos huella por el camino. En lo \u00faltimos a\u00f1os, el f\u00fatbol con el C\u00f3rdoba CF y el balonmano con el \u00c1ngel Xim\u00e9nez o el Adesal, por su condici\u00f3n de jugar en la \u00e9lite, son los que m\u00e1s han atra\u00eddo talento de fuera de las fronteras espa\u00f1olas. Eso s\u00ed, hist\u00f3ricamente, quiz\u00e1 no haya un deporte en clave califa que haya sumado m\u00e1s acento internacional que el baloncesto. De hecho, <a href=\"https:\/\/cordopolis.eldiario.es\/deportes\/baloncesto\/baloncesto-cordobes-internacional_1_12602871.html\" target=\"_blank\" data-mrf-recirculation=\"links-noticia\" class=\"link\" rel=\"nofollow noopener\">esta temporada se est\u00e1 cumpliendo un absoluto r\u00e9cord en hasta seis clubes diferentes<\/a>. Eso da lugar a infinidad de an\u00e9cdotas, momentos para el recuerdo, pasos amargos, operaciones para olvidar, relaciones fallidas o amores para toda la vida. Es justamente esto \u00faltimo lo que v\u00edncula al Club Baloncesto Montilla con el primer extranjero de su historia.\n    <\/p>\n<p>    <a href=\"https:\/\/cordopolis.eldiario.es\/deportes\/baloncesto\/libro-dias-vino-canastas-repasa-cuatro-decadas-vida-baloncesto-montilla_1_12411788.html\" data-mrf-recirculation=\"saber-mas\" data-dl-event=\"saber-mas\" rel=\"nofollow noopener\" target=\"_blank\"><\/p>\n<p class=\"know-more__title\">El libro \u2018D\u00edas de vino y canastas\u2019 repasa las cuatro d\u00e9cadas de vida del baloncesto en Montilla<\/p>\n<p>            <img decoding=\"async\" class=\"lazy\" loading=\"lazy\" data-src=\"https:\/\/static.eldiario.es\/clip\/8041f4bb-994d-4766-8082-e378a18b577b_16-9-aspect-ratio_default_0.jpg\" src=\"data:image\/svg+xml,%3Csvg xmlns=\" http:=\"\" viewbox=\"0 0 880 495\" alt=\"El libro \u2018D\u00edas de vino y canastas\u2019 repasa las cuatro d\u00e9cadas de vida del baloncesto en Montilla\"\/><\/p>\n<p>                        <\/a><\/p>\n<p class=\"article-text\">\n        En efecto, el conjunto vin\u00edcola, que vivi\u00f3 su \u00e9poca de esplendor en torno a la canasta a principios de este siglo, ech\u00f3 a andar por primera vez en 1984, cuando en la localidad apenas hab\u00eda otras opciones deportivas que no fuesen el f\u00fatbol o la nataci\u00f3n, la cual hab\u00eda comenzado a rodar a la par que el baloncesto. Adem\u00e1s, en unos tiempos donde la mayor parte del talento se concentraba en la capital, aunque hab\u00eda n\u00facleos provinciales de gran impacto. Unos cuantos amigos montillanos decidieron unir ese germen que hab\u00eda brotado en colegios y plazas del municipio, para empezar a trabajar de manera federada. Y, casualidades del destino, ya en su primera temporada contaron con un americano en sus filas.\n    <\/p>\n<p class=\"article-text\">\n        Se trata de Edwars Myers Garth, quien perteneci\u00f3 al primer equipo montillano entre 1984 y 1986, es decir, durante las dos primeras temporadas de su historia. Un caso peculiar y que se dio al residir este norteamericano en Montilla debido a que pertenec\u00eda a la congregaci\u00f3n de los Evangelistas. As\u00ed, tras ganarse una merecida fama durante las ligas de verano, fue un fichaje de impacto para aquel club que daba sus primeros pasos. Un rubio americano, alto, elegante en su t\u00e9cnica, excelente base-escolta y, seguramente, mucho mejor tirador, que hac\u00eda las delicias del p\u00fablico.\n    <\/p>\n<p>            <img decoding=\"async\" class=\"lazy\" loading=\"lazy\" data-src=\"https:\/\/static.eldiario.es\/clip\/738ad07b-ebd9-4080-90fb-cac5ec7d990b_16-9-discover-aspect-ratio_default_0.jpg\" src=\"data:image\/svg+xml,%3Csvg xmlns=\" http:=\"\" viewbox=\"0 0 1200 675\" alt=\"Edwars Myers, con el dorsal 7, con el CB Montilla en 1984.\"\/><\/p>\n<p class=\"article-text\">\n        Fueron tan solo unos pocos a\u00f1os de vinculaci\u00f3n (Myers lleg\u00f3 a vivir igualmente en otras localidades cordobesas), aunque el amor por Montilla ya quedar\u00eda grabado a fuego para toda la vida. As\u00ed, este pasado verano se public\u00f3 el libro &#8216;D\u00edas de vino y canastas&#8217;, que viene a conmemorar el 40\u00ba aniversario del CB Montilla. Debido a esto, miembros del club decidieron enviarle un ejemplar al primer norteamericano de su historia, por entonces compa\u00f1ero y, cuatro d\u00e9cadas despu\u00e9s, un amigo en la distancia.\n    <\/p>\n<p class=\"article-text\">\n        De este modo, el paquete inclu\u00eda no solo el citado libro, sino igualmente una gorra del club, un pin y una camiseta con el nombre de Myers y el dorsal que luc\u00eda que por aquella \u00e9poca. Lo m\u00e1s curioso de todo es que, lejos de que cayera en el olvido, Montilla segu\u00eda ocupando un pedacito muy importante en el coraz\u00f3n de este estadounidense. A miles de kil\u00f3metros, el v\u00ednculo cordob\u00e9s continuaba intacto, tal y como quedaba reflejado en una imagen que el protagonista envi\u00f3 de vuelta agradeciendo el regalo, y donde posaba junto a sus cuatro nietos en el sal\u00f3n de su casa, presidido por un gran cartel de una corrida de toros en Montilla.\n    <\/p>\n<p class=\"article-text\">\n        Myers vive actualmente en R\u00edo Rancho, Nuevo M\u00e9xico, y pas\u00f3 en total una d\u00e9cada en la provincia de C\u00f3rdoba, entre Montilla y Pe\u00f1arroya. Lleg\u00f3 a Espa\u00f1a con una hija y los dos siguientes pueden considerarse cordobeses, dado en el municipio de la Campi\u00f1a Sur naci\u00f3 su primer hijo, mientras que en Pe\u00f1arroya tuvo a su segunda hija. A\u00fan hoy, 40 a\u00f1os despu\u00e9s, afirma que los 10 a\u00f1os que estuvo en Espa\u00f1a fueron \u201clos mejores de mi vida\u201d.\n    <\/p>\n","protected":false},"excerpt":{"rendered":"El deporte cordob\u00e9s est\u00e1 lleno de historias peculiares en cuanto a extranjeros. Son miles los que han pasado&hellip;\n","protected":false},"author":2,"featured_media":240274,"comment_status":"","ping_status":"","sticky":false,"template":"","format":"standard","meta":{"footnotes":""},"categories":[269],"tags":[13332,299,298,49960,168,25,24,61927,1906,14611,524,12110,23,167],"class_list":{"0":"post-240273","1":"post","2":"type-post","3":"status-publish","4":"format-standard","5":"has-post-thumbnail","7":"category-baloncesto","8":"tag-amores","9":"tag-baloncesto","10":"tag-basketball","11":"tag-canastas","12":"tag-deportes","13":"tag-es","14":"tag-espana","15":"tag-infinitos","16":"tag-mexico","17":"tag-montilla","18":"tag-nuevo","19":"tag-producen","20":"tag-spain","21":"tag-sports"},"share_on_mastodon":{"url":"https:\/\/pubeurope.com\/@es\/115563245600148232","error":""},"_links":{"self":[{"href":"https:\/\/www.europesays.com\/es\/wp-json\/wp\/v2\/posts\/240273","targetHints":{"allow":["GET"]}}],"collection":[{"href":"https:\/\/www.europesays.com\/es\/wp-json\/wp\/v2\/posts"}],"about":[{"href":"https:\/\/www.europesays.com\/es\/wp-json\/wp\/v2\/types\/post"}],"author":[{"embeddable":true,"href":"https:\/\/www.europesays.com\/es\/wp-json\/wp\/v2\/users\/2"}],"replies":[{"embeddable":true,"href":"https:\/\/www.europesays.com\/es\/wp-json\/wp\/v2\/comments?post=240273"}],"version-history":[{"count":0,"href":"https:\/\/www.europesays.com\/es\/wp-json\/wp\/v2\/posts\/240273\/revisions"}],"wp:featuredmedia":[{"embeddable":true,"href":"https:\/\/www.europesays.com\/es\/wp-json\/wp\/v2\/media\/240274"}],"wp:attachment":[{"href":"https:\/\/www.europesays.com\/es\/wp-json\/wp\/v2\/media?parent=240273"}],"wp:term":[{"taxonomy":"category","embeddable":true,"href":"https:\/\/www.europesays.com\/es\/wp-json\/wp\/v2\/categories?post=240273"},{"taxonomy":"post_tag","embeddable":true,"href":"https:\/\/www.europesays.com\/es\/wp-json\/wp\/v2\/tags?post=240273"}],"curies":[{"name":"wp","href":"https:\/\/api.w.org\/{rel}","templated":true}]}}