{"id":240289,"date":"2025-11-17T05:01:14","date_gmt":"2025-11-17T05:01:14","guid":{"rendered":"https:\/\/www.europesays.com\/es\/240289\/"},"modified":"2025-11-17T05:01:14","modified_gmt":"2025-11-17T05:01:14","slug":"la-historia-oral-del-museo-de-arte-abstracto-de-cuenca-el-mas-bello-del-mundo-cultura","status":"publish","type":"post","link":"https:\/\/www.europesays.com\/es\/240289\/","title":{"rendered":"La historia oral del museo de arte abstracto de Cuenca: \u201cEl m\u00e1s bello del mundo\u201d | Cultura"},"content":{"rendered":"<p class=\"\">Para Cuenca hay un antes y un despu\u00e9s de la llegada del <a href=\"https:\/\/elpais.com\/cultura\/2022-11-14\/zobel-en-el-prado-otro-pintor-contemporaneo-en-la-pinacoteca-de-arte-antiguo.html\" target=\"_blank\" rel=\"noreferrer nofollow noopener\" title=\"https:\/\/elpais.com\/cultura\/2022-11-14\/zobel-en-el-prado-otro-pintor-contemporaneo-en-la-pinacoteca-de-arte-antiguo.html\">mecenas y artista filipino Fernando Z\u00f3bel<\/a> y del grupo de creadores con los que en 1966 cre\u00f3 el <a href=\"https:\/\/www.march.es\/es\/cuenca\" target=\"_blank\" rel=\"noreferrer nofollow noopener\" title=\"https:\/\/www.march.es\/es\/cuenca\">Museo de Arte Abstracto Espa\u00f1ol<\/a> en una de las preciosas Casas Colgadas que miran al desfiladero del r\u00edo Hu\u00e9car. En aquella Espa\u00f1a de la dictadura todav\u00eda hab\u00eda pocos museos y ninguno dedicado al arte contempor\u00e1neo. El creador hizo el milagro con su generosidad y con la ayuda de su gran amigo <a href=\"https:\/\/elpais.com\/cultura\/2025-09-07\/muere-a-los-100-anos-el-artista-gustavo-torner-maestro-de-la-abstraccion.html\" target=\"_blank\" rel=\"noreferrer nofollow noopener\" title=\"https:\/\/elpais.com\/cultura\/2025-09-07\/muere-a-los-100-anos-el-artista-gustavo-torner-maestro-de-la-abstraccion.html\">Gustavo Torner<\/a>, que falleci\u00f3 recientemente a los 100 a\u00f1os. Y otros grandes creadores como Gerardo Rueda, Manolo Millares, Antonio Saura, Eusebio Sempere, Jos\u00e9 Guerrero, Jos\u00e9 Mar\u00eda Yturralde y Jordi Teixidor, entre otros.<\/p>\n<p>M\u00e1s informaci\u00f3n<\/p>\n<p class=\"\">Celina Quintas, directora del museo (desde 1981 es propiedad de la Fundaci\u00f3n Juan March) recuerda que este fue uno de los primeros dirigido por artistas en Espa\u00f1a. El proyecto de Z\u00f3bel respald\u00f3 a <a href=\"https:\/\/elpais.com\/cultura\/2025-09-07\/muere-a-los-100-anos-el-artista-gustavo-torner-maestro-de-la-abstraccion.html\" target=\"_blank\" rel=\"noreferrer nofollow noopener\" title=\"https:\/\/elpais.com\/cultura\/2025-09-07\/muere-a-los-100-anos-el-artista-gustavo-torner-maestro-de-la-abstraccion.html\">toda una generaci\u00f3n de pintores y escultores<\/a>, abri\u00f3 el camino a las siguientes y propici\u00f3 la aparici\u00f3n de un p\u00fablico nuevo. Valga un ejemplo, sus salas, que reciben m\u00e1s de 80.000 visitantes al a\u00f1o, albergan uno de los conjuntos m\u00e1s representativos del arte abstracto espa\u00f1ol de la segunda mitad del siglo XX. <\/p>\n<p class=\"\">De la creaci\u00f3n y evoluci\u00f3n del museo se guarda documentaci\u00f3n escrita en forma de cat\u00e1logos de cada una de las exposiciones y se conserva un fondo fotogr\u00e1fico de primer nivel. Pero lo m\u00e1s novedoso del museo es el <a href=\"https:\/\/davidplazasagrado.com\/proyecto8.html\" target=\"_blank\" rel=\"noreferrer nofollow noopener\" title=\"https:\/\/davidplazasagrado.com\/proyecto8.html\">archivo audiovisual que David Plaza<\/a>, responsable del programa educativo de la Fundaci\u00f3n March, puso en marcha en 2021, en plena pandemia. Un proyecto que sigue en proceso y cuyos resultados se han podido ver y escuchar en dos entregas. La tercera acaba de quedar lista para ser contemplada por el p\u00fablico. <\/p>\n<p><img decoding=\"auto\" class=\"_re lazyload a_m-h\" height=\"233\"  width=\"414\"  src=\"https:\/\/www.europesays.com\/es\/wp-content\/uploads\/2025\/11\/EMC6TYCKTBC3PF63LBYIWOTMW4.png\" loading=\"lazy\"\/>Maribel, una vecina de Cuenca que forma parte de la historia oral del Museo Abstracto de la ciudad.Fundaci\u00f3n March (cortes\u00eda)<\/p>\n<p class=\"\">Plaza explica que su idea fue realizar un archivo de historia oral grabado en v\u00eddeo con los testimonios de personas que vivieron en torno al museo y al caso antiguo de Cuenca desde los a\u00f1os sesenta hasta la muerte de Fernando Z\u00f3bel, en 1984. El archivo completo, pensado para la investigaci\u00f3n, estar\u00e1 disponible en el futuro para quienes lo soliciten. \u201cParalelamente\u201d, a\u00f1ade, \u201cvoy editando cap\u00edtulos audiovisuales con intenci\u00f3n divulgativa, que se han expuesto en la Sala Z del museo y en instituciones internacionales como el Ayala Museum (Filipinas) y la National Gallery de Singapur, en este \u00faltimo caso dentro de la exposici\u00f3n Fernando Z\u00f3bel: Order is essential\u00bb.<\/p>\n<p><img decoding=\"auto\" class=\"_re lazyload a_m-h\" height=\"233\"  width=\"414\"  src=\"https:\/\/www.europesays.com\/es\/wp-content\/uploads\/2025\/11\/YDPXP7F2LRCM3KLRPKONZBHLVU.JPG\" loading=\"lazy\"\/>Keiko, otra ciudadana an\u00f3nima que forma parte de los archivos del Museo Abstracto de Cuenca.Fundaci\u00f3n March (cortes\u00eda)<\/p>\n<p class=\"\">Todos los entrevistados para las piezas audiovisuales son vecinos y vecinas del casco antiguo de Cuenca que coincidieron con Z\u00f3bel y fueron testigos de la transformaci\u00f3n de la ciudad. En las dos primeras entregas, tambi\u00e9n hay testimonios de antiguos becados, viajeros reincidentes o artistas devotos del museo <a href=\"https:\/\/elpais.com\/cultura\/2024-02-28\/rafael-canogar-un-museo-para-el-maestro-del-informalismo-ahora-falta-un-horizonte-utopico.html\" target=\"_blank\" rel=\"nofollow noopener\" title=\"https:\/\/elpais.com\/cultura\/2024-02-28\/rafael-canogar-un-museo-para-el-maestro-del-informalismo-ahora-falta-un-horizonte-utopico.html\">como Antonio L\u00f3pez, Elvireta Escobio o Rafael Canogar<\/a>. A todos se les invita a contar, de manera breve, lo que recuerdan de la creaci\u00f3n del museo hace casi sesenta a\u00f1os, del impacto sobre sus vidas, pero tambi\u00e9n del barrio que habitan y la ciudad que lo circunda y c\u00f3mo han cambiado. <\/p>\n<p class=\"\">\u201cLos protagonistas, muchos de ellos buenos conocedores del museo y la ciudad\u201d, explica David Plaza, \u201cdesgranan y cuentan al mundo su relaci\u00f3n con Fernando Z\u00f3bel y c\u00f3mo influy\u00f3 en sus vidas\u201d. El resultado es un archivo de la memoria y un registro de recuerdos, toda una aut\u00e9ntica \u201chistoria oral\u201d, en la expresi\u00f3n utilizada por Joseph Gould, en 1972, para reivindicar en su d\u00eda su trabajo como historiador de Greenwich Village (Nueva York), cuando vagabundeaba por las calles, plazas y casas escribiendo relatos de la gente de aquel barrio neoyorquino.<\/p>\n<p class=\"\">Los testimonios de unos y otros completan el puzle de la personalidad de uno de los artistas y mecenas m\u00e1s valorado en el siglo XX y m\u00e1s querido en Cuenca. Como prueba de ese amor, Celina Quintas recuerda el funeral de despedida que se le dedic\u00f3 el 6 de junio de 1984, cuando miles de personas abarrotaron los dos kil\u00f3metros en cuesta que separan la catedral hasta el peque\u00f1o cementerio de San Isidro en el que fue enterrado.<\/p>\n<p><img decoding=\"auto\" class=\"_re lazyload a_m-h\" height=\"280\"  width=\"414\"  src=\"https:\/\/www.europesays.com\/es\/wp-content\/uploads\/2025\/11\/B6FQKJ5RLNB3DAGUMNUC3OZCLM.jpg\" loading=\"lazy\"\/>Artistas en la inauguraci\u00f3n de la ampliaci\u00f3n del museo el 28 de noviembre de 1978. Archivo Fernando Z\u00f3bel, Biblioteca y Centro de Apoyo a la Investigaci\u00f3n.Fundaci\u00f3n Juan March. Foto: Luis P\u00e9rez M\u00ednguezImpacto mundial<\/p>\n<p class=\"\">El impacto mundial comenz\u00f3 casi desde la inauguraci\u00f3n del espacio. La revista Time estuvo en los preparativos de la apertura y public\u00f3 un extenso reportaje titulado<a href=\"https:\/\/content.time.com\/time\/magazine\/0,9263,7601660729,00.html\" target=\"_blank\" rel=\"noreferrer nofollow noopener\" title=\"https:\/\/content.time.com\/time\/magazine\/0,9263,7601660729,00.html\"> A New View from the Cliff<\/a> (Una nueva vista desde el barranco), publicado el 29 de julio de 1966. La visita de Alfred Barr, primer director del MoMA de Nueva York, contribuy\u00f3 al prestigio internacional de Cuenca al decir que se trataba de \u201cel peque\u00f1o museo m\u00e1s bello del mundo\u201d. Era 1967 y el influyente historiador era el invitado de honor en una comida que los artistas le dedicaron en la casa de Eusebio Sempere. <\/p>\n<p class=\"\">Pero hay una huella no menos importante y tiene que ver con la repercusi\u00f3n que el museo tuvo en la vida de la ciudad. Due\u00f1o de un car\u00e1cter abierto y muy curioso, Z\u00f3bel fue un vecino pr\u00f3ximo y cari\u00f1oso con todo el mundo. Era habitual verle pasear con su c\u00e1mara al cuello por la ciudad retratando a ni\u00f1os y mayores y escuchando sus historias personales. Esas im\u00e1genes de personajes corrientes de la Cuenca de los sesenta y setenta nutren un inestimable dep\u00f3sito fotogr\u00e1fico de la historia de la ciudad en el museo.<\/p>\n<p><img decoding=\"auto\" class=\"_re lazyload a_m-v\" height=\"420\"  width=\"414\"  src=\"https:\/\/www.europesays.com\/es\/wp-content\/uploads\/2025\/11\/ZEQVAEZD3BDMJH4VKRCU3HEPIE.jpg\" loading=\"lazy\"\/>Sala 3 Museo de Arte Abstracto Espa\u00f1ol. Archivo Fernando Z\u00f3bel, Biblioteca y Centro de Apoyo a la Investigaci\u00f3n.Fundaci\u00f3n Juan March. Foto: Jaume Blassi<\/p>\n<p class=\"\">Z\u00f3bel fue el encargado de encontrar la casa perfecta para exponer su colecci\u00f3n de arte abstracto, germen del museo. Despu\u00e9s, el artista busc\u00f3 viviendas para sus colegas en las Casas Colgadas, todas previamente rehabilitadas por el ayuntamiento. Hasta all\u00ed lleg\u00f3 Antonio Saura, que se instal\u00f3 en una casa-taller que alternaba con la que pose\u00eda en Par\u00eds. <a href=\"https:\/\/elpais.com\/cultura\/2025-09-07\/muere-a-los-100-anos-el-artista-gustavo-torner-maestro-de-la-abstraccion.html\" target=\"_blank\" rel=\"noreferrer nofollow noopener\" title=\"https:\/\/elpais.com\/cultura\/2025-09-07\/muere-a-los-100-anos-el-artista-gustavo-torner-maestro-de-la-abstraccion.html\">El conquense Gustavo Torner ten\u00eda su propia vivienda<\/a>; a fin de cuentas, fue el gran responsable de que Cuenca fuera la ciudad elegida para el museo, despu\u00e9s de que se tanteara la posibilidad de Toledo. Los dos artistas se conocieron en la bienal de Venecia de 1962 y a la vuelta recorrieron sus calles. El filipino qued\u00f3 impactado por el paisaje deslumbrante que rodea el conjunto arquitect\u00f3nico. El apoyo del equipo municipal hizo el resto. <\/p>\n<p class=\"\">Para la adecuaci\u00f3n del museo y las viviendas de los artistas, el forastero Z\u00f3bel recurri\u00f3 a pintores, carpinteros, ebanistas, electricistas o canteros que viv\u00edan en la zona. Con \u00e9l prosperaron los oficios existentes y nacieron otros vinculados a las actividades del museo: enmarcadores, montadores y enteladores.<\/p>\n<p><img decoding=\"auto\" class=\"_re lazyload a_m-v\" height=\"503\"  width=\"414\"  src=\"https:\/\/www.europesays.com\/es\/wp-content\/uploads\/2025\/11\/HY7ISINPS5FIFEWAR2A57PDU3E.jpg\" loading=\"lazy\"\/>El Museo de Cuenca, en una imagen de 1984. Bernardo P\u00e9rez<\/p>\n<p class=\"\">A la sombra del Museo de Arte Abstracto se cre\u00f3 la Facultad de Bellas Artes en Cuenca y con el tiempo surgieron otras instituciones culturales como la <a href=\"https:\/\/fundacionantonioperez.com\/\" target=\"_blank\" rel=\"noreferrer nofollow noopener\" title=\"https:\/\/fundacionantonioperez.com\/\">Fundaci\u00f3n Antonio P\u00e9rez<\/a>, el <a href=\"https:\/\/www.espaciotorner.es\/\" target=\"_blank\" rel=\"noreferrer nofollow noopener\" title=\"https:\/\/www.espaciotorner.es\/\">Espacio Torner<\/a>, la <a href=\"https:\/\/visitacuenca.es\/es\/content\/descubre-museos\/casa-museo-zavala\" target=\"_blank\" rel=\"noreferrer nofollow noopener\" title=\"https:\/\/visitacuenca.es\/es\/content\/descubre-museos\/casa-museo-zavala\">Casa Zavala<\/a> y el <a href=\"https:\/\/www.coleccionrobertopolo.es\/\" target=\"_blank\" rel=\"noreferrer nofollow noopener\" title=\"https:\/\/www.coleccionrobertopolo.es\/\">centro de arte dedicado a la colecci\u00f3n Roberto Polo.<\/a><\/p>\n","protected":false},"excerpt":{"rendered":"Para Cuenca hay un antes y un despu\u00e9s de la llegada del mecenas y artista filipino Fernando Z\u00f3bel&hellip;\n","protected":false},"author":2,"featured_media":240290,"comment_status":"","ping_status":"","sticky":false,"template":"","format":"standard","meta":{"footnotes":""},"categories":[91],"tags":[229,2875,1942,209,146,147,25,24,61931,35224,61930,3873,23],"class_list":{"0":"post-240289","1":"post","2":"type-post","3":"status-publish","4":"format-standard","5":"has-post-thumbnail","7":"category-entretenimiento","8":"tag-arte","9":"tag-arte-contemporaneo","10":"tag-cuenca","11":"tag-cultura","12":"tag-entertainment","13":"tag-entretenimiento","14":"tag-es","15":"tag-espana","16":"tag-fernando-zobel","17":"tag-gustavo-torner","18":"tag-museo-arte-abstracto-espanol","19":"tag-museos","20":"tag-spain"},"share_on_mastodon":{"url":"https:\/\/pubeurope.com\/@es\/115563285226716509","error":""},"_links":{"self":[{"href":"https:\/\/www.europesays.com\/es\/wp-json\/wp\/v2\/posts\/240289","targetHints":{"allow":["GET"]}}],"collection":[{"href":"https:\/\/www.europesays.com\/es\/wp-json\/wp\/v2\/posts"}],"about":[{"href":"https:\/\/www.europesays.com\/es\/wp-json\/wp\/v2\/types\/post"}],"author":[{"embeddable":true,"href":"https:\/\/www.europesays.com\/es\/wp-json\/wp\/v2\/users\/2"}],"replies":[{"embeddable":true,"href":"https:\/\/www.europesays.com\/es\/wp-json\/wp\/v2\/comments?post=240289"}],"version-history":[{"count":0,"href":"https:\/\/www.europesays.com\/es\/wp-json\/wp\/v2\/posts\/240289\/revisions"}],"wp:featuredmedia":[{"embeddable":true,"href":"https:\/\/www.europesays.com\/es\/wp-json\/wp\/v2\/media\/240290"}],"wp:attachment":[{"href":"https:\/\/www.europesays.com\/es\/wp-json\/wp\/v2\/media?parent=240289"}],"wp:term":[{"taxonomy":"category","embeddable":true,"href":"https:\/\/www.europesays.com\/es\/wp-json\/wp\/v2\/categories?post=240289"},{"taxonomy":"post_tag","embeddable":true,"href":"https:\/\/www.europesays.com\/es\/wp-json\/wp\/v2\/tags?post=240289"}],"curies":[{"name":"wp","href":"https:\/\/api.w.org\/{rel}","templated":true}]}}