{"id":240295,"date":"2025-11-17T05:04:11","date_gmt":"2025-11-17T05:04:11","guid":{"rendered":"https:\/\/www.europesays.com\/es\/240295\/"},"modified":"2025-11-17T05:04:11","modified_gmt":"2025-11-17T05:04:11","slug":"ecuador-vota-si-abre-el-camino-a-una-nueva-constitucion","status":"publish","type":"post","link":"https:\/\/www.europesays.com\/es\/240295\/","title":{"rendered":"Ecuador vota si abre el camino a una nueva Constituci\u00f3n"},"content":{"rendered":"<p data-gtm-element-container=\"modulo-texto-link\" class=\"paragraph\">Un 12 % de los m\u00e1s de 13,9 millones de electores convocados a las urnas depositaron su voto durante la primera hora del refer\u00e9ndum de este domingo de Ecuador. En la consulta, los ciudadanos deben responder a cuatro preguntas, como una sobre la convocatoria de una asamblea constituyente que elabore una nueva carta magna u otra para permitir nuevamente la instalaci\u00f3n de bases militares extranjeras.<\/p>\n<p data-gtm-element-container=\"modulo-texto-link\" class=\"paragraph\">La presidenta del Consejo Nacional Electoral (CNE), Diana Atamaint, en el primer informe sobre el avance del proceso, con corte a las 8:00 hora local (13:00 GMT), destac\u00f3 que el hecho de que en una hora haya sufragado el 12 % de los electores \u201crefleja una participaci\u00f3n activa por parte de la ciudadan\u00eda\u201d.<\/p>\n<p>        Lee tambi\u00e9n<\/p>\n<p>    Agencias<\/p>\n<p>             <img loading=\"lazy\" decoding=\"async\" data-full-src=\"https:\/\/www.lavanguardia.com\/uploads\/2025\/11\/16\/6919e4c8dd08e.jpeg\" alt=\"Arrestan en Espa\u00f1a a l\u00edder de Los Lobos, una de las principales bandas criminales de Ecuador\" width=\"104\" height=\"108\" src=\"https:\/\/www.europesays.com\/es\/wp-content\/uploads\/2025\/11\/6919e4c8dd08e.jpeg\" class=\"lazy\"\/><\/p>\n<p data-gtm-element-container=\"modulo-texto-link\" class=\"paragraph\">Atamaint formul\u00f3 un llamamiento para que la poblaci\u00f3n acuda a las urnas durante la jornada \u201cde manera ordenada\u201d.<\/p>\n<p data-gtm-element-container=\"modulo-texto-link\" class=\"paragraph\">Asimismo, inform\u00f3 de que la jornada de votaci\u00f3n en el exterior avanza \u201ccon absoluta normalidad\u201d y ya concluy\u00f3 en Australia, Corea del Sur, Jap\u00f3n, China e Indonesia.<\/p>\n<p data-gtm-element-container=\"modulo-texto-link\" class=\"paragraph\">Como \u00fanica novedad, se\u00f1al\u00f3 el hecho de que el presidente de una mesa electoral en la localidad de Muisne, en la provincia costera de Esmeraldas, sustrajo cuatro papeletas.<\/p>\n<p>Votaci\u00f3n<br \/>\nLas autoridades han pedido a la poblaci\u00f3n que acuda a votar \u201cde forma ordenada\u201d<\/p>\n<p data-gtm-element-container=\"modulo-texto-link\" class=\"paragraph\">Los militares detectaron la anomal\u00eda y le entregaron a las autoridades correspondientes, dijo al recordar que el c\u00f3digo penal sanciona con prisi\u00f3n de seis meses a dos a\u00f1os a quien sustraiga o sustituya fraudulentamente papeletas de votaci\u00f3n.<\/p>\n<p data-gtm-element-container=\"modulo-texto-link\" class=\"paragraph\">Atamaint asegur\u00f3 que la totalidad de las mesas electorales se instalaron con \u201cabsoluta normalidad\u201d y detall\u00f3 que el 82,1 % fueron integradas por sus miembros principales, un 14,29 % por suplentes de la misma junta y un 2,33 % con los de otras mesas electorales.<\/p>\n<p>        Lee tambi\u00e9n<\/p>\n<p>    Agencias<\/p>\n<p>             <img loading=\"lazy\" decoding=\"async\" data-full-src=\"https:\/\/www.lavanguardia.com\/uploads\/2025\/11\/15\/69182bf54ddc3.jpeg\" alt=\"Horizontal\" width=\"104\" height=\"108\" src=\"https:\/\/www.europesays.com\/es\/wp-content\/uploads\/2025\/11\/69182bf54ddc3.r_d.2998-1914.jpeg\" class=\"lazy\"\/><\/p>\n<p data-gtm-element-container=\"modulo-texto-link\" class=\"paragraph\">Adem\u00e1s, un 1,36 % fue conformado por ciudadanos que se encontraban en la fila de votaci\u00f3n, en cumplimiento de la normativa electoral, en caso de que no se haya logrado integrar la mesa con las personas designadas con anterioridad.<\/p>\n<p data-gtm-element-container=\"modulo-texto-link\" class=\"paragraph\">La presidenta record\u00f3 que se mantiene la prohibici\u00f3n de fotografiar el voto, por lo que formul\u00f3 llamado a los ciudadanos para evitar sanciones y ejercer el derecho al voto \u201cde manera libre y secreta\u201d.<\/p>\n<p>Votaci\u00f3n<br \/>\nM\u00e1s de 13,9 millones de ecuatorianos est\u00e1n llamados a las urnas<\/p>\n<p data-gtm-element-container=\"modulo-texto-link\" class=\"paragraph\">M\u00e1s de 13,9 millones de ecuatorianos est\u00e1n llamados a las urnas para responder tambi\u00e9n a la posibilidad de reducir el n\u00famero de integrantes de la Asamblea Nacional (Parlamento) de 151 a 73 representantes y eliminar la financiaci\u00f3n p\u00fablica a partidos pol\u00edticos, de modo que solo puedan financiarse con recursos privados.\u00a0<\/p>\n<p>Refer\u00e9ndum<br \/>\nUnos 196.000 ecuatorianos votan en Espa\u00f1a<\/p>\n<p class=\"module-text\">M\u00e1s de 196.000 ecuatorianos est\u00e1n llamados a las urnas este domingo para votar el referendo y la consulta popular desde Espa\u00f1a, donde la embajada ecuatoriana en el pa\u00eds record\u00f3 a sus ciudadanos que \u201ccada voto cuenta\u201d.<\/p>\n<p>Seg\u00fan el Consejo Nacional Electoral ecuatoriano (CNE), est\u00e1n habilitados para votar en territorio espa\u00f1ol 196.249 ecuatorianos.<\/p>\n<p>En Espa\u00f1a hay 19 recintos electorales distribuidos en las principales ciudades donde se concentra la comunidad ecuatoriana, como Madrid, Barcelona, Valencia o Murcia, y pueden acudir a las urnas todas las personas que efectuaron el cambio de domicilio electoral antes del pasado 22 de agosto.<\/p>\n<p>\u201cHoy es un d\u00eda muy especial para nuestra democracia\u201d, ha asegurado la embajadora, Wilma Andrade, cuando ha acudido a votar en el recinto ferial IFEMA de Madrid. La representante diplom\u00e1tica ha se\u00f1alado que \u201clo m\u00e1s importante es estar unidos\u201d: \u201cSomos un solo pa\u00eds. (&#8230;) Nos cobija la misma bandera\u201d, ha sostenido.<\/p>\n","protected":false},"excerpt":{"rendered":"Un 12 % de los m\u00e1s de 13,9 millones de electores convocados a las urnas depositaron su voto&hellip;\n","protected":false},"author":2,"featured_media":240296,"comment_status":"","ping_status":"","sticky":false,"template":"","format":"standard","meta":{"footnotes":""},"categories":[42],"tags":[17,18,13,14,11,61,62,63,64,19,20,9,10,15,16,12,21,22,65,66,67],"class_list":{"0":"post-240295","1":"post","2":"type-post","3":"status-publish","4":"format-standard","5":"has-post-thumbnail","7":"category-internacional","8":"tag-breaking-news","9":"tag-breakingnews","10":"tag-featured-news","11":"tag-featurednews","12":"tag-headlines","13":"tag-internacional","14":"tag-international","15":"tag-international-news","16":"tag-internationalnews","17":"tag-latest-news","18":"tag-latestnews","19":"tag-news","20":"tag-noticias","21":"tag-noticias-destacadas","22":"tag-noticiasdestacadas","23":"tag-titulares","24":"tag-ultimas-noticias","25":"tag-ultimasnoticias","26":"tag-world","27":"tag-world-news","28":"tag-worldnews"},"share_on_mastodon":{"url":"https:\/\/pubeurope.com\/@es\/115563296976174412","error":""},"_links":{"self":[{"href":"https:\/\/www.europesays.com\/es\/wp-json\/wp\/v2\/posts\/240295","targetHints":{"allow":["GET"]}}],"collection":[{"href":"https:\/\/www.europesays.com\/es\/wp-json\/wp\/v2\/posts"}],"about":[{"href":"https:\/\/www.europesays.com\/es\/wp-json\/wp\/v2\/types\/post"}],"author":[{"embeddable":true,"href":"https:\/\/www.europesays.com\/es\/wp-json\/wp\/v2\/users\/2"}],"replies":[{"embeddable":true,"href":"https:\/\/www.europesays.com\/es\/wp-json\/wp\/v2\/comments?post=240295"}],"version-history":[{"count":0,"href":"https:\/\/www.europesays.com\/es\/wp-json\/wp\/v2\/posts\/240295\/revisions"}],"wp:featuredmedia":[{"embeddable":true,"href":"https:\/\/www.europesays.com\/es\/wp-json\/wp\/v2\/media\/240296"}],"wp:attachment":[{"href":"https:\/\/www.europesays.com\/es\/wp-json\/wp\/v2\/media?parent=240295"}],"wp:term":[{"taxonomy":"category","embeddable":true,"href":"https:\/\/www.europesays.com\/es\/wp-json\/wp\/v2\/categories?post=240295"},{"taxonomy":"post_tag","embeddable":true,"href":"https:\/\/www.europesays.com\/es\/wp-json\/wp\/v2\/tags?post=240295"}],"curies":[{"name":"wp","href":"https:\/\/api.w.org\/{rel}","templated":true}]}}