{"id":240314,"date":"2025-11-17T05:22:13","date_gmt":"2025-11-17T05:22:13","guid":{"rendered":"https:\/\/www.europesays.com\/es\/240314\/"},"modified":"2025-11-17T05:22:13","modified_gmt":"2025-11-17T05:22:13","slug":"estos-son-los-vips-que-asisten-al-derbi-aragones-real-zaragoza-huesca-y-los-que-no-heraldo-es","status":"publish","type":"post","link":"https:\/\/www.europesays.com\/es\/240314\/","title":{"rendered":"Estos son los vips que asisten al derbi aragon\u00e9s Real Zaragoza-Huesca y los que no &#8211; heraldo.es"},"content":{"rendered":"<ol>\n<li><a href=\"https:\/\/news.google.com\/rss\/articles\/CBMi3AFBVV95cUxPekZZMnd6MTdhRk1rZlVxejNqZmlaTE1iSlRqTWpLcEZTTTIxd19PWG1hWVJKNi1WQjNlTVZNUVVjV2hHblRlZ2FIdFBuaWxoRzliUXVKbDlmYkNSWnFhaXdCYjd0WXVlZWxjMVd2aGNPS1NGa2V4VHl3dkMwU2p6enZEWHRGckI4dkRoOHg2a1BTTzVtekhjZkxnZHo4cThEOWwxY3hsdG85SzVLd0tYZ0ptUWdSQ0ttdVdGdG5hTTI0cGhGWTI4QlBRczBsWllJRjlicjVKWXdwTXRB?oc=5\" target=\"_blank\" rel=\"nofollow noopener\">Estos son los vips que asisten al derbi aragon\u00e9s Real Zaragoza-Huesca y los que no<\/a>&nbsp;&nbsp;heraldo.es<\/li>\n<li><a href=\"https:\/\/news.google.com\/rss\/articles\/CBMiqgFBVV95cUxNTGRYMmpab2NranYyM1VjZU9uMjZzTkFyd0EyNTA3TTljamNNa0hibzVkOGFmczZPTzNmaVpzQk5heGxQMWNqMWFMRGJ6T0NmVlhkVFdFVXFZLU9SOHB2SkJSNllSOGxoY3pPXzNxOXBJQk5PSVliMG54VlBtdkt2b0JlWkdxSzNWTENzY2pPNXhyUlFhY00wMUx4R2FfTHBxaHRlT0Q1cEl6Z9IBvgFBVV95cUxNTVRScEZJeXVhd0RHOTZVellmSWtDZzNyeDhGWGtVOGo4WVdlNnREREY4d3B1RnNfak1KSDE2TTBlY0RxTTlRdURCcFRnTzlZMi1WMmN5X0xwVVplVnZuVngwdXVGVTNVUV9oQmNEYTk1SW8yMVlaNzExalBrZ0hHd1l1bS1WUnd6OHRraFJtc1MyS3dMRmxNdzdaQkxuaXRSU2FXRkZaNWg3ZC1wNThkZ0twT2NGY0xoa0xCcVdB?oc=5\" target=\"_blank\" rel=\"nofollow noopener\">Real Zaragoza 1 &#8211; 0 SD Huesca: resumen, goles y resultado<\/a>&nbsp;&nbsp;Diario AS<\/li>\n<li><a href=\"https:\/\/news.google.com\/rss\/articles\/CBMisAFBVV95cUxNdzVfUS1pakpNY2hFOElCZmU4SnhxbWZfU3FMZFdGcmFQbTdsLWVWck1zVmxfdFEybHluVUVqaWVlaWo4NFVMMlFUcDRBMFFuamU5Tm5mMm1qcnM1TjBFMkw0ejczS3Q3Q2hNRlJlNFVoZEZ4Zkc2RVY3RDFjaGlMbWc2ZzBCNWl5YWlBQnE0emlVRDh5VG5kbzVVNjNyc3ZfZnZpU0kwcmJHc3hyQ3RsZg?oc=5\" target=\"_blank\" rel=\"nofollow noopener\">FLASH | Mart\u00edn, tras el Real Zaragoza-SD Huesca | LaLiga Hypermotion<\/a>&nbsp;&nbsp;Real Zaragoza | Web Oficial<\/li>\n<li><a href=\"https:\/\/news.google.com\/rss\/articles\/CBMitgFBVV95cUxQbkRSQTZ6a1ZiRFhvY0hkMHhkUTN1UHQ3SldsY0ZzeThOOGtxeHd3SG91dFJ3QVl6LUhFRjUyb2dZSDNtMDEzS3NoY2gxbFhvTk9WYjRyMFVlamRQajd1NmpYTUc3YXJOdWgwX1R5N1lHZWVwdllVQmN0OS1uSjlyN29uTkNDNGFjb3VQMEtyWUhUeHdJbUVBQTU2bVhVb2dnN0kzZnFWMnlVc0dXb2tuMTB0eGdid9IBtgFBVV95cUxNUjJyUXExTjh6THREczNzak1LUGQ5eVRRWksxSTJyTW8taVVQN0NNNnRDcG1VdnBYand2eFhWbXhwdFNxN3RKdDk4ZjJ5RFh3dEpVcER4bjVMUjgyUmxjaWhTQkdtUnhiUDU0bnhELS1xdUFLb0Y3bzJYNjF6T3JkcWRuUFZZZUNxMDVkb2R2SFFCbUdWckUzR3BwLVE1R2lFZDdWUFJMdW5nVlBHR28tREdMNWYzQQ?oc=5\" target=\"_blank\" rel=\"nofollow noopener\">El Zaragoza resucita en el derbi m\u00e1s dram\u00e1tico y vuelve a creer<\/a>&nbsp;&nbsp;MARCA<\/li>\n<li><a href=\"https:\/\/news.google.com\/rss\/articles\/CBMiwAFBVV95cUxOb2Z5aUxuMTJZeE1Oa2Zsa3BFc0EyVlZ1dEZHN3hZSXY3RGc2cFEyU1ZNTUU0YmdNdU5nRHA3eTBQVlduUnUtNFF6WTVVTUhhQUR4aE1ObVZZWGJhdFFoNGx2TmpjaWJhVThoM1hqdnVibE53NTBkMW1Mbmx0ekItZFZINy1lWGVjdGNHNzRTcFZibkE5WDFISmMxYjgxRWExWUNyYnNvRVhiNFNEVDhweGZCQXVJNko4bHl5MHNnM1LSAcYBQVVfeXFMTWp0NjBYRHJydE1PQ0k2UGhpSnNjUlVOeXl5OXBPa0lqNERYTTA1Wnh6WlFQYWdCWGFOSnhfWVo5ZC12QkltZzktaEp2UWtjQTlNeDRkUHFvb3RUYU94VXBqem1uLUhJam5Kemc1RkU1UzNfcjZhTWllTXBtWmhtSUN3cV9EVEJYV0IzVXEyQVdpOEVDRERMSnEtbHoxUFdMRGVUNmpPZzlMcGRkcjFrVVFsSk9kZXNJS3E4ZEpCeWhUYk8yS1Rn?oc=5\" target=\"_blank\" rel=\"nofollow noopener\">El prodigioso ob\u00fas de Mart\u00edn Aguirregabiria y el arrebato de furia del Real Zaragoza de Rub\u00e9n Sell\u00e9s<\/a>&nbsp;&nbsp;El Peri\u00f3dico de Arag\u00f3n<\/li>\n<\/ol>\n","protected":false},"excerpt":{"rendered":"Estos son los vips que asisten al derbi aragon\u00e9s Real Zaragoza-Huesca y los que no&nbsp;&nbsp;heraldo.es Real Zaragoza 1&hellip;\n","protected":false},"author":2,"featured_media":240315,"comment_status":"","ping_status":"","sticky":false,"template":"","format":"standard","meta":{"footnotes":""},"categories":[93],"tags":[9069,36693,168,18298,25,24,1265,23,167,491],"class_list":{"0":"post-240314","1":"post","2":"type-post","3":"status-publish","4":"format-standard","5":"has-post-thumbnail","7":"category-deportes","8":"tag-aragones","9":"tag-asistiran","10":"tag-deportes","11":"tag-derbi","12":"tag-es","13":"tag-espana","14":"tag-huesca","15":"tag-spain","16":"tag-sports","17":"tag-zaragoza"},"share_on_mastodon":{"url":"https:\/\/pubeurope.com\/@es\/115563367307540272","error":""},"_links":{"self":[{"href":"https:\/\/www.europesays.com\/es\/wp-json\/wp\/v2\/posts\/240314","targetHints":{"allow":["GET"]}}],"collection":[{"href":"https:\/\/www.europesays.com\/es\/wp-json\/wp\/v2\/posts"}],"about":[{"href":"https:\/\/www.europesays.com\/es\/wp-json\/wp\/v2\/types\/post"}],"author":[{"embeddable":true,"href":"https:\/\/www.europesays.com\/es\/wp-json\/wp\/v2\/users\/2"}],"replies":[{"embeddable":true,"href":"https:\/\/www.europesays.com\/es\/wp-json\/wp\/v2\/comments?post=240314"}],"version-history":[{"count":0,"href":"https:\/\/www.europesays.com\/es\/wp-json\/wp\/v2\/posts\/240314\/revisions"}],"wp:featuredmedia":[{"embeddable":true,"href":"https:\/\/www.europesays.com\/es\/wp-json\/wp\/v2\/media\/240315"}],"wp:attachment":[{"href":"https:\/\/www.europesays.com\/es\/wp-json\/wp\/v2\/media?parent=240314"}],"wp:term":[{"taxonomy":"category","embeddable":true,"href":"https:\/\/www.europesays.com\/es\/wp-json\/wp\/v2\/categories?post=240314"},{"taxonomy":"post_tag","embeddable":true,"href":"https:\/\/www.europesays.com\/es\/wp-json\/wp\/v2\/tags?post=240314"}],"curies":[{"name":"wp","href":"https:\/\/api.w.org\/{rel}","templated":true}]}}