{"id":240319,"date":"2025-11-17T05:25:26","date_gmt":"2025-11-17T05:25:26","guid":{"rendered":"https:\/\/www.europesays.com\/es\/240319\/"},"modified":"2025-11-17T05:25:26","modified_gmt":"2025-11-17T05:25:26","slug":"varios-dias-de-uso-intensivo-sin-tener-que-pasar-por-el-cargador","status":"publish","type":"post","link":"https:\/\/www.europesays.com\/es\/240319\/","title":{"rendered":"varios d\u00edas de uso intensivo sin tener que pasar por el cargador"},"content":{"rendered":"<p class=\"paragraph\" id=\"paragraph_1\">Los \u00faltimos lanzamientos de Motorola en Espa\u00f1a han certificado la fijaci\u00f3n de la marca por diferentes sectores de mercado. <a href=\"https:\/\/www.elespanol.com\/elandroidelibre\/moviles-android\/analisis\/20250721\/probado-nuevo-motorola-edge-mensaje-envia-claro-movil-no-solo-especificaciones-ia\/1003743844939_0.html?utm_cmp_rs=linksinline\" rel=\"nofollow noopener\" target=\"_blank\">Su reciente Motorola Edge 60 lo demostraba con la IA<\/a>, mientras que sus <a href=\"https:\/\/www.elespanol.com\/omicrono\/analisis-prueba-productos\/20250822\/probado-reloj-inteligente-motorola-inspirado-apple-watch-comodo-olvidas-llevas-puesto\/1003743834917_0.html?utm_cmp_rs=linksinline\" rel=\"nofollow noopener\" target=\"_blank\">relojes inteligentes aspiraban a convertirse en los nuevos Apple Watch de Android<\/a>.<\/p>\n<p class=\"paragraph\" id=\"paragraph_2\">El moto g86 Power 5G de Motorola tiene un mensaje tambi\u00e9n claro, tremendamente claro: <strong>bater\u00eda y especificaciones a un bajo precio. <\/strong>No hablamos por hablar, ya que entre sus especificaciones nos encontramos 512 GB de memoria RAM <strong>y una descomunal autonom\u00eda.<\/strong><\/p>\n<p class=\"paragraph\" id=\"paragraph_3\">Todo ello por <a href=\"https:\/\/www.motorola.com\/es\/es\/p\/phones\/moto-g\/moto-g-power-5g\/2025\/pmipmhs42m7?pn=PB8X0004SE\" rel=\"nofollow noopener\" target=\"_blank\">un precio de 329 euros<\/a> para su versi\u00f3n de 8 y 512 GB, en un m\u00f3vil que vuelve a usar el dise\u00f1o como bandera para justificarse en una gama media cada vez m\u00e1s feroz en el mercado espa\u00f1ol.<\/p>\n<p>Dise\u00f1o y pantalla: es un moto<\/p>\n<p class=\"paragraph\" id=\"paragraph_4\">Hace ya un tiempo que Motorola afianz\u00f3 <strong>su alianza con PANTONE <\/strong>para dotar a sus tel\u00e9fonos de est\u00e9ticas diferenciadoras que resaltaran sus dispositivos por encima del resto. El moto g86 Power no es la excepci\u00f3n.<\/p>\n<p class=\"paragraph\" id=\"paragraph_5\">De base, partimos por un tel\u00e9fono de dimensiones relativamente grandes, pero <strong>que apuesta por un acabado que imita al cuero, <\/strong>en este caso en varias terminaciones que van desde tonos azules hasta verdosos y rojizos, siendo este \u00faltimo el color de nuestra unidad.<\/p>\n<p><img decoding=\"async\" alt=\"moto g86 Power 5G.\" data-imgm=\"true\" height=\"180\" loading=\"lazy\"  src=\"https:\/\/www.europesays.com\/es\/wp-content\/uploads\/2025\/11\/1003743999923_259754814_1024x576.jpg\"  width=\"320\"\/><\/p>\n<p>                                                            moto g86 Power 5G.<\/p>\n<p>                    Manuel Fern\u00e1ndez<\/p>\n<p>                    Omicrono<\/p>\n<p class=\"paragraph\" id=\"paragraph_6\">La buena noticia es que este dise\u00f1o <strong>otorga al moto g86 Power 5G una agradecida resistencia al polvo y al agua IP68\/69, <\/strong>que permite sumergir el tel\u00e9fono en agua dulce durante 30 minutos. Le sigue una protecci\u00f3n Corning Gorilla Glass 7i.<\/p>\n<p class=\"paragraph\" id=\"paragraph_7\">La est\u00e9tica del <strong>moto g86 Power 5G no es revolucionaria, <\/strong>pero s\u00ed acertada. Sus marcos planos se conjuntan con un estilo cepillado que combina genial con la parte trasera, que incluye ese tan agradable tacto a cuero que hace de su uso sin funda un gustazo.<\/p>\n<p><img loading=\"lazy\" decoding=\"async\" alt=\"Moto g06\" height=\"180\" src=\"https:\/\/www.europesays.com\/es\/wp-content\/uploads\/2025\/11\/1003743912759_258472353_320x180.jpg\" width=\"320\" data-lazy-status=\"processed\" data-lazy-info=\"remove loading item 1\"\/><\/p>\n<p class=\"paragraph\" id=\"paragraph_8\">Por el resto, el <strong>moto g86 Power 5G no destaca; mismo m\u00f3dulo de c\u00e1maras con tres sensores (que no cuatro) <\/strong>en la parte superior, el logo de Moto y altavoces con Dolby Atmos. Y estas son buenas noticias.<\/p>\n<p class=\"paragraph\" id=\"paragraph_9\">Este tel\u00e9fono recoge lo mejor de las gamas superiores de Motorola y la adapta a un plano m\u00e1s econ\u00f3mico que no perjudica al conjunto. El <strong>moto g86 Power 5G se siente bien en la mano, <\/strong>y no se antoja en absoluto barato.<\/p>\n<p><img decoding=\"async\" alt=\"moto g86 Power 5G.\" data-imgm=\"true\" height=\"180\" loading=\"lazy\"  src=\"https:\/\/www.europesays.com\/es\/wp-content\/uploads\/2025\/11\/1003743999924_259754835_1024x576.jpg\"  width=\"320\"\/><\/p>\n<p>                                                            moto g86 Power 5G.<\/p>\n<p>                    Manuel Fern\u00e1ndez<\/p>\n<p>                    Omicrono<\/p>\n<p class=\"paragraph\" id=\"paragraph_10\">Su pantalla sigue esta misma idea: sin efecto wow, pero funcional. M\u00e1s que funcional, de hecho. Estamos ante un panel de 6,67 pulgadas, en 20:09 de relaci\u00f3n de aspecto y Full HD+, con 2.712 x 1.220 p\u00edxeles.<\/p>\n<p class=\"paragraph\" id=\"paragraph_11\">El <strong>moto g86 Power 5G presume de una pl\u00e9tora de funciones de pantalla <\/strong>reservadas para tel\u00e9fonos m\u00e1s caros, como HDR10+, 10 bits de profundidad de color, 120 Hz de tasa de refresco y 4.500 nits de brillo.<\/p>\n<p><img decoding=\"async\" alt=\"Motorola Moto G75 5G\" height=\"180\" loading=\"lazy\" width=\"320\" data-lazy-status=\"processed\" id=\"1ef7dff840\" src=\"https:\/\/www.elespanol.com\/elandroidelibre\/moviles-android\/analisis\/20251116\/probamos-motorola-bateria-catalogo-varios-dias-uso-intensivo-sin-tener-pasar-cargador\/[\" https:=\"\" data-lazy-info=\"changed src\"\/><\/p>\n<p class=\"paragraph\" id=\"paragraph_12\">Su tecnolog\u00eda pOLED no destaca, pero <strong>su tama\u00f1o y su buen aprovechamiento de los bordes s\u00ed. <\/strong>Es un hecho que esta pantalla est\u00e1 muy bien, y servir\u00e1 para todos los usuarios que busquen un buen panel que corone su dispositivo.<\/p>\n<p class=\"paragraph\" id=\"paragraph_13\">Menci\u00f3n especial <strong>a su brillo pico de 4.500 nits, <\/strong>que m\u00e1s de una vez me ha salvado el d\u00eda cuando los rayos del sol incid\u00edan directamente sobre el dispositivo. No tendremos un panel de categor\u00eda <strong>pero cumple con cualquier situaci\u00f3n sin problemas.<\/strong><\/p>\n<p>Android &#8216;casi&#8217; puro con una potencia decente<\/p>\n<p class=\"paragraph\" id=\"paragraph_14\">El coraz\u00f3n de este moto g86 Power 5G no ha sido firmado por Qualcomm, sino por su competidor. Exacto; disponemos <strong>de un MediaTek Dimensity 7300, <\/strong>que potencia un sistema con Android 15 en una capa de personalizaci\u00f3n limpia y sin a\u00f1adidos excesivos.<\/p>\n<p><img decoding=\"async\" alt=\"moto g86 Power 5G.\" data-imgm=\"true\" height=\"180\" loading=\"lazy\"  src=\"https:\/\/www.europesays.com\/es\/wp-content\/uploads\/2025\/11\/1003743999926_259754856_1024x576.jpg\"  width=\"320\"\/><\/p>\n<p>                                                            moto g86 Power 5G.<\/p>\n<p>                    Manuel Fern\u00e1ndez<\/p>\n<p>                    Omicrono<\/p>\n<p class=\"paragraph\" id=\"paragraph_15\">Este SoC suele estar presente en las gamas superiores dentro de la l\u00ednea de tel\u00e9fonos de gama media de Android, y si bien no se postula como un chip incre\u00edblemente solvente, <strong>s\u00ed que muestra un buen rendimiento en el d\u00eda a d\u00eda.<\/strong><\/p>\n<p class=\"paragraph\" id=\"paragraph_16\">Aqu\u00ed ayuda mucho un sistema Android 15 pr\u00e1cticamente impoluto. S\u00ed es cierto que Motorola <strong>no cesa en sus esfuerzos por meter algunas apps basura preinstaladas, <\/strong>que tendremos que borrar una a una, por otro lado tendremos un sistema casi pulcro por el resto.<\/p>\n<p><img decoding=\"async\" alt=\"4000 mAh de bater\u00eda en media hora, as\u00ed es la nueva carga r\u00e1pida de OPPO\" height=\"180\" loading=\"lazy\" width=\"320\" data-lazy-status=\"processed\" id=\"ebaae23b4f\" src=\"https:\/\/www.elespanol.com\/elandroidelibre\/moviles-android\/analisis\/20251116\/probamos-motorola-bateria-catalogo-varios-dias-uso-intensivo-sin-tener-pasar-cargador\/[\" https:=\"\" data-lazy-info=\"changed src\"\/><\/p>\n<p class=\"paragraph\" id=\"paragraph_17\">Apenas hay opciones que resten m\u00e1s que aporten, y la interfaz es tan limpia que casi recuerda a la de un Pixel, salvando las distancias. El rendimiento general del moto g86 Power 5G <strong>ha sido m\u00e1s que suficiente, aunque sin grandes alardes.<\/strong><\/p>\n<p class=\"paragraph\" id=\"paragraph_18\">Para compensar los 8 GB de memoria RAM presentes en este moto g86 Power 5G (que en tareas intensivas de IA quedan insuficientes), Motorola ha tirado la casa por la ventana y ha a\u00f1adido <strong>nada menos que 512 GB de memoria.<\/strong><\/p>\n<p><img decoding=\"async\" alt=\"moto g86 Power 5G.\" data-imgm=\"true\" height=\"180\" loading=\"lazy\"  src=\"https:\/\/www.europesays.com\/es\/wp-content\/uploads\/2025\/11\/1003743999927_259754877_1024x576.jpg\"  width=\"320\"\/><\/p>\n<p>                                                            moto g86 Power 5G.<\/p>\n<p>                    Manuel Fern\u00e1ndez<\/p>\n<p>                    Omicrono<\/p>\n<p class=\"paragraph\" id=\"paragraph_19\">Dado que el principal foco de este tel\u00e9fono no es la IA sino la bater\u00eda, el dispositivo abraza algunas caracter\u00edsticas notables, entre las que se encuentra este medio terabyte de almacenamiento que sin duda agradecemos.<\/p>\n<p class=\"paragraph\" id=\"paragraph_20\">Solo hemos tenido un par de problemas con el moto g86 Power 5G, en momentos puntuales frutos de una optimizaci\u00f3n en ocasiones mejorable. En la app de c\u00e1mara, o en apps de sistema, <strong>s\u00ed que hemos visto alg\u00fan baj\u00f3n de rendimiento puntual.<\/strong><\/p>\n<p>Una descomunal bater\u00eda de 6.700 mAh<\/p>\n<p class=\"paragraph\" id=\"paragraph_21\">Cuando sacas el dispositivo de su caja, te esperas con su ancho que este tenga una bater\u00eda relativamente reducida, de a lo mejor 4.200 o 4.500 mAh. Este moto g86 Power 5G <strong>monta una brutal bater\u00eda de 6.720 mAh, <\/strong>incre\u00edble incluso para los est\u00e1ndares de hoy en d\u00eda.<\/p>\n<p><img decoding=\"async\" alt=\"\u00bfPuedo llevarme el m\u00f3vil a la playa o piscina? Esto es lo que debes saber\" height=\"180\" loading=\"lazy\" width=\"320\" data-lazy-status=\"processed\" id=\"541946858a\" src=\"https:\/\/www.elespanol.com\/elandroidelibre\/moviles-android\/analisis\/20251116\/probamos-motorola-bateria-catalogo-varios-dias-uso-intensivo-sin-tener-pasar-cargador\/[\" https:=\"\" data-lazy-info=\"changed src\"\/><\/p>\n<p class=\"paragraph\" id=\"paragraph_22\">Incluso teniendo en cuenta que el Dimensity 7300 de MediaTek no es el chip m\u00e1s eficiente del mercado, hemos podido extender la autonom\u00eda de este tel\u00e9fono <strong>a l\u00edmites insospechados, como poco.<\/strong><\/p>\n<p class=\"paragraph\" id=\"paragraph_23\">Motorola habla de unas 53 horas de uso, gracias a unas autonom\u00eda que, seg\u00fan la misma Motorola, se posiciona con la bater\u00eda de mayor duraci\u00f3n jam\u00e1s vista en un Moto. <strong>La promesa de varios d\u00edas de uso ininterrumpido se ve claramente cumplida.<\/strong><\/p>\n<p><img decoding=\"async\" alt=\"moto g86 Power 5G.\" data-imgm=\"true\" height=\"180\" loading=\"lazy\"  src=\"https:\/\/www.europesays.com\/es\/wp-content\/uploads\/2025\/11\/1003743999928_259754898_1024x576.jpg\"  width=\"320\"\/><\/p>\n<p>                                                            moto g86 Power 5G.<\/p>\n<p>                    Manuel Fern\u00e1ndez<\/p>\n<p>                    Omicrono<\/p>\n<p class=\"paragraph\" id=\"paragraph_24\">En mis usos, he podido exprimir este moto g86 Power 5G a varios d\u00edas seguidos en varios tipos de uso. En un momento dado, <strong>me vi sin pasar por el cargador entre 2 y 3 d\u00edas seguidos, <\/strong>mientras usaba el tel\u00e9fono de forma regular.<\/p>\n<p class=\"paragraph\" id=\"paragraph_25\">Cabe destacar que esta autonom\u00eda <strong>no afecta en absoluto al grosor del tel\u00e9fono,<\/strong> que se ve muy estilizado incluso con esta capacidad animal. Un punto tremendamente positivo para los de Lenovo.<\/p>\n<p><img decoding=\"async\" alt=\"Xiaomi lanza su propio cable USB de Tipo-C, desde cinco d\u00f3lares\" height=\"180\" loading=\"lazy\" width=\"320\" data-lazy-status=\"processed\" id=\"4c170f34b6\" src=\"https:\/\/www.elespanol.com\/elandroidelibre\/moviles-android\/analisis\/20251116\/probamos-motorola-bateria-catalogo-varios-dias-uso-intensivo-sin-tener-pasar-cargador\/[\" https:=\"\" data-lazy-info=\"changed src\"\/><\/p>\n<p class=\"paragraph\" id=\"paragraph_26\">Este es, de lejos, el mejor punto positivo del nuevo Moto de la empresa. Su \u00fanico aspecto negativo est\u00e1 en su carga, que est\u00e1 limitada a 30 W con tecnolog\u00eda TurboPower. Teniendo en cuenta la capacidad del tel\u00e9fono, <strong>hubi\u00e9ramos agradecido una carga sustancialmente mayor.<\/strong><\/p>\n<p>Unas c\u00e1maras que se ciegan en el procesado<\/p>\n<p class=\"paragraph\" id=\"paragraph_27\">Aunque el m\u00f3dulo de c\u00e1mara d\u00e9 lugar a enga\u00f1o, el moto g86 Power 5G dispone <strong>de un conjunto de hasta tres c\u00e1maras, <\/strong>con una configuraci\u00f3n ya conocida por muchos <strong>que incluye un sensor principal <\/strong>junto a un sensor de 8 megap\u00edxeles con disparo macro.<\/p>\n<p class=\"paragraph\" id=\"paragraph_28\">En el frente disponemos de un sensor de 32 megap\u00edxeles con apertura f\/2.2 y tecnolog\u00eda Quad Pixel, mientras que en la trasera <strong>tenemos un sensor principal LYTIA 600 de Sony, <\/strong>con 50 megap\u00edxeles de resoluci\u00f3n y estabilizaci\u00f3n \u00f3ptica OIS.<\/p>\n<p class=\"paragraph\" id=\"paragraph_29\">Le sigue <strong>un sensor ultra gran angular de 8 megap\u00edxeles <\/strong>con un campo de visi\u00f3n de 118 grados (apertura f\/2.2) <strong>que tambi\u00e9n hace las veces de macro. <\/strong>La tercera c\u00e1mara no parece ser usable, ya que Motorola ni la menciona en sus materiales promocionales.<\/p>\n<p><img decoding=\"async\" alt=\"Llega el USB-C \u00bfQu\u00e9 cables necesitar\u00e9 para conectar el Nexus?\" height=\"180\" loading=\"lazy\" width=\"320\" data-lazy-status=\"processed\" id=\"554f6a40b8\" src=\"https:\/\/www.elespanol.com\/elandroidelibre\/moviles-android\/analisis\/20251116\/probamos-motorola-bateria-catalogo-varios-dias-uso-intensivo-sin-tener-pasar-cargador\/[\" https:=\"\" data-lazy-info=\"changed src\"\/><\/p>\n<p class=\"paragraph\" id=\"paragraph_30\">El desempe\u00f1o de todas estas c\u00e1maras es el esperado en un Android de gama media, aunque con un eje diferenciador: <strong>el procesado por inteligencia artificial de las fotos, <\/strong>que en ocasiones puede lastrar bastante los resultados.<\/p>\n<p class=\"paragraph\" id=\"paragraph_31\">Cuando la luz acompa\u00f1a, las c\u00e1maras traseras cumplen su funci\u00f3n adecuadamente. El detalle no est\u00e1 mal, y en seg\u00fan qu\u00e9 condiciones de luz, podemos ver buenos resultados en materia de rango din\u00e1mico y nitidez.<\/p>\n<p><img decoding=\"async\" alt=\"moto g86 Power 5G.\" data-imgm=\"true\" height=\"180\" loading=\"lazy\"  src=\"https:\/\/www.europesays.com\/es\/wp-content\/uploads\/2025\/11\/1003743999929_259754919_1024x576.jpg\"  width=\"320\"\/><\/p>\n<p>                                                            moto g86 Power 5G.<\/p>\n<p>                    Manuel Fern\u00e1ndez<\/p>\n<p>                    Omicrono<\/p>\n<p class=\"paragraph\" id=\"paragraph_32\">El problema <strong>est\u00e1 en el HDR y en el procesamiento del mismo. <\/strong>En situaciones muy complicadas, llenas de claroscuros que impliquen la necesidad de equilibrar el alto rango din\u00e1mico, <strong>veremos las flaquezas de estas c\u00e1maras.<\/strong><\/p>\n<p class=\"paragraph\" id=\"paragraph_33\">Por ejemplo, cuando tenemos un sujeto principal acompa\u00f1ado de un cielo contrastado con los primeros rayos de la ma\u00f1ana, <strong>veremos un contorno fijo rodear a este sujeto <\/strong>en un intento de equilibrar la exposici\u00f3n entre los dos planos.<\/p>\n<p><img decoding=\"async\" alt=\"Prototipos de Project Ara de Google, smartphones modulares\" height=\"180\" loading=\"lazy\" width=\"320\" data-lazy-status=\"processed\" id=\"213bec1b07\" src=\"https:\/\/www.elespanol.com\/elandroidelibre\/moviles-android\/analisis\/20251116\/probamos-motorola-bateria-catalogo-varios-dias-uso-intensivo-sin-tener-pasar-cargador\/[\" https:=\"\" data-lazy-info=\"changed src\"\/><\/p>\n<p class=\"paragraph\" id=\"paragraph_34\">En este sentido, notamos un procesado algo agresivo, que potencia estos artefactos en la imagen y que en ocasiones cae en colores excesivamente contrastados. El HDR y la noche son los talones de Aquiles de este moto g86 Power 5G.<\/p>\n<p class=\"paragraph\" id=\"paragraph_35\">Los problemas que presentan estas c\u00e1maras en la noche se ven compensados por un buen pu\u00f1ado de opciones fotogr\u00e1ficas que sin mejorar los resultados, nos ayudan a tener un mejor control sobre estas situaciones.<\/p>\n<p>\u00bfMe lo compro?<\/p>\n<p class=\"paragraph\" id=\"paragraph_36\">El moto g86 Power 5G es un tel\u00e9fono que por un momento, se aleja de la fiebre de la inteligencia artificial y opta por algo que algunos ech\u00e1bamos de menos: <strong>darle bater\u00eda infinita al usuario sencillo, que no quiere gastarse mucho en su tel\u00e9fono.<\/strong><\/p>\n<p><img decoding=\"async\" alt=\"moto g86 Power 5G.\" data-imgm=\"true\" height=\"180\" loading=\"lazy\"  src=\"https:\/\/www.europesays.com\/es\/wp-content\/uploads\/2025\/11\/1003743999930_259754940_1024x576.jpg\"  width=\"320\"\/><\/p>\n<p>                                                            moto g86 Power 5G.<\/p>\n<p>                    Manuel Fern\u00e1ndez<\/p>\n<p>                    Omicrono<\/p>\n<p class=\"paragraph\" id=\"paragraph_38\">Sin sacrificar especificaciones por el camino, ojo. La idea es que podamos tener un rendimiento decente junto a un sistema relativamente limpio <strong>pero que no tenga ni un solo problema a nivel de bater\u00eda, <\/strong>incluso cuando le metemos ca\u00f1a.<\/p>\n<p class=\"paragraph\" id=\"paragraph_39\">\u00bfTiene carencias? Desde luego, pero tener esta bater\u00eda tan grande, 512 GB de memoria interna y un panel con buena calidad <strong>por apenas 329 euros en Espa\u00f1a <\/strong>es una tarea cada vez m\u00e1s complicada. Una tarea que Motorola ha sabido cumplir bastante bien con este tel\u00e9fono.<\/p>\n","protected":false},"excerpt":{"rendered":"Los \u00faltimos lanzamientos de Motorola en Espa\u00f1a han certificado la fijaci\u00f3n de la marca por diferentes sectores de&hellip;\n","protected":false},"author":2,"featured_media":240320,"comment_status":"","ping_status":"","sticky":false,"template":"","format":"standard","meta":{"footnotes":""},"categories":[81],"tags":[1705,119,123,124,25,24,56701,117,121,122,23,118,120,15738],"class_list":{"0":"post-240319","1":"post","2":"type-post","3":"status-publish","4":"format-standard","5":"has-post-thumbnail","7":"category-ciencia-y-tecnologia","8":"tag-analisis","9":"tag-ciencia","10":"tag-ciencia-y-tecnologia","11":"tag-cienciaytecnologia","12":"tag-es","13":"tag-espana","14":"tag-motorola","15":"tag-science","16":"tag-science-and-technology","17":"tag-scienceandtechnology","18":"tag-spain","19":"tag-technology","20":"tag-tecnologia","21":"tag-telefonos-moviles"},"share_on_mastodon":{"url":"https:\/\/pubeurope.com\/@es\/115563379599860612","error":""},"_links":{"self":[{"href":"https:\/\/www.europesays.com\/es\/wp-json\/wp\/v2\/posts\/240319","targetHints":{"allow":["GET"]}}],"collection":[{"href":"https:\/\/www.europesays.com\/es\/wp-json\/wp\/v2\/posts"}],"about":[{"href":"https:\/\/www.europesays.com\/es\/wp-json\/wp\/v2\/types\/post"}],"author":[{"embeddable":true,"href":"https:\/\/www.europesays.com\/es\/wp-json\/wp\/v2\/users\/2"}],"replies":[{"embeddable":true,"href":"https:\/\/www.europesays.com\/es\/wp-json\/wp\/v2\/comments?post=240319"}],"version-history":[{"count":0,"href":"https:\/\/www.europesays.com\/es\/wp-json\/wp\/v2\/posts\/240319\/revisions"}],"wp:featuredmedia":[{"embeddable":true,"href":"https:\/\/www.europesays.com\/es\/wp-json\/wp\/v2\/media\/240320"}],"wp:attachment":[{"href":"https:\/\/www.europesays.com\/es\/wp-json\/wp\/v2\/media?parent=240319"}],"wp:term":[{"taxonomy":"category","embeddable":true,"href":"https:\/\/www.europesays.com\/es\/wp-json\/wp\/v2\/categories?post=240319"},{"taxonomy":"post_tag","embeddable":true,"href":"https:\/\/www.europesays.com\/es\/wp-json\/wp\/v2\/tags?post=240319"}],"curies":[{"name":"wp","href":"https:\/\/api.w.org\/{rel}","templated":true}]}}