{"id":240321,"date":"2025-11-17T05:26:21","date_gmt":"2025-11-17T05:26:21","guid":{"rendered":"https:\/\/www.europesays.com\/es\/240321\/"},"modified":"2025-11-17T05:26:21","modified_gmt":"2025-11-17T05:26:21","slug":"el-euromillones-deja-un-premio-de-un-millon-en-villada-palencia","status":"publish","type":"post","link":"https:\/\/www.europesays.com\/es\/240321\/","title":{"rendered":"El Euromillones deja un premio de un mill\u00f3n en Villada (Palencia)"},"content":{"rendered":"<p>\u00a0\u00a0\u00a0PALENCIA, 15 Nov. (EUROPA PRESS) &#8211; <\/p>\n<p>\u00a0\u00a0\u00a0El sorteo del Euromillones celebrado este viernes, 14 de noviembre, ha dejado un premio de un mill\u00f3n de euros en la localidad palentina de Villada, seg\u00fan ha informado Loter\u00edas y Apuestas del Estado.<\/p>\n<p>\u00a0\u00a0\u00a0En concreto, el boleto acertante de &#8216;El Mill\u00f3n&#8217; ha sido validado en el Despacho Receptor 59.030 de Villada, situado en Plaza Mayor, 6.<\/p>\n<p>\u00a0\u00a0\u00a0En el sorteo de EuroMillones de este viernes no existen boletos acertantes de Primera Categor\u00eda (5 + 2) y con el Eurobote generado, en el pr\u00f3ximo sorteo de EuroMillones un \u00fanico acertante de Primera Categor\u00eda (5 + 2) podr\u00eda ganar 135 millones de euros.<\/p>\n","protected":false},"excerpt":{"rendered":"\u00a0\u00a0\u00a0PALENCIA, 15 Nov. (EUROPA PRESS) &#8211; \u00a0\u00a0\u00a0El sorteo del Euromillones celebrado este viernes, 14 de noviembre, ha dejado&hellip;\n","protected":false},"author":2,"featured_media":240322,"comment_status":"","ping_status":"","sticky":false,"template":"","format":"standard","meta":{"footnotes":""},"categories":[80],"tags":[82,95,94,25,24,23],"class_list":{"0":"post-240321","1":"post","2":"type-post","3":"status-publish","4":"format-standard","5":"has-post-thumbnail","7":"category-economia","8":"tag-business","9":"tag-economia","10":"tag-economy","11":"tag-es","12":"tag-espana","13":"tag-spain"},"share_on_mastodon":{"url":"https:\/\/pubeurope.com\/@es\/115563383278677180","error":""},"_links":{"self":[{"href":"https:\/\/www.europesays.com\/es\/wp-json\/wp\/v2\/posts\/240321","targetHints":{"allow":["GET"]}}],"collection":[{"href":"https:\/\/www.europesays.com\/es\/wp-json\/wp\/v2\/posts"}],"about":[{"href":"https:\/\/www.europesays.com\/es\/wp-json\/wp\/v2\/types\/post"}],"author":[{"embeddable":true,"href":"https:\/\/www.europesays.com\/es\/wp-json\/wp\/v2\/users\/2"}],"replies":[{"embeddable":true,"href":"https:\/\/www.europesays.com\/es\/wp-json\/wp\/v2\/comments?post=240321"}],"version-history":[{"count":0,"href":"https:\/\/www.europesays.com\/es\/wp-json\/wp\/v2\/posts\/240321\/revisions"}],"wp:featuredmedia":[{"embeddable":true,"href":"https:\/\/www.europesays.com\/es\/wp-json\/wp\/v2\/media\/240322"}],"wp:attachment":[{"href":"https:\/\/www.europesays.com\/es\/wp-json\/wp\/v2\/media?parent=240321"}],"wp:term":[{"taxonomy":"category","embeddable":true,"href":"https:\/\/www.europesays.com\/es\/wp-json\/wp\/v2\/categories?post=240321"},{"taxonomy":"post_tag","embeddable":true,"href":"https:\/\/www.europesays.com\/es\/wp-json\/wp\/v2\/tags?post=240321"}],"curies":[{"name":"wp","href":"https:\/\/api.w.org\/{rel}","templated":true}]}}