{"id":240363,"date":"2025-11-17T06:03:08","date_gmt":"2025-11-17T06:03:08","guid":{"rendered":"https:\/\/www.europesays.com\/es\/240363\/"},"modified":"2025-11-17T06:03:08","modified_gmt":"2025-11-17T06:03:08","slug":"ferrer-dalmau-pinta-a-san-martin-de-tours-para-caritas-castrense","status":"publish","type":"post","link":"https:\/\/www.europesays.com\/es\/240363\/","title":{"rendered":"Ferrer-Dalmau pinta a San Mart\u00edn de Tours para C\u00e1ritas Castrense"},"content":{"rendered":"<p class=\"paragraph\">Este 11 de noviembre, la Fundaci\u00f3n Ferrer-Dalmau hac\u00eda entrega de una obra del conocido pintor de batallas a C\u00e1ritas Castrense. Su Director General,  <b>Alejandro Ferrer-Dalmau Soc\u00edas<\/b>, realizaba la donaci\u00f3n en la iglesia catedral castrense de las Fuerzas Armadas en la primera celebraci\u00f3n del patronazgo de <b>San Mart\u00edn de Tours<\/b>. Una ceremonia que fue presidida por el arzobispo castrense <b>Excmo. Rvdo. Monse\u00f1or Juan Antonio Azn\u00e1rez Cobo<\/b> y en la que estuvo acompa\u00f1ado de sus vicarios episcopales. Al finalizar, el arzobispo tras la lectura de la oraci\u00f3n de San Mart\u00edn, procedi\u00f3 a la Bendici\u00f3n del lienzo.<\/p>\n<p class=\"paragraph\">Suele pensarse que los patronazgos tienen su origen en tiempos remotos. Pero no siempre es as\u00ed. De hecho, San Mart\u00edn de Tours, solo hace poco m\u00e1s de un a\u00f1o se convert\u00eda en Patr\u00f3n de C\u00e1ritas Castrense. Se elev\u00f3 la solicitud a la Sede Apost\u00f3lica y fue aprobada la celebraci\u00f3n de su festividad en la propia fiesta del 11 de noviembre. La donaci\u00f3n del lienzo se hac\u00eda efectiva gracias a la mediaci\u00f3n del <b>General D\u00edaz Cruz<\/b>,<b> <\/b>Patrono de la Fundaci\u00f3n Ferrer-Dalmau y miembro del Consejo Asesor de la instituci\u00f3n humanitaria.<\/p>\n<p class=\"c-detail__media__subtitle composite_image\">\n<p>        Excmo. y Rvdo. Monse\u00f1or D. Juan Antonio Azn\u00e1rez bendice el lienzo<\/p>\n<p>San Mart\u00edn de Tours. Importantes novedades en la obra del artista<\/p>\n<p class=\"paragraph\">Ferrer-Dalmau suele denominar con humildad este tipo de obras  \u00abbocetos\u00bb Y tal vez la \u00fanica raz\u00f3n es su peque\u00f1o tama\u00f1o y que los ejecute en gamas casi monocromas. Craso error. Boceto es una denominaci\u00f3n injusta, ya que en absoluto es una representaci\u00f3n abocetada. Es<b> una obra perfectamente terminada y de excelente ejecuci\u00f3n <\/b>y composici\u00f3n. En ella, prescinde del color y juega con la est\u00e9tica de la t\u00e9cnica del carboncillo, lo que le permite mostrar su gran destreza en los matices y vol\u00famenes centr\u00e1ndose exclusivamente en gamas blanquinegras y grises que confiere a las obras una elegancia y sello especial.  Pero no es carboncillo, es \u00f3leo sobre lienzo lo que dota a la obra de solidez y durabilidad.<\/p>\n<p class=\"c-detail__media__subtitle composite_image\">\n<p>        Lienzo de Ferrer-Dalmau, el pintor de batallas<\/p>\n<p>An\u00e1lisis del lienzo<\/p>\n<p class=\"paragraph\">\u00abDentro de su sencillez aporta interesantes novedades\u00bb.<\/p>\n<p class=\"paragraph\">Ferrer-Dalmau elige el cap\u00edtulo m\u00e1s identitario del santo y lo plasma justo el momento en que el santo, yendo a caballo, se detiene y entrega un trozo de su capa a un mendigo aterido de fr\u00edo. Se ha narrado que entonces le dijo \u00abNo puedo darte la capa entera porque es del ej\u00e9rcito\u00bb.<\/p>\n<p class=\"paragraph\">Es una composici\u00f3n casi piramidal en la que, como <b>sello del autor<\/b>, puede comprobarse que la indumentaria del romano est\u00e1 perfectamente documentada.<\/p>\n<p class=\"paragraph\">El v\u00e9rtice superior es el vistoso casco romano, galea, que cubre la cabeza, de Mart\u00edn, met\u00e1lico, y con una prominente cresta de crines, s\u00edmbolo de rango y distinci\u00f3n. Su capa paludamentum es larga, elegante y sujeta al hombro: la que usaban los oficiales. La coraza decorada es una armadura de torso, una lorica segmentata o musculata, adornada con relieves o medallones. Bajo ella, lleva una t\u00fanica de lana, ya que es invierno. Un faldell\u00edn de tiras pteruges o tiras de cuero colgantes protegen sus muslos, visibles bajo la coraza y cubren sus pies unas caligae) sandalias reforzadas con tachuelas. El mendigo, de espaldas, deja ver su desnudez apenas tapada por unos harapos que tapan sus partes pudendas.<\/p>\n<p class=\"paragraph\">Las figuras reflejan de la capacidad mat\u00e9rica del artista para pintar superficies a\u00fan sin la ayuda del color. En este caso, epidermis, telas, cuero, pelaje y metal. Tambi\u00e9n su destreza para configurar vol\u00famenes, casi haciendo un gui\u00f1o a calidades escult\u00f3ricas. El caballo, animal puntal del pintor, exhibe un naturalismo exacerbado, pero sin alardes.<\/p>\n<p class=\"paragraph\">No hay fondo, apenas una comitiva de figuras se rastrea difuminada al fondo. El primer t\u00e9rmino es un vac\u00edo con un ligero sombreado, aunque la pericia del autor hace que <b>las figuras dominen perfectamente el espacio y no  \u00abfloten en la nada\u00bb<\/b>.<\/p>\n<p>Importantes novedades<\/p>\n<p class=\"paragraph\">El \u00f3leo, dentro de su aparente sencillez, introduce aportaciones en el conjunto de la trayectoria de Ferrer-Dalma. El artista suele concebir este formato y t\u00e9cnica para dos funciones: ensayar soluciones en el proceso de ejecuci\u00f3n de composiciones mayores o aislar determinadas figuras con car\u00e1cter aut\u00f3nomo. Sin embargo, es muy original, ya que <b>hasta la fecha no ha ejecutado ning\u00fan lienzo dedicado al santo<\/b>.<\/p>\n<p class=\"paragraph\">Por otra parte, en su producci\u00f3n  es cierto que aparecen elementos religiosos, algo m\u00e1s que l\u00f3gico ya que el catolicismo en Espa\u00f1a era inseparable de la identidad hisp\u00e1nica. No obstante, esta obra representa la primera ocasi\u00f3n en que se enfrenta directamente a la representaci\u00f3n de un miembro del santoral con la \u00fanica excepci\u00f3n de <b>San Ignacio de Loyola<\/b>. Excepci\u00f3n que confirma la regla y al que retrat\u00f3 en un contexto b\u00e9lico: como soldado en las murallas de Pamplona, junto a un merl\u00f3n y una pieza de artiller\u00eda.<\/p>\n<p class=\"paragraph\">La verdadera novedad del acto de donaci\u00f3n  ha ido m\u00e1s all\u00e1 de lo t\u00e9cnico o lo tem\u00e1tico y ha residido en la<b> dimensi\u00f3n emocional<\/b>. La bendici\u00f3n del lienzo ha sido especialmente importante para un artista que siempre ha reconocido su condici\u00f3n de cat\u00f3lico.<\/p>\n<p class=\"c-detail__media__subtitle composite_image\">\n<p>        Miembros de C\u00e1ritas Castrense<\/p>\n<p>\u00bfQui\u00e9n fue Mart\u00edn de Tours?<\/p>\n<p class=\"paragraph\">Mart\u00edn <b>naci\u00f3 en Hungr\u00eda comenzando el siglo IV<\/b>, hijo de un tribuno del ej\u00e9rcito romano.  Creci\u00f3 en la actual Pav\u00eda, en el norte de Italia, y a los 10 a\u00f1os empez\u00f3 a asistir a la iglesia cristiana y se hizo catec\u00fameno (formaci\u00f3n cristiana, pero no bautizado). Aunque hab\u00eda llegado ya la libertad religiosa al Imperio, el cristianismo a\u00fan no era aceptado por las clases altas de la sociedad romana.<\/p>\n<p class=\"paragraph\">Mart\u00edn se uni\u00f3 a la caballer\u00eda y fue destinado a Amiens (Francia).  Tras el episodio de la capa antes citado, Cristo se le apareci\u00f3 en sue\u00f1os y dirigi\u00e9ndose dos \u00e1ngeles les dec\u00eda: \u00abMart\u00edn, aunque es un simple catec\u00fameno, me ha cubierto con sus vestiduras\u00bb. Lo sinti\u00f3 como una se\u00f1al, decidi\u00f3 bautizarse y se convirti\u00f3  en un elemento clave del ej\u00e9rcito que ser\u00eda uno de los agentes  en la difusi\u00f3n del cristianismo en Europa: <b>\u00abHasta ahora he servido al emperador. De ahora en adelante servir\u00e9 a Cristo\u00bb<\/b>, afirm\u00f3.<\/p>\n<p class=\"paragraph\">Ordenado sacerdote y luego elegido obispo de Tours, se entreg\u00f3 a la evangelizaci\u00f3n de la Galia. Fund\u00f3 monasterios y form\u00f3 disc\u00edpulos. Su vida fue <b>un equilibrio admirable entre la firmeza doctrinal y la dedicaci\u00f3n pastoral<\/b>.  Con su muerte, su culto se extendi\u00f3 por toda la Cristiandad, y su tumba se convirti\u00f3 en un gran centro de peregrinaci\u00f3n, y escal\u00f3n obligado del Camino de Santiago. Ser\u00eda el primer santo no m\u00e1rtir canonizado oficialmente y un pilar de la civilizaci\u00f3n cristiana europea, tanto es as\u00ed, que <b>hoy m\u00e1s de cuatro mil parroquias en Europa llevan su nombre<\/b>. Como curiosidad, como fueron muchas las iglesias que afirmaban tener un trozo de su capa se comenz\u00f3 a utilizar el t\u00e9rmino \u00abcapilla\u00bb para denominar a los lugares de culto cristiano.<\/p>\n<p class=\"c-detail__media__subtitle composite_image\">\n<p>        Excmo. y Rvdo. Monse\u00f1or D. Juan Antonio Azn\u00e1rez y el Director General de la Fundaci\u00f3n Ferrer-Dalmau<\/p>\n<p>Recepci\u00f3n por la instituci\u00f3n<\/p>\n<p class=\"paragraph\">El Arzobispo de C\u00e1ritas Castrense xcmo. y Rvdo. Monse\u00f1or Azn\u00e1rez ha declarado que Ferrer-Dalmau \u00abha logrado representar magistralmente la condici\u00f3n de militar de Mart\u00edn, a la vez que su humildad, <b>aunando en su actitud los valores castrenses y los principios de la caridad<\/b>\u00bb. Por su parte, Alejandro Ferrer-Dalmau, Director General de la Fundaci\u00f3n del artista, ha considerado que \u00abpara la Fundaci\u00f3n, esta donaci\u00f3n es un honor y muestra nuestro compromiso con los valores del humanismo cristiano\u00bb.<\/p>\n<p class=\"paragraph\">Y es que nadie mejor que Ferrer-Dalmau hubiera pintado hoy a San Mart\u00edn de Tours, como Patr\u00f3n de C\u00e1ritas Castrense. Soldado romano convertido en obispo, su vida no solo encarna el tr\u00e1nsito del poder militar a la caridad cristiana, sino una de las grandes vertientes del ej\u00e9rcito moderno: <b>la ayuda humanitaria en todas las zonas del mundo<\/b>.<\/p>\n<p>\u00bfQu\u00e9 hace C\u00e1ritas Castrense?<\/p>\n<p class=\"c-detail__media__subtitle composite_image\">\n<p>        Mapa de C\u00e1ritas Parroquiales Castrenses en Espa\u00f1a<\/p>\n<p class=\"paragraph\">C\u00e1ritas Castrense se crea en 2012, a iniciativa del <b>Arzobispo Castrense Juan del R\u00edo<\/b>, con la colaboraci\u00f3n del Presidente de C\u00e1ritas Espa\u00f1ola. Ten\u00eda como objetivo dar visibilidad a las iniciativas caritativas personales de los Capellanes Castrenses en sus respectivos destinos, en todo el Arzobispado Castrense: las Fuerzas Armadas, y los Cuerpos y Fuerzas de Seguridad, Guardia Civil y Cuerpo Nacional de Polic\u00eda. Adem\u00e1s, para desarrollar una acci\u00f3n m\u00e1s eficaz, el fomentar una estrecha colaboraci\u00f3n con todas las entidades del \u00e1mbito castrense, Unidades Militares, Asociaciones de Damas, Hermandades de Veteranos, Asociaciones de Retirados de la Polic\u00eda Nacional y de la Guardia Civil. As\u00ed como con las C\u00e1ritas Diocesanas, Conventos, Comunidades religiosas,  y bancos de Alimentos, entre otros.<\/p>\n","protected":false},"excerpt":{"rendered":"Este 11 de noviembre, la Fundaci\u00f3n Ferrer-Dalmau hac\u00eda entrega de una obra del conocido pintor de batallas a&hellip;\n","protected":false},"author":2,"featured_media":240364,"comment_status":"","ping_status":"","sticky":false,"template":"","format":"standard","meta":{"footnotes":""},"categories":[173],"tags":[229,233,231,230,232,234,146,147,25,24,23],"class_list":{"0":"post-240363","1":"post","2":"type-post","3":"status-publish","4":"format-standard","5":"has-post-thumbnail","7":"category-arte-y-diseno","8":"tag-arte","9":"tag-arte-y-diseno","10":"tag-arts","11":"tag-arts-and-design","12":"tag-design","13":"tag-diseno","14":"tag-entertainment","15":"tag-entretenimiento","16":"tag-es","17":"tag-espana","18":"tag-spain"},"share_on_mastodon":{"url":"https:\/\/pubeurope.com\/@es\/115563528439782929","error":""},"_links":{"self":[{"href":"https:\/\/www.europesays.com\/es\/wp-json\/wp\/v2\/posts\/240363","targetHints":{"allow":["GET"]}}],"collection":[{"href":"https:\/\/www.europesays.com\/es\/wp-json\/wp\/v2\/posts"}],"about":[{"href":"https:\/\/www.europesays.com\/es\/wp-json\/wp\/v2\/types\/post"}],"author":[{"embeddable":true,"href":"https:\/\/www.europesays.com\/es\/wp-json\/wp\/v2\/users\/2"}],"replies":[{"embeddable":true,"href":"https:\/\/www.europesays.com\/es\/wp-json\/wp\/v2\/comments?post=240363"}],"version-history":[{"count":0,"href":"https:\/\/www.europesays.com\/es\/wp-json\/wp\/v2\/posts\/240363\/revisions"}],"wp:featuredmedia":[{"embeddable":true,"href":"https:\/\/www.europesays.com\/es\/wp-json\/wp\/v2\/media\/240364"}],"wp:attachment":[{"href":"https:\/\/www.europesays.com\/es\/wp-json\/wp\/v2\/media?parent=240363"}],"wp:term":[{"taxonomy":"category","embeddable":true,"href":"https:\/\/www.europesays.com\/es\/wp-json\/wp\/v2\/categories?post=240363"},{"taxonomy":"post_tag","embeddable":true,"href":"https:\/\/www.europesays.com\/es\/wp-json\/wp\/v2\/tags?post=240363"}],"curies":[{"name":"wp","href":"https:\/\/api.w.org\/{rel}","templated":true}]}}