{"id":240369,"date":"2025-11-17T06:09:11","date_gmt":"2025-11-17T06:09:11","guid":{"rendered":"https:\/\/www.europesays.com\/es\/240369\/"},"modified":"2025-11-17T06:09:11","modified_gmt":"2025-11-17T06:09:11","slug":"la-higiene-interdental-es-clave-para-prevenir-caries-halitosis-y-complicaciones-en-implantes","status":"publish","type":"post","link":"https:\/\/www.europesays.com\/es\/240369\/","title":{"rendered":"\u201cLa higiene interdental es clave para prevenir caries, halitosis y complicaciones en implantes\u201d"},"content":{"rendered":"<p>La mayor\u00eda de los problemas bucodentales no comienzan en la superficie visible del diente, sino justo en el lugar donde menos se limpia: entre los dientes. Las <strong>cifras <\/strong>son contundentes y <strong>obligan a replantear h\u00e1bitos<\/strong>. En torno al <strong>78% de las caries se originan en \u00e1reas interproximales<\/strong>, espacios estrechos que acumulan <a href=\"https:\/\/www.consalud.es\/dentalia\/profesionales-dental\/odontologia-preventiva-el-protocolo-gbt-esta-transformando-la-manera-de-cuidar-la-salud-bucodental.html\" rel=\"nofollow noopener\" target=\"_blank\">biofilm<\/a> y a los que el cepillo convencional apenas accede. A pesar de ello, los expertos recuerdan que m\u00e1s de la mitad de la poblaci\u00f3n sigue sin incorporar ning\u00fan m\u00e9todo de higiene interdental a su rutina diaria, una brecha que tiene consecuencias directas en caries, halitosis, <a href=\"https:\/\/www.consalud.es\/dentalia\/profesionales-dental\/estudio-investiga-tipos-inflamacion-encias-crear-tratamientos-personalizados_132907_102.html\" rel=\"nofollow noopener\" target=\"_blank\">inflamaci\u00f3n gingival<\/a> y complicaciones en pacientes con implantes.<\/p>\n<p><a href=\"https:\/\/www.consalud.es\/web\/assets\/contenedores\/banners\/banner_control_de_clicks.php?id=73\" target=\"_blank\" title=\"Pulse aqu\u00ed\" rel=\"nofollow noopener\"><img loading=\"lazy\" decoding=\"async\" src=\"https:\/\/www.europesays.com\/es\/wp-content\/uploads\/2025\/11\/media-73.gif\" width=\"300\" height=\"250\" alt=\"Pulse aqu\u00ed\"\/><\/a><\/p>\n<p>En este contexto, el <strong>Dr. Antonio Longo<\/strong>, odont\u00f3logo y Regional Medical Lead en Dentaid, detalla en una entrevista concedida a <strong><a href=\"https:\/\/www.consalud.es\/dentalia\/\" rel=\"nofollow noopener\" target=\"_blank\">Dentalia<\/a> <\/strong>por qu\u00e9 esta localizaci\u00f3n es especialmente vulnerable. Explica que \u201clas superficies interproximales concentran biofilm bucal en nichos poco accesibles (contactos dentarios, concavidades radiculares, puntos de contacto subgingivales)\u201d. A ello se suma que \u201cla anatom\u00eda de estas <a href=\"https:\/\/www.consalud.es\/dentalia\/pacientes-casos\/dr-reyna-la-zona-interdental-es-particularmente-susceptible-desarrollar-lesiones-cariosas.html\" rel=\"nofollow noopener\" target=\"_blank\">zonas interdentales<\/a> y la anatom\u00eda variable del tejido gingival interproximal facilitan la retenci\u00f3n de placa, donde el cepillo manual o el\u00e9ctrico apenas llega\u201d.\u00a0<\/p>\n<p>Las implicaciones van m\u00e1s all\u00e1 de las caries. E<strong>l mal aliento<\/strong> tambi\u00e9n guarda una relaci\u00f3n estrecha con la placa interdental. El especialista recuerda que \u201cla<strong> gran mayor\u00eda de casos de halitosis tiene origen intraoral<\/strong>\u201d y que los compuestos vol\u00e1tiles sulfurados se generan en zonas como la lengua y \u201c\u00e1reas periodontales\/interdentales\u201d. Por ello, se\u00f1ala que \u201cla reducci\u00f3n de biofilm subgingival e interdental disminuye los VSC y mejora el aliento\u201d y recomienda \u201cabordar lengua y espacios interdentales en el mismo plan de manejo\u201d. Una estrategia sencilla que aporta efectos positivos tempranos en la vida social de los pacientes.<\/p>\n<blockquote><p>&#13;<\/p>\n<p>\u201cLa mayor carga bacteriana persiste entre dientes si no se realiza higiene interdental espec\u00edfica\u201d\u00a0<\/p>\n<p>&#13;\n<\/p><\/blockquote>\n<p>El problema adquiere especial relevancia en quienes llevan<strong> implantes dentales<\/strong>. La evidencia muestra que la <strong>mucositis asociada a placa es muy frecuente<\/strong>, y el Dr. Longo advierte que \u201cla estrategia que mejor funciona de manera preventiva para el paciente con implantes es la prevenci\u00f3n\u201d. Esa prevenci\u00f3n incluye \u201ccepillado 2 veces al d\u00eda y el uso de un dispositivo interdental adaptado al di\u00e1metro del espacio y al tipo de pr\u00f3tesis\u201d, adem\u00e1s de controles profesionales peri\u00f3dicos, monitorizaci\u00f3n del sangrado, la placa y la necesidad de radiograf\u00edas seg\u00fan riesgo. Tambi\u00e9n subraya la importancia del \u201ccontrol de factores de riesgo como el tabaquismo, historia de periodontitis o diabetes\u201d, y de la educaci\u00f3n en la t\u00e9cnica de higiene alrededor de aditamentos espec\u00edficos.<\/p>\n<p>Pese a la solidez de las recomendaciones, <strong>el reto sigue siendo la adherencia<\/strong>. Seg\u00fan el informe mencionado en la entrevista, el 62% de la poblaci\u00f3n no realiza higiene interdental de forma regular. Las barreras no son solo t\u00e9cnicas, sino tambi\u00e9n cognitivas. El Dr. Longo apunta que \u201cmuchos pacientes consideran que con el cepillado es suficiente y no se llega a entender la diferencia entre limpiar \u2018dientes\u2019 y limpiar \u2018espacios entre dientes\u2019\u201d. A esta confusi\u00f3n se une un hecho clave: \u201cel<strong> beneficio de la higiene interdental no es inmediato ni visible<\/strong>\u201d, ya que las caries interproximales no producen s\u00edntomas hasta fases avanzadas y la inflamaci\u00f3n gingival inicial suele ser indolora. Esto provoca lo que denomina \u201cdescuento por demora\u201d: la tendencia del paciente a restar importancia a un h\u00e1bito cuyos beneficios percibir\u00e1 a largo plazo.<\/p>\n<p>La<strong> falta de informaci\u00f3n<\/strong> es otro obst\u00e1culo. El experto destaca que \u201cmuchos pacientes refieren que \u2018no saben c\u00f3mo hacerlo\u2019 o que \u2018les resulta complicado\u2019, especialmente con el cepillo interdental y sus diferentes tama\u00f1os\u201d. A ello se suma la percepci\u00f3n de que es un paso adicional que alarga la rutina diaria y que, sin recordatorios, resulta f\u00e1cil de olvidar. Sin embargo, enfatiza que si se incorpora este paso de forma sistem\u00e1tica, \u201cpodremos mantener nuestra boca con mejor salud y nuestras piezas dentales sanas a lo largo de toda la vida\u201d.<\/p>\n<blockquote><p>&#13;<\/p>\n<p>\u201cMuchas personas que prueban los cepillos interproximales por primera vez se sorprenden al ver la cantidad de biofilm y restos visibles que se eliminan\u201d\u00a0<\/p>\n<p>&#13;\n<\/p><\/blockquote>\n<p>Las <strong>recomendaciones de las gu\u00edas europeas<\/strong> tambi\u00e9n orientan sobre qu\u00e9 herramienta utilizar. Seg\u00fan expone, \u201cla EFP, en sus l\u00edneas gu\u00edas de pr\u00e1ctica cl\u00ednica, y las revisiones sistem\u00e1ticas muestran que los cepillos interproximales presentan evidencia cient\u00edfica respecto a su eficacia\u201d. A\u00f1ade que <strong>reducen mejor la placa y el sangrado<\/strong> que el hilo dental en espacios abiertos o con p\u00e9rdida de papila, mientras que \u201cla seda dental puede ser una opci\u00f3n en contactos muy cerrados\u201d. El irrigador, por su parte, es \u201c\u00fatil como complemento sobretodo en aquellos casos donde hay limitaci\u00f3n de destreza manual\u2026 o pr\u00f3tesis fijas con un dise\u00f1o retentivo\u201d, especifica el experto.<\/p>\n<p>La elecci\u00f3n del dispositivo adecuado tambi\u00e9n depende de la edad. El Dr. Longo explica que \u201ccon la edad aumentan recesiones y \u2018tri\u00e1ngulos negros\u2019\u201d, lo que cambia la <strong>morfolog\u00eda del espacio interdental<\/strong>. Por ello, recomienda individualizar el tama\u00f1o del cepillo interproximal, ajustarlo para que \u201cllene suavemente el espacio\u201d y reevaluarlo en futuras revisiones. En j\u00f3venes con papilas \u00edntegras pueden ser \u00fatiles \u201chilo o micro-cepillos\u201d, mientras que en adultos y mayores con espacios m\u00e1s abiertos pueden emplearse interdentales de mayor calibre.<\/p>\n<p>El \u00faltimo reto es la <strong>motivaci\u00f3n<\/strong>, especialmente cuando los resultados no son inmediatos. El Dr. Longo observa que \u201cmuchas personas que prueban los <strong>cepillos interproximales<\/strong> por primera vez se sorprenden al ver la cantidad de biofilm y restos visibles que se eliminan\u201d, incluso despu\u00e9s del cepillado. Ese <strong>impacto visual <\/strong>refuerza el h\u00e1bito desde el inicio: el paciente \u201ccomprende que el cepillado convencional no accede a esas zonas y que existe un \u2018punto ciego\u2019 en su rutina de higiene\u201d. Adem\u00e1s, recuerda que los beneficios precoces incluyen \u201cla desaparici\u00f3n del sangrado gingival y un mejor aliento\u201d, cambios que influyen positivamente en la salud y en la vida cotidiana.<\/p>\n<p class=\"pie-articulo\">*Los contenidos de ConSalud est\u00e1n elaborados por periodistas especializados en salud y avalados por un comit\u00e9 de expertos de primer nivel. No obstante, recomendamos al lector que cualquier duda relacionada con la salud sea consultada con un profesional del \u00e1mbito sanitario.<\/p>\n","protected":false},"excerpt":{"rendered":"La mayor\u00eda de los problemas bucodentales no comienzan en la superficie visible del diente, sino justo en el&hellip;\n","protected":false},"author":2,"featured_media":240370,"comment_status":"","ping_status":"","sticky":false,"template":"","format":"standard","meta":{"footnotes":""},"categories":[92],"tags":[25,24,165,166,23],"class_list":{"0":"post-240369","1":"post","2":"type-post","3":"status-publish","4":"format-standard","5":"has-post-thumbnail","7":"category-salud","8":"tag-es","9":"tag-espana","10":"tag-health","11":"tag-salud","12":"tag-spain"},"share_on_mastodon":{"url":"https:\/\/pubeurope.com\/@es\/115563552121556355","error":""},"_links":{"self":[{"href":"https:\/\/www.europesays.com\/es\/wp-json\/wp\/v2\/posts\/240369","targetHints":{"allow":["GET"]}}],"collection":[{"href":"https:\/\/www.europesays.com\/es\/wp-json\/wp\/v2\/posts"}],"about":[{"href":"https:\/\/www.europesays.com\/es\/wp-json\/wp\/v2\/types\/post"}],"author":[{"embeddable":true,"href":"https:\/\/www.europesays.com\/es\/wp-json\/wp\/v2\/users\/2"}],"replies":[{"embeddable":true,"href":"https:\/\/www.europesays.com\/es\/wp-json\/wp\/v2\/comments?post=240369"}],"version-history":[{"count":0,"href":"https:\/\/www.europesays.com\/es\/wp-json\/wp\/v2\/posts\/240369\/revisions"}],"wp:featuredmedia":[{"embeddable":true,"href":"https:\/\/www.europesays.com\/es\/wp-json\/wp\/v2\/media\/240370"}],"wp:attachment":[{"href":"https:\/\/www.europesays.com\/es\/wp-json\/wp\/v2\/media?parent=240369"}],"wp:term":[{"taxonomy":"category","embeddable":true,"href":"https:\/\/www.europesays.com\/es\/wp-json\/wp\/v2\/categories?post=240369"},{"taxonomy":"post_tag","embeddable":true,"href":"https:\/\/www.europesays.com\/es\/wp-json\/wp\/v2\/tags?post=240369"}],"curies":[{"name":"wp","href":"https:\/\/api.w.org\/{rel}","templated":true}]}}