{"id":240415,"date":"2025-11-17T06:53:09","date_gmt":"2025-11-17T06:53:09","guid":{"rendered":"https:\/\/www.europesays.com\/es\/240415\/"},"modified":"2025-11-17T06:53:09","modified_gmt":"2025-11-17T06:53:09","slug":"con-ocho-anos-ya-le-recomendaba-peliculas-al-tio-de-rafa-nadal","status":"publish","type":"post","link":"https:\/\/www.europesays.com\/es\/240415\/","title":{"rendered":"Con ocho a\u00f1os, ya le recomendaba pel\u00edculas al t\u00edo de Rafa Nadal"},"content":{"rendered":"\n<p> Esta escena tiene lugar cada noche en miles de hogares espa\u00f1oles: \u00bfqu\u00e9 pel\u00edcula\/serie me pongo? La respuesta no es sencilla, el proceso de elecci\u00f3n puede ser largo, pues el aluvi\u00f3n de t\u00edtulos es tremendo, pero si uno acaba eligiendo un sofisticado thriller setentero, o la \u00faltima joya oculta del <a href=\"https:\/\/www.elconfidencial.com\/tags\/temas\/festival-de-venecia-9475\/\" target=\"_self\" rel=\"nofollow noopener\">festival de Venecia<\/a>, parte de la culpa la tendr\u00e1 Jaume Ripoll, (Palma de Mallorca, 1977) <strong>fundador, director editorial y rostro de Filmin<\/strong>, la plataforma espa\u00f1ola de streaming que compite contra los gigantes estadounidenses del sector. <\/p>\n<p> Ripoll es el cuarto invitado en bajar al b\u00fanker de <strong>&#8216;Cultura con Impacto: Esto no es un simulacro&#8217;<\/strong>, un v\u00eddeopodcast patrocinado por <strong>Reale Seguros<\/strong> en el que entrevistamos a heterodoxos de las artes, de la periferia al mainstream, sobre el valor de la cultura para la transformaci\u00f3n social y personal&#8230; con el Armaged\u00f3n de fondo. <\/p>\n<p>                   Jaume Ripoll, en el b\u00fanker. Foto: Sergio Bele\u00f1a             <\/p>\n<p> En un momento en el que las novedades lo devoran todo, la serie de hace un a\u00f1o es pasado remoto y el espectador \u2014aturdido\u2014 <strong>no da abasto entre tanto lanzamiento<\/strong>, <a href=\"https:\/\/www.elconfidencial.com\/tags\/temas\/filmin-20338\/\" target=\"_self\" rel=\"nofollow noopener\">Filmin <\/a>se ha caracterizado tanto por divulgar la historia del cine como por su tarea prescriptora. Ah\u00ed es donde la experiencia de Ripoll es importante, tras pasar por todos las ramas de la industria, de los videoclubs noventeros (cuando a\u00fan era un chaval), a las distribuidoras; de <a href=\"https:\/\/www.elconfidencial.com\/espana\/madrid\/2025-08-16\/ultimo-videoclub-madrid-que-sigue-resistiendo-al-streaming-barrio-pilar_4189524\/\" target=\"_self\" rel=\"nofollow noopener\">la venta de DVD<\/a> por grandes superficies a la compra de pel\u00edculas en los grandes festivales. <\/p>\n<p> Si quieres saber <strong>por qu\u00e9 los camellos eran muy de videoclub<\/strong>, qu\u00e9 hay detr\u00e1s del inesperado \u00e9xito de La sustancia y cu\u00e1ntas veces puedes ver la misma pel\u00edcula sin volverte loco, ve esta entrevista. <\/p>\n<p> Puede escuchar todos los episodios de <strong>Cultura con Impacto: Esto no es un simulacro<\/strong> en <a href=\"https:\/\/open.spotify.com\/show\/3V8dh5QL8ZF1zCH933Xr3P\" target=\"_blank\" rel=\"nofollow noopener\">Spotify<\/a> o <a href=\"https:\/\/www.ivoox.com\/podcast-esto-no-es-simulacro_sq_f12833773_1.html\" target=\"_blank\" rel=\"nofollow noopener\">iVoox<\/a>. <\/p>\n<p> Esta escena tiene lugar cada noche en miles de hogares espa\u00f1oles: \u00bfqu\u00e9 pel\u00edcula\/serie me pongo? La respuesta no es sencilla, el proceso de elecci\u00f3n puede ser largo, pues el aluvi\u00f3n de t\u00edtulos es tremendo, pero si uno acaba eligiendo un sofisticado thriller setentero, o la \u00faltima joya oculta del <a href=\"https:\/\/www.elconfidencial.com\/tags\/temas\/festival-de-venecia-9475\/\" target=\"_self\" rel=\"nofollow noopener\">festival de Venecia<\/a>, parte de la culpa la tendr\u00e1 Jaume Ripoll, (Palma de Mallorca, 1977) <strong>fundador, director editorial y rostro de Filmin<\/strong>, la plataforma espa\u00f1ola de streaming que compite contra los gigantes estadounidenses del sector. <\/p>\n","protected":false},"excerpt":{"rendered":"Esta escena tiene lugar cada noche en miles de hogares espa\u00f1oles: \u00bfqu\u00e9 pel\u00edcula\/serie me pongo? La respuesta no&hellip;\n","protected":false},"author":2,"featured_media":240416,"comment_status":"","ping_status":"","sticky":false,"template":"","format":"standard","meta":{"footnotes":""},"categories":[169],"tags":[177,146,147,25,24,176,175,23],"class_list":{"0":"post-240415","1":"post","2":"type-post","3":"status-publish","4":"format-standard","5":"has-post-thumbnail","7":"category-cine","8":"tag-cine","9":"tag-entertainment","10":"tag-entretenimiento","11":"tag-es","12":"tag-espana","13":"tag-film","14":"tag-movies","15":"tag-spain"},"share_on_mastodon":{"url":"https:\/\/pubeurope.com\/@es\/115563725305239180","error":""},"_links":{"self":[{"href":"https:\/\/www.europesays.com\/es\/wp-json\/wp\/v2\/posts\/240415","targetHints":{"allow":["GET"]}}],"collection":[{"href":"https:\/\/www.europesays.com\/es\/wp-json\/wp\/v2\/posts"}],"about":[{"href":"https:\/\/www.europesays.com\/es\/wp-json\/wp\/v2\/types\/post"}],"author":[{"embeddable":true,"href":"https:\/\/www.europesays.com\/es\/wp-json\/wp\/v2\/users\/2"}],"replies":[{"embeddable":true,"href":"https:\/\/www.europesays.com\/es\/wp-json\/wp\/v2\/comments?post=240415"}],"version-history":[{"count":0,"href":"https:\/\/www.europesays.com\/es\/wp-json\/wp\/v2\/posts\/240415\/revisions"}],"wp:featuredmedia":[{"embeddable":true,"href":"https:\/\/www.europesays.com\/es\/wp-json\/wp\/v2\/media\/240416"}],"wp:attachment":[{"href":"https:\/\/www.europesays.com\/es\/wp-json\/wp\/v2\/media?parent=240415"}],"wp:term":[{"taxonomy":"category","embeddable":true,"href":"https:\/\/www.europesays.com\/es\/wp-json\/wp\/v2\/categories?post=240415"},{"taxonomy":"post_tag","embeddable":true,"href":"https:\/\/www.europesays.com\/es\/wp-json\/wp\/v2\/tags?post=240415"}],"curies":[{"name":"wp","href":"https:\/\/api.w.org\/{rel}","templated":true}]}}