{"id":240419,"date":"2025-11-17T06:55:14","date_gmt":"2025-11-17T06:55:14","guid":{"rendered":"https:\/\/www.europesays.com\/es\/240419\/"},"modified":"2025-11-17T06:55:14","modified_gmt":"2025-11-17T06:55:14","slug":"todos-los-tipos-de-bigote-y-como-dejarlo-crecer-para-apoyar-movember","status":"publish","type":"post","link":"https:\/\/www.europesays.com\/es\/240419\/","title":{"rendered":"Todos los tipos de bigote y c\u00f3mo dejarlo crecer para apoyar Movember"},"content":{"rendered":"<p style=\"\">Desde hace m\u00e1s de veinte a\u00f1os cada mes de noviembre se celebra <strong>Movember<\/strong>, una campa\u00f1a que pretende concienciar sobre la salud del hombre a trav\u00e9s del bigote, y en concreto, sobre el <strong>c\u00e1ncer de pr\u00f3stata y de test\u00edculos<\/strong>, as\u00ed como sobre la <strong>salud <\/strong> &#8230; <strong>mental<\/strong>. La idea, que naci\u00f3 en Australia, se ha ido extendiendo por el resto de pa\u00edses, y tambi\u00e9n lleg\u00f3 a Espa\u00f1a. Movember es actualmente una asociaci\u00f3n que financia proyectos de salud masculina en todo el mundo. Cuenta con la colaboraci\u00f3n de marcas, pero sobre todo, con el apoyo de todos los hombres que pueden donar dinero pero tambi\u00e9n dejarse <strong>bigote<\/strong> durante este mes de noviembre.<\/p>\n<p>\n\u00bfQu\u00e9 bigote elegir?\n<\/p>\n<p class=\"voc-p\" style=\"\">El primer paso para sumarse a Movember es elegir el bigote: desde los m\u00e1s cl\u00e1sicos, el chevron o el walrus, hasta el minimalista, el l\u00e1piz, el m\u00e1s llamativo, el handlebar, o uno combinado con barba. Aunque<strong> los famosos son un buen punto de partida<\/strong>, como fuente de inspiraci\u00f3n, es cierto que no todos los bigotes son para todos los hombres. Los expertos recomiendan optar por los m\u00e1s poblados si el vello facial es espeso y grueso, o por los m\u00e1s finos, si es lampi\u00f1o.<\/p>\n<p><img decoding=\"async\" loading=\"lazy\" src=\"https:\/\/www.europesays.com\/es\/wp-content\/uploads\/2025\/11\/tom_selleck_20251113105202-U33222125478oHz-758x470@diario_abc.jpg\" class=\"voc-d-c-combo-3__img\" width=\"758\" height=\"470\" alt=\"Imagen principal - Tom Selleck con el bigote chevron, uno de los m\u00e1s cl\u00e1sicos. Camilo lleva el handlebar, uno de los m\u00e1s llamativos, y Henry Cavill, el m\u00e1s cl\u00e1sico el walrus. \"\/><\/p>\n<p><img decoding=\"async\" loading=\"lazy\" src=\"https:\/\/www.europesays.com\/es\/wp-content\/uploads\/2025\/11\/camilo-U01533517070clN-464x329@diario_abc.jpg\" class=\"voc-d-c-combo-3__img\" width=\"464\" height=\"329\" alt=\"Imagen secundaria 1 - Tom Selleck con el bigote chevron, uno de los m\u00e1s cl\u00e1sicos. Camilo lleva el handlebar, uno de los m\u00e1s llamativos, y Henry Cavill, el m\u00e1s cl\u00e1sico el walrus. \"\/><\/p>\n<p><img decoding=\"async\" loading=\"lazy\" src=\"https:\/\/www.europesays.com\/es\/wp-content\/uploads\/2025\/11\/henry-cavill-U25112114671JaN-278x329@diario_abc.jpg\" class=\"voc-d-c-combo-3__img\" width=\"278\" height=\"329\" alt=\"Imagen secundaria 2 - Tom Selleck con el bigote chevron, uno de los m\u00e1s cl\u00e1sicos. Camilo lleva el handlebar, uno de los m\u00e1s llamativos, y Henry Cavill, el m\u00e1s cl\u00e1sico el walrus. \"\/><\/p>\n<p>Bigotes contundentes<br \/>\nTom Selleck con el bigote chevron, uno de los m\u00e1s cl\u00e1sicos. Camilo lleva el handlebar, uno de los m\u00e1s llamativos, y Henry Cavill, el m\u00e1s cl\u00e1sico el walrus.<br \/>\nGTRES<\/p>\n<p class=\"voc-p\" style=\"\">Para los hombres con vello facial abundante, <strong>los bigotes m\u00e1s cl\u00e1sicos son el chevron, popularizado por Tom Selleck, o el walrus<\/strong>, m\u00e1s largo. Si buscas un bigote con car\u00e1cter,<strong> el handlebar o imperial<\/strong>, vinculado a Dal\u00ed, es una opci\u00f3n interesante. De hecho este \u00faltimo es una de las tendencias actuales entre los hombres m\u00e1s j\u00f3venes. El bigote <strong>herradura<\/strong> (con forma de U invertida) es otro tipo muy contundente. Si, en cambio, se busca un bigote discreto y f\u00e1cil de manejar, <strong>el l\u00e1piz o el piramidal<\/strong>, que han lucido Brad Pitt o m\u00e1s recientemente Timoth\u00e9e Chalamet, son perfectos. Adem\u00e1s, tambi\u00e9n es posible llevar el <strong>bigote junto a la barba<\/strong>, por ejemplo, como Johnny Depp con el estilo Van Dyke, con una perilla separada del bigote.<\/p>\n<p><img decoding=\"async\" loading=\"lazy\" src=\"https:\/\/www.europesays.com\/es\/wp-content\/uploads\/2025\/11\/Johnny_Depp-U46823565103XlA-758x470@diario_abc.jpg\" class=\"voc-d-c-combo-3__img\" width=\"758\" height=\"470\" alt=\"Imagen principal - Johnny Depp con el estilo Van Dyke, una perilla con bigote separado; Timoth\u00e9e Chalamet lleva el piramidal, y Brad Pitt, el bigote l\u00e1piz. \"\/><\/p>\n<p><img decoding=\"async\" loading=\"lazy\" src=\"https:\/\/www.europesays.com\/es\/wp-content\/uploads\/2025\/11\/Timothee-Chalamet-U14700742556lhT-464x329@diario_abc.jpg\" class=\"voc-d-c-combo-3__img\" width=\"464\" height=\"329\" alt=\"Imagen secundaria 1 - Johnny Depp con el estilo Van Dyke, una perilla con bigote separado; Timoth\u00e9e Chalamet lleva el piramidal, y Brad Pitt, el bigote l\u00e1piz. \"\/><\/p>\n<p><img decoding=\"async\" loading=\"lazy\" src=\"https:\/\/www.europesays.com\/es\/wp-content\/uploads\/2025\/11\/brad_pitt-U62240085584mcU-278x329@diario_abc.jpg\" class=\"voc-d-c-combo-3__img\" width=\"278\" height=\"329\" alt=\"Imagen secundaria 2 - Johnny Depp con el estilo Van Dyke, una perilla con bigote separado; Timoth\u00e9e Chalamet lleva el piramidal, y Brad Pitt, el bigote l\u00e1piz. \"\/><\/p>\n<p>Tipos de bigotes<br \/>\nJohnny Depp con el estilo Van Dyke, una perilla con bigote separado; Timoth\u00e9e Chalamet lleva el piramidal, y Brad Pitt, el bigote l\u00e1piz.<br \/>\nGTRES<\/p>\n<p class=\"voc-p\" style=\"\">Desde los salones de peluquer\u00eda <strong>David K\u00fcnzle<\/strong> dan un consejo para acertar con la elecci\u00f3n: \u00abLo velludo\/lampi\u00f1o que seamos es lo que determina nuestro futuro bigote aunque hay soluciones para todo. Si hay abundante vello facial, un bigote en herradura o imperial queda genial con barba ducktail, da un look varonil muy atractivo\u00bb.<\/p>\n<p>\nLos cuidados que necesita el bigote\n<\/p>\n<p class=\"voc-p\" style=\"\">Una vez elegido el bigote, toca dejar de afeitarse la zona para conseguir la forma deseada. Para los m\u00e1s finos se necesitar\u00e1 menos tiempo, en unos 10 d\u00edas se habr\u00e1 definido, pero para los m\u00e1s densos tendr\u00e1n que pasar al menos 3-4 semanas. Mientras se deja crecer tambi\u00e9n hay que ir recort\u00e1ndolo para darle forma. Lo mejor es que acudir a una <strong>barber\u00eda<\/strong> pasados unos d\u00edas, para que un profesional le d\u00e9 la forma deseada, y a partir de all\u00ed mantenerla. <\/p>\n<p class=\"voc-p\" style=\"\">Entre los cuidados imprescindibles para el bigote est\u00e9 perfecto siempre est\u00e1 el <strong>lavado<\/strong>\u00a0<strong>diario<\/strong>, con agua y champ\u00fa para barba y bigote. No hay que olvidar que es una zona propensa a mancharse de comida y que si no se lleva una higiene correcta podr\u00edan acumularse bacterias. La <strong>hidrataci\u00f3n<\/strong> es tambi\u00e9n importante. En el caso de los m\u00e1s finos se puede usar la misma crema facial, pero para los m\u00e1s densos ser\u00e1 necesario usar un producto espec\u00edfico como un aceite.<\/p>\n","protected":false},"excerpt":{"rendered":"Desde hace m\u00e1s de veinte a\u00f1os cada mes de noviembre se celebra Movember, una campa\u00f1a que pretende concienciar&hellip;\n","protected":false},"author":2,"featured_media":240420,"comment_status":"","ping_status":"","sticky":false,"template":"","format":"standard","meta":{"footnotes":""},"categories":[92],"tags":[7290,54913,20294,33009,25,24,165,61245,166,23,26620],"class_list":{"0":"post-240419","1":"post","2":"type-post","3":"status-publish","4":"format-standard","5":"has-post-thumbnail","7":"category-salud","8":"tag-apoyar","9":"tag-bigote","10":"tag-crecer","11":"tag-dejarlo","12":"tag-es","13":"tag-espana","14":"tag-health","15":"tag-movember","16":"tag-salud","17":"tag-spain","18":"tag-tipos"},"share_on_mastodon":{"url":"https:\/\/pubeurope.com\/@es\/115563733420355849","error":""},"_links":{"self":[{"href":"https:\/\/www.europesays.com\/es\/wp-json\/wp\/v2\/posts\/240419","targetHints":{"allow":["GET"]}}],"collection":[{"href":"https:\/\/www.europesays.com\/es\/wp-json\/wp\/v2\/posts"}],"about":[{"href":"https:\/\/www.europesays.com\/es\/wp-json\/wp\/v2\/types\/post"}],"author":[{"embeddable":true,"href":"https:\/\/www.europesays.com\/es\/wp-json\/wp\/v2\/users\/2"}],"replies":[{"embeddable":true,"href":"https:\/\/www.europesays.com\/es\/wp-json\/wp\/v2\/comments?post=240419"}],"version-history":[{"count":0,"href":"https:\/\/www.europesays.com\/es\/wp-json\/wp\/v2\/posts\/240419\/revisions"}],"wp:featuredmedia":[{"embeddable":true,"href":"https:\/\/www.europesays.com\/es\/wp-json\/wp\/v2\/media\/240420"}],"wp:attachment":[{"href":"https:\/\/www.europesays.com\/es\/wp-json\/wp\/v2\/media?parent=240419"}],"wp:term":[{"taxonomy":"category","embeddable":true,"href":"https:\/\/www.europesays.com\/es\/wp-json\/wp\/v2\/categories?post=240419"},{"taxonomy":"post_tag","embeddable":true,"href":"https:\/\/www.europesays.com\/es\/wp-json\/wp\/v2\/tags?post=240419"}],"curies":[{"name":"wp","href":"https:\/\/api.w.org\/{rel}","templated":true}]}}