{"id":240423,"date":"2025-11-17T06:57:17","date_gmt":"2025-11-17T06:57:17","guid":{"rendered":"https:\/\/www.europesays.com\/es\/240423\/"},"modified":"2025-11-17T06:57:17","modified_gmt":"2025-11-17T06:57:17","slug":"la-proxima-gran-actualizacion-de-windows-11-llegara-en-2026-y-casi-nadie-podra-instalarla-este-es-el-motivo","status":"publish","type":"post","link":"https:\/\/www.europesays.com\/es\/240423\/","title":{"rendered":"La pr\u00f3xima gran actualizaci\u00f3n de Windows 11 llegar\u00e1 en 2026 y casi nadie podr\u00e1 instalarla: este es el motivo"},"content":{"rendered":"<p class=\"c-paragraph\">En este a\u00f1o, las <b><a href=\"https:\/\/www.20minutos.es\/tecnologia\/ciberseguridad\/ultima-actualizacion-windows-11-borrar-todos-tus-archivos-pc-fallo-critico_6237807_0.html\" title=\"La \u00faltima actualizaci\u00f3n de Windows 11 podr\u00eda borrar todos tus archivos del PC por este fallo cr\u00edtico\" rel=\"nofollow noopener\" target=\"_blank\">actualizaciones de Windows 11<\/a><\/b> han generado tanto entusiasmo como frustraci\u00f3n y problemas entre los usuarios. Algunos parches han mejorado la experiencia, pero otros han causado errores y complicaciones. Teniendo en cuenta esto, la nueva actualizaci\u00f3n de Windows 11, directamente, no va a generar nada, puesto que<b> casi nadie podr\u00e1 instalarla.<\/b><\/p>\n<p class=\"c-paragraph\">Microsoft <a href=\"https:\/\/blogs.windows.com\/windows-insider\/2025\/11\/07\/announcing-windows-11-insider-preview-build-28000-canary-channel\/\" rel=\"nofollow noreferrer noopener\" target=\"_blank\">ha confirmado<\/a> que <b>Windows 11 26H1<\/b>, la pr\u00f3xima gran versi\u00f3n del sistema imperativo, llegara en la primera mitad de 2026, de ah\u00ed lo de H1 (primera mitad del a\u00f1o). No obstante, lo m\u00e1s sorprendente es que la mayor\u00eda de ordenadores actuales no la van a poder ejecutar y es que esta versi\u00f3n est\u00e1 dise\u00f1ada exclusivamente para <b>funcionar con procesadores espec\u00edficos que no han llegado al mercado<\/b>.<\/p>\n<p class=\"c-paragraph\">La compa\u00f1\u00eda no ha especificado de forma oficial que chips van a ser los elegidos, pero podr\u00eda tratarse de los nuevos chips basados en <b>arquitectura ARM<\/b>, como los <b>N1X de Nvidia<\/b> o los <b>Snapdragon X2 de Qualcomm<\/b>, que llegaran al a\u00f1o que viene.<\/p>\n<p>\u00bfPor qu\u00e9 Microsoft realiza esta restricci\u00f3n?<\/p>\n<p class=\"c-paragraph\">Seg\u00fan informan desde <a href=\"https:\/\/www.tomshardware.com\/software\/windows\/microsoft-announces-first-test-build-for-windows-11-26h1-aimed-at-nvidia-n1x-and-snapdragon-x2-first-h1-release-in-windows-11s-history-is-reserved-for-armpcs\" rel=\"nofollow noreferrer noopener\" target=\"_blank\">Tom\u2019s Hardware<\/a>, el motivo es meramente t\u00e9cnico, ya que Windows 11 26H1 se ha <b>desarrollado sobre una nueva plataforma llamada \u00abBrimine\u00bb,<\/b> que sustituye a \u00abGermanium\u00bb, utilizada en las versiones 24H2 y 25H2. Explican que esta base posee una serie de optimizaciones pensadas para <b>aprovechar al m\u00e1ximo el rendimiento y la eficiencia<\/b> de los<b> nuevos procesadores ARM<\/b>, pero no a\u00f1ade funciones exclusivas visibles para el usuario.<\/p>\n<p class=\"c-paragraph\">El gigante de Redmond aclara que la versi\u00f3n general, con las novedades y mejoras para todos los usuarios, ser\u00e1 <b>Windows 11 26H2<\/b>, que <b>llegara en la segunda mitad de 2026 <\/b>(de ah\u00ed lo de H2). As\u00ed que, por el momento, 26H1 va a quedar como una actualizaci\u00f3n <b>especial y limitada<\/b>, centrada en ir de la mano del lanzamiento de la nueva generaci\u00f3n de ordenadores con los procesadores ARM.<\/p>\n","protected":false},"excerpt":{"rendered":"En este a\u00f1o, las actualizaciones de Windows 11 han generado tanto entusiasmo como frustraci\u00f3n y problemas entre los&hellip;\n","protected":false},"author":2,"featured_media":240424,"comment_status":"","ping_status":"","sticky":false,"template":"","format":"standard","meta":{"footnotes":""},"categories":[81],"tags":[119,123,124,25,24,10070,117,121,122,23,118,120,16797,40598],"class_list":{"0":"post-240423","1":"post","2":"type-post","3":"status-publish","4":"format-standard","5":"has-post-thumbnail","7":"category-ciencia-y-tecnologia","8":"tag-ciencia","9":"tag-ciencia-y-tecnologia","10":"tag-cienciaytecnologia","11":"tag-es","12":"tag-espana","13":"tag-microsoft","14":"tag-science","15":"tag-science-and-technology","16":"tag-scienceandtechnology","17":"tag-spain","18":"tag-technology","19":"tag-tecnologia","20":"tag-windows","21":"tag-windows-11"},"share_on_mastodon":{"url":"https:\/\/pubeurope.com\/@es\/115563740718053887","error":""},"_links":{"self":[{"href":"https:\/\/www.europesays.com\/es\/wp-json\/wp\/v2\/posts\/240423","targetHints":{"allow":["GET"]}}],"collection":[{"href":"https:\/\/www.europesays.com\/es\/wp-json\/wp\/v2\/posts"}],"about":[{"href":"https:\/\/www.europesays.com\/es\/wp-json\/wp\/v2\/types\/post"}],"author":[{"embeddable":true,"href":"https:\/\/www.europesays.com\/es\/wp-json\/wp\/v2\/users\/2"}],"replies":[{"embeddable":true,"href":"https:\/\/www.europesays.com\/es\/wp-json\/wp\/v2\/comments?post=240423"}],"version-history":[{"count":0,"href":"https:\/\/www.europesays.com\/es\/wp-json\/wp\/v2\/posts\/240423\/revisions"}],"wp:featuredmedia":[{"embeddable":true,"href":"https:\/\/www.europesays.com\/es\/wp-json\/wp\/v2\/media\/240424"}],"wp:attachment":[{"href":"https:\/\/www.europesays.com\/es\/wp-json\/wp\/v2\/media?parent=240423"}],"wp:term":[{"taxonomy":"category","embeddable":true,"href":"https:\/\/www.europesays.com\/es\/wp-json\/wp\/v2\/categories?post=240423"},{"taxonomy":"post_tag","embeddable":true,"href":"https:\/\/www.europesays.com\/es\/wp-json\/wp\/v2\/tags?post=240423"}],"curies":[{"name":"wp","href":"https:\/\/api.w.org\/{rel}","templated":true}]}}