{"id":240426,"date":"2025-11-17T07:00:34","date_gmt":"2025-11-17T07:00:34","guid":{"rendered":"https:\/\/www.europesays.com\/es\/240426\/"},"modified":"2025-11-17T07:00:34","modified_gmt":"2025-11-17T07:00:34","slug":"hallan-ileso-tras-seis-dias-de-busqueda-a-tomasin-el-asturiano-que-se-echo-al-monte-hace-14-anos-tras-matar-a-su-hermano","status":"publish","type":"post","link":"https:\/\/www.europesays.com\/es\/240426\/","title":{"rendered":"Hallan ileso tras seis d\u00edas de b\u00fasqueda a &#8216;Tomas\u00edn&#8217;, el asturiano que se ech\u00f3 al monte hace 14 a\u00f1os tras matar a su hermano"},"content":{"rendered":"<p class=\"article-text\">\n        Al sexto d\u00eda de intensa b\u00fasqueda por los montes y los alrededores de su vivienda en La Llaneza, en el concejo asturiano de Tineo, la Guardia Civil ha localizado a Tom\u00e1s Rodr\u00edguez Villar, \u201cTomas\u00edn\u201d en perfecto estado de salud en un bar-tienda en Obona, en el mismo municipio donde reside. Una llamada de un vecino alert\u00f3 al verle comprando v\u00edveres y avis\u00f3 al 112 Asturias.\n    <\/p>\n<p>    <a href=\"https:\/\/www.eldiario.es\/asturias\/asturias-tomasin-carcel-matar-hermano_1_12760477.html\" data-mrf-recirculation=\"saber-mas\" data-dl-event=\"saber-mas\" rel=\"nofollow noopener\" target=\"_blank\"><\/p>\n<p class=\"know-more__title\">Desaparece &#8216;Tomas\u00edn&#8217;, el asturiano que se ech\u00f3 al monte hace 14 a\u00f1os tras matar a su hermano y era \u201cfeliz\u201d en la c\u00e1rcel<\/p>\n<p>            <img decoding=\"async\" class=\"lazy\" loading=\"lazy\" data-src=\"https:\/\/static.eldiario.es\/clip\/f99a86ea-3a46-487b-9a57-662e0f2c0cf2_16-9-aspect-ratio_default_0.jpg\" src=\"data:image\/svg+xml,%3Csvg xmlns=\" http:=\"\" viewbox=\"0 0 880 495\" alt=\"Desaparece 'Tomas\u00edn', el asturiano que se ech\u00f3 al monte hace 14 a\u00f1os tras matar a su hermano y era \u201cfeliz\u201d en la c\u00e1rcel\"\/><\/p>\n<p>                        <\/a><\/p>\n<p class=\"article-text\">\n        \u201cTomas\u00edn\u201d hab\u00eda acudido a primera hora de esta ma\u00f1ana al establecimiento, con toda tranquilidad y ajeno a la gran movilizaci\u00f3n de medios personales y humanos que se hab\u00eda activado en su b\u00fasqueda.\n    <\/p>\n<p>    Alert\u00f3 un particular<\/p>\n<p class=\"article-text\">\n        Un portavoz de la Guardia Civil de la Zona\/Comandancia de Asturias ha confirmado a <a href=\"https:\/\/www.eldiario.es\/asturias\/\" data-mrf-recirculation=\"links-noticia\" class=\"link\" rel=\"nofollow noopener\" target=\"_blank\">elDiario.es Asturias<\/a> la localizaci\u00f3n de \u201cTomas\u00edn\u201d, en torno a las 11:00 horas de esta ma\u00f1ana.\n    <\/p>\n<p class=\"article-text\">\n        El 112 Asturias hab\u00eda comunicado al Centro Operativo de Servicios (COS) de la Guardia Civil de Asturias las llamadas telef\u00f3nicas de un particular que indicaba que \u201cacababa de ver en la localidad de Obona, en Tineo, a la persona desaparecida\u201d. En ese momento \u201cTomas\u00edn\u201d estaba comprando alimentos.\n    <\/p>\n<p>    Un cliente le reconoci\u00f3<\/p>\n<p class=\"article-text\">\n        Cuando esta persona le reconoci\u00f3, le pidi\u00f3 que \u201cle acompa\u00f1ara\u201d y \u00e9l se neg\u00f3, por lo que se puso en contacto con el 112 Asturias.\n    <\/p>\n<p class=\"article-text\">\n        Inmediatamente, se pas\u00f3 aviso a la Guardia Civil del puesto de Navelgas, que traslad\u00f3 a una patrulla hasta Obona para contrastar la veracidad de esta pista que fue confirmada poco despu\u00e9s.\n    <\/p>\n<p>            <img decoding=\"async\" class=\"lazy\" loading=\"lazy\" data-src=\"https:\/\/static.eldiario.es\/clip\/c97e841f-509d-4f2d-8161-07030fb27638_source-aspect-ratio_default_0.jpg\" src=\"data:image\/svg+xml,%3Csvg xmlns=\" http:=\"\" viewbox=\"0 0 960 1280\" alt=\"&quot;Tomas\u00edn&quot; ha sido localizado ileso en un bar tienda en Obona, en Tineo.\"\/><\/p>\n<p>    Seis d\u00edas de intensa b\u00fasqueda<\/p>\n<p class=\"article-text\">\n        Desde hace seis d\u00edas se le buscaba por los alrededores de su vivienda, en la aldea de La Llaneza, tras la denuncia por desaparici\u00f3n que hab\u00eda interpuesto ante la Guardia Civil un familiar el pasado martes ante la falta de noticias sobre su paradero. En ese momento, su familia tem\u00eda que hubiera sufrido alg\u00fan tipo de incidente.\n    <\/p>\n<p class=\"article-text\">\n        Un final tan inesperado como sorpresivo para los propios servicios de emergencia, dado que \u201cTomas\u00edn\u201d hab\u00eda ido a comprar como persona libre que es desde que en 2017 abandon\u00f3 el centro penitenciario de Asturias al cumplir la condena de seis a\u00f1os que la Audiencia Provincial de Asturias le hab\u00eda impuesto despu\u00e9s de que un tribunal del jurado le declarase culpable del homicidio de su hermano, Manuel, al que mat\u00f3 con una escopeta de perdigones que \u00e9l mismo hab\u00eda fabricado en 2011 porque aseguraba que le maltrataba.\n    <\/p>\n<p>            <img decoding=\"async\" class=\"lazy\" loading=\"lazy\" data-src=\"https:\/\/static.eldiario.es\/clip\/efff0c2a-5746-43d3-9f61-a153f3dddda1_16-9-discover-aspect-ratio_default_0.jpg\" src=\"data:image\/svg+xml,%3Csvg xmlns=\" http:=\"\" viewbox=\"0 0 1200 675\" alt=\"Puesto de Mando Avanzado donde se distribu\u00edan las labores de b\u00fasqueda de &quot;Tomas\u00edn&quot; durante esta semana.\"\/><\/p>\n<p>    La movilizaci\u00f3n de medios<\/p>\n<p class=\"article-text\">\n        En estos seis d\u00edas de b\u00fasqueda se han desplegado por las inmediaciones de La Llaneza la Unidad de drones, un helic\u00f3ptero, perros especializados en rastreos y los especialistas de los Grupos de Rescate e Intervenci\u00f3n en Monta\u00f1a (GREIM) de Mieres, Seguridad Ciudadana y Servicio de Protecci\u00f3n de la Naturaleza (Seprona) y Bomberos.\n    <\/p>\n<p>    <a href=\"https:\/\/www.eldiario.es\/asturias\/tomasin-ermitano-asturiano-vuelve-monte-no-deja-pistas_1_12767457.html\" data-mrf-recirculation=\"saber-mas-abajo\" data-dl-event=\"saber-mas-abajo\" rel=\"nofollow noopener\" target=\"_blank\"><\/p>\n<p class=\"know-more__title\">&#8216;Tomas\u00edn&#8217;, el ermita\u00f1o asturiano que siempre vuelve al monte y no deja pistas<\/p>\n<p>            <img decoding=\"async\" class=\"lazy\" loading=\"lazy\" data-src=\"https:\/\/static.eldiario.es\/clip\/c7ff6c83-d66c-42e0-9007-693aa8a609f4_16-9-aspect-ratio_default_0.jpg\" src=\"data:image\/svg+xml,%3Csvg xmlns=\" http:=\"\" viewbox=\"0 0 880 495\" alt=\"'Tomas\u00edn', el ermita\u00f1o asturiano que siempre vuelve al monte y no deja pistas\"\/><\/p>\n<p>                        <\/a><\/p>\n<p class=\"article-text\">\n        Los rastreos se realizaron tanto en el monte, como en el entorno de la vivienda. La zona de b\u00fasqueda se lleg\u00f3 a dividir en cuatro sectores centrados en la ladera suroeste, en direcci\u00f3n a la localidad de Tineo. Tambi\u00e9n se llev\u00f3 a cabo un barrido, de casi un kil\u00f3metro y medio de terreno, en el que se emple\u00f3 la visual t\u00e9rmica nocturna de uno de los drones de Bomberos de Asturias, al igual que desde La Llaneza hacia La Espina, en el concejo de Salas. Y mientras tanto, ajeno a todo ello, \u201cTomas\u00edn\u201d estaba en perfecto estado de salud, haciendo vida normal.\n    <\/p>\n","protected":false},"excerpt":{"rendered":"Al sexto d\u00eda de intensa b\u00fasqueda por los montes y los alrededores de su vivienda en La Llaneza,&hellip;\n","protected":false},"author":2,"featured_media":240427,"comment_status":"","ping_status":"","sticky":false,"template":"","format":"standard","meta":{"footnotes":""},"categories":[8],"tags":[12232,1770,17,18,20263,978,25,24,13,14,11,19,20,9,10,15,16,1333,23,12,61944,21,22],"class_list":{"0":"post-240426","1":"post","2":"type-post","3":"status-publish","4":"format-standard","5":"has-post-thumbnail","7":"category-espana","8":"tag-asturiano","9":"tag-asturias","10":"tag-breaking-news","11":"tag-breakingnews","12":"tag-busqueda","13":"tag-dia","14":"tag-es","15":"tag-espana","16":"tag-featured-news","17":"tag-featurednews","18":"tag-headlines","19":"tag-latest-news","20":"tag-latestnews","21":"tag-news","22":"tag-noticias","23":"tag-noticias-destacadas","24":"tag-noticiasdestacadas","25":"tag-sexto","26":"tag-spain","27":"tag-titulares","28":"tag-tomasin","29":"tag-ultimas-noticias","30":"tag-ultimasnoticias"},"share_on_mastodon":{"url":"https:\/\/pubeurope.com\/@es\/115563752518158836","error":""},"_links":{"self":[{"href":"https:\/\/www.europesays.com\/es\/wp-json\/wp\/v2\/posts\/240426","targetHints":{"allow":["GET"]}}],"collection":[{"href":"https:\/\/www.europesays.com\/es\/wp-json\/wp\/v2\/posts"}],"about":[{"href":"https:\/\/www.europesays.com\/es\/wp-json\/wp\/v2\/types\/post"}],"author":[{"embeddable":true,"href":"https:\/\/www.europesays.com\/es\/wp-json\/wp\/v2\/users\/2"}],"replies":[{"embeddable":true,"href":"https:\/\/www.europesays.com\/es\/wp-json\/wp\/v2\/comments?post=240426"}],"version-history":[{"count":0,"href":"https:\/\/www.europesays.com\/es\/wp-json\/wp\/v2\/posts\/240426\/revisions"}],"wp:featuredmedia":[{"embeddable":true,"href":"https:\/\/www.europesays.com\/es\/wp-json\/wp\/v2\/media\/240427"}],"wp:attachment":[{"href":"https:\/\/www.europesays.com\/es\/wp-json\/wp\/v2\/media?parent=240426"}],"wp:term":[{"taxonomy":"category","embeddable":true,"href":"https:\/\/www.europesays.com\/es\/wp-json\/wp\/v2\/categories?post=240426"},{"taxonomy":"post_tag","embeddable":true,"href":"https:\/\/www.europesays.com\/es\/wp-json\/wp\/v2\/tags?post=240426"}],"curies":[{"name":"wp","href":"https:\/\/api.w.org\/{rel}","templated":true}]}}