{"id":240433,"date":"2025-11-17T07:11:11","date_gmt":"2025-11-17T07:11:11","guid":{"rendered":"https:\/\/www.europesays.com\/es\/240433\/"},"modified":"2025-11-17T07:11:11","modified_gmt":"2025-11-17T07:11:11","slug":"cd-sonseca-1-7-cd-tarancon","status":"publish","type":"post","link":"https:\/\/www.europesays.com\/es\/240433\/","title":{"rendered":"CD Sonseca 1-7 CD Taranc\u00f3n"},"content":{"rendered":"<p>CD Sonseca 1-7 CD Taranc\u00f3n<\/p>\n<p class=\"c-detail__category\">TERCERA RFEF<\/p>\n<p class=\"c-detail__info\">\n                                            16\/11\/2025 21:30\n                                            <\/p>\n<p>                                                Duraci\u00f3n del video<\/p>\n<p>                                            3m 3s<\/p>\n<p>El CD Taranc\u00f3n pasa por encima del CD Sonseca y contin\u00faa cerrando los puestos de play-off. Contundente triunfo del conjunto de Jorge Ca\u00f1ete para sumar la segunda victoria consecutiva gracias a un hat-trick de Gabri, a un doblete de Cabellud y a los goles de Madalin y Kanta. El equipo sonsecano sigue como colista y cosecha su s\u00e9ptima derrota en once encuentros.\u00a0<\/p>\n<p>        <a href=\"#\" class=\"c-icon-app-back-btn\"\/><\/p>\n<p class=\"notification-text\">\u00bfDesea recibir alertas con las \u00faltimas noticias?<\/p>\n<p>\n        Rechazar<br \/>\n        Aceptar\n    <\/p>\n<p>\n        not_supported_text.placeholder\n    <\/p>\n","protected":false},"excerpt":{"rendered":"CD Sonseca 1-7 CD Taranc\u00f3n TERCERA RFEF 16\/11\/2025 21:30 Duraci\u00f3n del video 3m 3s El CD Taranc\u00f3n pasa&hellip;\n","protected":false},"author":2,"featured_media":240434,"comment_status":"","ping_status":"","sticky":false,"template":"","format":"standard","meta":{"footnotes":""},"categories":[268],"tags":[168,25,24,280,282,281,23,167],"class_list":{"0":"post-240433","1":"post","2":"type-post","3":"status-publish","4":"format-standard","5":"has-post-thumbnail","7":"category-futbol","8":"tag-deportes","9":"tag-es","10":"tag-espana","11":"tag-football","12":"tag-futbol","13":"tag-soccer","14":"tag-spain","15":"tag-sports"},"share_on_mastodon":{"url":"https:\/\/pubeurope.com\/@es\/115563795848454277","error":""},"_links":{"self":[{"href":"https:\/\/www.europesays.com\/es\/wp-json\/wp\/v2\/posts\/240433","targetHints":{"allow":["GET"]}}],"collection":[{"href":"https:\/\/www.europesays.com\/es\/wp-json\/wp\/v2\/posts"}],"about":[{"href":"https:\/\/www.europesays.com\/es\/wp-json\/wp\/v2\/types\/post"}],"author":[{"embeddable":true,"href":"https:\/\/www.europesays.com\/es\/wp-json\/wp\/v2\/users\/2"}],"replies":[{"embeddable":true,"href":"https:\/\/www.europesays.com\/es\/wp-json\/wp\/v2\/comments?post=240433"}],"version-history":[{"count":0,"href":"https:\/\/www.europesays.com\/es\/wp-json\/wp\/v2\/posts\/240433\/revisions"}],"wp:featuredmedia":[{"embeddable":true,"href":"https:\/\/www.europesays.com\/es\/wp-json\/wp\/v2\/media\/240434"}],"wp:attachment":[{"href":"https:\/\/www.europesays.com\/es\/wp-json\/wp\/v2\/media?parent=240433"}],"wp:term":[{"taxonomy":"category","embeddable":true,"href":"https:\/\/www.europesays.com\/es\/wp-json\/wp\/v2\/categories?post=240433"},{"taxonomy":"post_tag","embeddable":true,"href":"https:\/\/www.europesays.com\/es\/wp-json\/wp\/v2\/tags?post=240433"}],"curies":[{"name":"wp","href":"https:\/\/api.w.org\/{rel}","templated":true}]}}