{"id":240439,"date":"2025-11-17T07:17:08","date_gmt":"2025-11-17T07:17:08","guid":{"rendered":"https:\/\/www.europesays.com\/es\/240439\/"},"modified":"2025-11-17T07:17:08","modified_gmt":"2025-11-17T07:17:08","slug":"llamo-a-george-clooney-en-numerosas-ocasiones-cuando-la-vida-se-pone-dificil-es-alguien-en-quien-confio","status":"publish","type":"post","link":"https:\/\/www.europesays.com\/es\/240439\/","title":{"rendered":"Llamo a George Clooney en numerosas ocasiones cuando la vida se pone dif\u00edcil. Es alguien en quien conf\u00edo"},"content":{"rendered":"<p data-gtm-element-container=\"modulo-texto-link\" class=\"paragraph\">Brad Pitt y George Clooney protagonizan juntos la <a href=\"https:\/\/www.gq.com\/story\/brad-pitt-george-clooney-gq-cover-story\" rel=\"nofollow noreferrer noopener\" target=\"_blank\">portada de GQ<\/a>, y su encuentro en el pintoresco <a href=\"https:\/\/www.elle.com\/es\/gourmet\/gastronomia\/a45257248\/chateau-miraval-historia-musicos-brad-pitt\/\" rel=\"nofollow noreferrer noopener\" target=\"_blank\">Ch\u00e2teau Miraval<\/a>, en el sur de Francia, ofrece una oportunidad para reflexionar sobre su larga amistad y sus vidas entrelazadas. A sus m\u00e1s de sesenta a\u00f1os, ambos actores viven una <strong>etapa de calma, rodeados de paisajes de olivos, lavanda y vi\u00f1edos, donde las risas pausadas y los recuerdos afloran<\/strong> con naturalidad.<\/p>\n<p data-gtm-element-container=\"modulo-texto-link\" class=\"paragraph\">Estar en Miraval no es casualidad: es el lugar que simboliza su v\u00ednculo. Clooney conduce su coche desde su casa cercana y saluda a Pitt como si fueran hermanos, mientras su risa retumba por la piedra antigua de la finca. Esa familiaridad refleja <strong>d\u00e9cadas de experiencias compartidas, \u00e9xitos, proyectos y tambi\u00e9n desaf\u00edos<\/strong>, pero siempre con una complicidad sincera.<\/p>\n<p>Confesiones sobre fama, madurez y apoyo mutuo<\/p>\n<p data-gtm-element-container=\"modulo-texto-link\" class=\"paragraph\">En la entrevista concedida a GQ, los dos actores reconocen la <strong>complejidad de envejecer en una industria tan competitiva<\/strong>. Pitt reflexiona sobre su mortalidad cada vez m\u00e1s evidente, admitiendo que con los a\u00f1os ha aprendido a valorar a las personas que tiene cerca y a disfrutar la vida con mayor presencia. Clooney, por su parte, comparte que tambi\u00e9n ha cambiado su perspectiva: la fama ya no es todo, y p<strong>roteger su privacidad y la de su familia se ha convertido en una prioridad<\/strong>.<\/p>\n<p data-gtm-element-container=\"modulo-texto-link\" class=\"paragraph\">A lo largo de la conversaci\u00f3n, emerge un tema central: el apoyo mutuo. Ambos coinciden en que,<strong> cuando la vida se complica, se llaman para saber c\u00f3mo est\u00e1n<\/strong>. Clooney afirma que, con el paso del tiempo, es importante \u201ccomprobar\u201d que todo va bien entre ellos, mientras que Pitt reconoce que \u00e9l valora especialmente la capacidad de George para ver m\u00e1s all\u00e1, entender las jugadas de la vida y ofrecer consejo. Esa conexi\u00f3n profunda no solo es profesional, sino tambi\u00e9n emocional.<\/p>\n<blockquote class=\"instagram-media\" data-instgrm-captioned=\"\" data-instgrm-version=\"6\" style=\"background: #FFF; border: 0; border-radius: 3px; box-shadow: 0 0 1px 0 rgba(0,&#10;0, 0, 0.5), 0 1px 10px 0 rgba(0, 0, 0, 0.15); margin: 1px; max-width: 658px; padding: 0;&#10;width: 99.375%; width: -webkit-calc(100% - 2px); width: calc(100% - 2px);\">\n<\/blockquote>\n<p>Historias compartidas y an\u00e9cdotas del pasado<\/p>\n<p data-gtm-element-container=\"modulo-texto-link\" class=\"paragraph\">Recordando sus inicios, Clooney relata una an\u00e9cdota que revela su lado divertido y competitivo. Cuando eran j\u00f3venes, en plena fase de fama, sol\u00eda crear situaciones para molestar a Pitt, provocando caos entre fans y paparazzi. Esa competitividad se mezclaba con una admiraci\u00f3n mutua: Clooney reconoce que <strong>vio en Pitt un l\u00edder en un momento clave, cuando Pitt coment\u00f3 una de las reacciones de Clooney tras la muerte de la princesa Diana<\/strong>.<\/p>\n<p data-gtm-element-container=\"modulo-texto-link\" class=\"paragraph\">Adem\u00e1s, discuten c\u00f3mo ha cambiado su relaci\u00f3n con la fama: Clooney se\u00f1ala que, <strong>incluso alcanzando gran notoriedad, intenta preservar la normalidad familiar<\/strong>. Pitt recuerda con crudeza los d\u00edas en que ambos eran <strong>perseguidos sin descanso por los paparazzi<\/strong>. Clooney admite que hay momentos en los que evita ir al hospital solo para no generar titulares. Esa tensi\u00f3n entre lo p\u00fablico y lo \u00edntimo ha sido una constante en sus vidas.<\/p>\n<p>    Lee tambi\u00e9n<\/p>\n<p data-gtm-element-container=\"modulo-texto-link\" class=\"paragraph\">Pitt se encuentra rodando una pel\u00edcula ambientada en el mundo de la F\u00f3rmula 1, un reto que lo apasiona por la <strong>sensaci\u00f3n de velocidad y por lo dif\u00edcil que es encontrar algo que lo emocione de verdad<\/strong>. Clooney, por su parte, vuelve a trabajar con Noah Baumbach en una pel\u00edcula en Italia, lo que retrata su deseo de seguir actuando, pero sin sacrificar su vida personal.<\/p>\n<p data-gtm-element-container=\"modulo-texto-link\" class=\"paragraph\">M\u00e1s all\u00e1 del trabajo, lo que destaca es la madurez que ha surgido en su relaci\u00f3n. En vez de competir, se apoyan; en lugar de demostrar, comparten. <strong>Su amistad ya no se basa solo en la camarader\u00eda, sino en el reconocimiento mutuo de que han sobrevivido<\/strong> a las exigencias de Hollywood y han elegido, conscientemente, seguir siendo compa\u00f1eros de camino.<\/p>\n","protected":false},"excerpt":{"rendered":"Brad Pitt y George Clooney protagonizan juntos la portada de GQ, y su encuentro en el pintoresco Ch\u00e2teau&hellip;\n","protected":false},"author":2,"featured_media":240440,"comment_status":"","ping_status":"","sticky":false,"template":"","format":"standard","meta":{"footnotes":""},"categories":[169],"tags":[177,146,147,25,24,176,175,23],"class_list":{"0":"post-240439","1":"post","2":"type-post","3":"status-publish","4":"format-standard","5":"has-post-thumbnail","7":"category-cine","8":"tag-cine","9":"tag-entertainment","10":"tag-entretenimiento","11":"tag-es","12":"tag-espana","13":"tag-film","14":"tag-movies","15":"tag-spain"},"share_on_mastodon":{"url":"https:\/\/pubeurope.com\/@es\/115563819394649383","error":""},"_links":{"self":[{"href":"https:\/\/www.europesays.com\/es\/wp-json\/wp\/v2\/posts\/240439","targetHints":{"allow":["GET"]}}],"collection":[{"href":"https:\/\/www.europesays.com\/es\/wp-json\/wp\/v2\/posts"}],"about":[{"href":"https:\/\/www.europesays.com\/es\/wp-json\/wp\/v2\/types\/post"}],"author":[{"embeddable":true,"href":"https:\/\/www.europesays.com\/es\/wp-json\/wp\/v2\/users\/2"}],"replies":[{"embeddable":true,"href":"https:\/\/www.europesays.com\/es\/wp-json\/wp\/v2\/comments?post=240439"}],"version-history":[{"count":0,"href":"https:\/\/www.europesays.com\/es\/wp-json\/wp\/v2\/posts\/240439\/revisions"}],"wp:featuredmedia":[{"embeddable":true,"href":"https:\/\/www.europesays.com\/es\/wp-json\/wp\/v2\/media\/240440"}],"wp:attachment":[{"href":"https:\/\/www.europesays.com\/es\/wp-json\/wp\/v2\/media?parent=240439"}],"wp:term":[{"taxonomy":"category","embeddable":true,"href":"https:\/\/www.europesays.com\/es\/wp-json\/wp\/v2\/categories?post=240439"},{"taxonomy":"post_tag","embeddable":true,"href":"https:\/\/www.europesays.com\/es\/wp-json\/wp\/v2\/tags?post=240439"}],"curies":[{"name":"wp","href":"https:\/\/api.w.org\/{rel}","templated":true}]}}