{"id":240449,"date":"2025-11-17T07:22:11","date_gmt":"2025-11-17T07:22:11","guid":{"rendered":"https:\/\/www.europesays.com\/es\/240449\/"},"modified":"2025-11-17T07:22:11","modified_gmt":"2025-11-17T07:22:11","slug":"confusion-cumplimiento-con-verifactu-declaraciones-de-alegra","status":"publish","type":"post","link":"https:\/\/www.europesays.com\/es\/240449\/","title":{"rendered":"Confusi\u00f3n cumplimiento con Verifactu: declaraciones de Alegra"},"content":{"rendered":"<p>                                                &#13;<br \/>\n                            <img decoding=\"async\" src=\"https:\/\/www.europesays.com\/es\/wp-content\/uploads\/2025\/11\/confusion-cumplimiento-con-verifactu-declaraciones-de-alegra.png\" alt=\"Confusi\u00f3n con el cumplimiento de Verifactu: declaraciones de Alegra\" title=\"Confusi\u00f3n con el cumplimiento de Verifactu: declaraciones de Alegra\"\/>&#13;<\/p>\n<p>HOSTELVENDING.COM 17\/11\/2025.-\u00a0En los \u00faltimos d\u00edas se han difundido en medios de comunicaci\u00f3n las <strong>declaraciones del Consejo General de Colegios de Gestores Administrativos de Espa\u00f1a sobre Verifactu,<\/strong> se\u00f1alando que <strong>su aplicaci\u00f3n ser\u00e1 voluntaria en la mayor\u00eda de los casos <\/strong>y que no todos los contribuyentes estar\u00e1n obligados a usarlo.\u00a0Estas declaraciones han generado un <strong>debate en torno a la confusi\u00f3n existente entre la Ley Antifraude (Verifactu) y la facturaci\u00f3n electr\u00f3nica<\/strong>, lo que ha creado <strong>incertidumbre <\/strong>entre pymes y aut\u00f3nomos sobre sus obligaciones reales.<\/p>\n<p><strong>Declaraci\u00f3n de \u00c1lvaro Villa, director general de Alegra<\/strong><\/p>\n<p>\u201cLa confusi\u00f3n que existe hoy entre la <strong>Ley Antifraude (Verifactu) y la facturaci\u00f3n electr\u00f3nica no es culpa de las pymes ni de los aut\u00f3nomos, sino el reflejo de una falta de formaci\u00f3n y acompa\u00f1amiento <\/strong>en los procesos de digitalizaci\u00f3n. El discurso alarmista que se ha generado solo incrementa la incertidumbre y frena a quienes m\u00e1s necesitan avanzar.\u00a0\u00a0<\/p>\n<p>Verifactu no es una carga, es una oportunidad para ordenar la casa. Las empresas que adopten sistemas certificados no solo evitan sanciones, sino que <strong>ganan eficiencia<\/strong>, control financiero en tiempo real y la tranquilidad de saber que su facturaci\u00f3n cumple con los m\u00e1s altos est\u00e1ndares de integridad y trazabilidad que exige Hacienda.\u00a0<\/p>\n<p>Aunque la norma no obligue a todos,<strong> no contar con un sistema adaptado a Verifactu implica asumir riesgos innecesarios<\/strong>. Facturar en Excel o de forma manual exige cumplir condiciones t\u00e9cnicas muy complejas, y un error puede costar miles de euros en sanciones. Lo inteligente es adelantarse, usar un sistema preparado y trabajar con tranquilidad.\u00a0<\/p>\n<p>En Alegra creemos que<strong> la digitalizaci\u00f3n debe ser accesible para todos<\/strong>, no un privilegio. Por eso apostamos por herramientas que facilitan el cumplimiento normativo, tambi\u00e9n gratuitas, que permiten que cualquier aut\u00f3nomo o peque\u00f1a empresa pueda dar el paso sin miedo y con total confianza\u201d.\u00a0<\/p>\n","protected":false},"excerpt":{"rendered":"&#13; &#13; HOSTELVENDING.COM 17\/11\/2025.-\u00a0En los \u00faltimos d\u00edas se han difundido en medios de comunicaci\u00f3n las declaraciones del Consejo&hellip;\n","protected":false},"author":2,"featured_media":240450,"comment_status":"","ping_status":"","sticky":false,"template":"","format":"standard","meta":{"footnotes":""},"categories":[80],"tags":[82,95,94,25,24,23],"class_list":{"0":"post-240449","1":"post","2":"type-post","3":"status-publish","4":"format-standard","5":"has-post-thumbnail","7":"category-economia","8":"tag-business","9":"tag-economia","10":"tag-economy","11":"tag-es","12":"tag-espana","13":"tag-spain"},"share_on_mastodon":{"url":"https:\/\/pubeurope.com\/@es\/115563839405394338","error":""},"_links":{"self":[{"href":"https:\/\/www.europesays.com\/es\/wp-json\/wp\/v2\/posts\/240449","targetHints":{"allow":["GET"]}}],"collection":[{"href":"https:\/\/www.europesays.com\/es\/wp-json\/wp\/v2\/posts"}],"about":[{"href":"https:\/\/www.europesays.com\/es\/wp-json\/wp\/v2\/types\/post"}],"author":[{"embeddable":true,"href":"https:\/\/www.europesays.com\/es\/wp-json\/wp\/v2\/users\/2"}],"replies":[{"embeddable":true,"href":"https:\/\/www.europesays.com\/es\/wp-json\/wp\/v2\/comments?post=240449"}],"version-history":[{"count":0,"href":"https:\/\/www.europesays.com\/es\/wp-json\/wp\/v2\/posts\/240449\/revisions"}],"wp:featuredmedia":[{"embeddable":true,"href":"https:\/\/www.europesays.com\/es\/wp-json\/wp\/v2\/media\/240450"}],"wp:attachment":[{"href":"https:\/\/www.europesays.com\/es\/wp-json\/wp\/v2\/media?parent=240449"}],"wp:term":[{"taxonomy":"category","embeddable":true,"href":"https:\/\/www.europesays.com\/es\/wp-json\/wp\/v2\/categories?post=240449"},{"taxonomy":"post_tag","embeddable":true,"href":"https:\/\/www.europesays.com\/es\/wp-json\/wp\/v2\/tags?post=240449"}],"curies":[{"name":"wp","href":"https:\/\/api.w.org\/{rel}","templated":true}]}}