{"id":240497,"date":"2025-11-17T08:01:16","date_gmt":"2025-11-17T08:01:16","guid":{"rendered":"https:\/\/www.europesays.com\/es\/240497\/"},"modified":"2025-11-17T08:01:16","modified_gmt":"2025-11-17T08:01:16","slug":"el-asunto-del-amor-esta-chungo-ahora-nadie-quiere-compromiso","status":"publish","type":"post","link":"https:\/\/www.europesays.com\/es\/240497\/","title":{"rendered":"\u00abEl asunto del amor est\u00e1 chungo; ahora nadie quiere compromiso\u00bb"},"content":{"rendered":"<p class=\"v-mdl-ath__p v-mdl-ath__p--6\">\nLunes, 17 de noviembre 2025, 00:05<\/p>\n<p class=\"v-p\">Es el &#8216;ma\u00eetre&#8217; m\u00e1s famoso de la peque\u00f1a pantalla. El presentador Carlos Sobera (Baracaldo, Vizcaya, 65 a\u00f1os) conduce &#8216;First Dates&#8217; en Cuatro todas las noches, en las que ayuda a otros a buscar el amor o compa\u00f1\u00eda en tiempos donde cada vez m\u00e1s gente se siente sola.<\/p>\n<p class=\"v-p\"><strong>\u2013El programa cumple en primavera diez a\u00f1os y parece que no se desgasta.<\/strong><\/p>\n<p class=\"v-p\">\u2013A pesar de la competencia, s\u00ed. Nuestro peor enemigo sigue siendo Telecinco, porque ofrece &#8216;La isla de las tentaciones&#8217;, &#8216;Gran hermano&#8217; y &#8216;Supervivientes&#8217;. Y esos tres programas nos hacen m\u00e1s da\u00f1o que &#8216;El hormiguero&#8217; y &#8216;La revuelta&#8217;. Pero pese a la llegada de la nueva competencia, &#8216;First Dates&#8217; se mantiene muy en la l\u00ednea de los \u00faltimos a\u00f1os. Hay que estar muy contento, la verdad. El programa se ha hecho un un hueco y hay mucha gente que opta por nuestro formato.<\/p>\n<p class=\"v-p\"><strong>\u2013\u00bfCu\u00e1l es la clave? <\/strong><\/p>\n<p class=\"v-p\">\u2013Para m\u00ed, el gran secreto es que hay una selecci\u00f3n de concursantes o de participantes excelsa, dir\u00eda yo. Es la excelencia pura y dura, un trabajo extraordinario que hace este equipo. Escogen gente de tal magnitud, de tal frescura y de tal autenticidad que todav\u00eda me preguntan en la calle, diez a\u00f1os despu\u00e9s, si son actores. Que yo lo flipo. \u00bfPero t\u00fa de verdad has visto un actor, y mira que los hay buenos, capaz de hacer estos papeles? Hay un retrato sociol\u00f3gico del pa\u00eds de una magnitud enorme. Y esa frescura diez a\u00f1os despu\u00e9s se sigue manteniendo porque la gente que viene sigue siendo fresca gracias al trabajo que hace aqu\u00ed el equipo de &#8216;First Dates&#8217;.<\/p>\n<p>El salto a Telecinco<\/p>\n<p class=\"v-p\"><strong>\u2013\u00bfLe gust\u00f3 la experiencia de saltar a Telecinco en verano?<\/strong><\/p>\n<p class=\"v-p\">\u2013A m\u00ed me gustaron todas las experiencias (risas). Cuando se toma la decisi\u00f3n de pasar el programa a Telecinco es en un momento muy determinado por echar una mano tambi\u00e9n a las cifras de audiencia. Podr\u00eda no haber funcionado, funcion\u00f3. Esto viene a demostrar que el p\u00fablico, que es fiel al formato, lo va seguir. Pero claro, fue como desvestir a un santo, porque dejas un hueco en Cuatro que tampoco sabes c\u00f3mo cubrir. Y luego en Telecinco, habr\u00eda que reformatear el formato, porque la duraci\u00f3n del &#8216;access&#8217; es diferente o la carga publicitaria tambi\u00e9n es distinta. Fue una \u00e9poca bonita de dos meses que aguant\u00f3 muy bien, lleg\u00f3 a hacer doble d\u00edgito varios d\u00edas, pero creo que la decisi\u00f3n de volver a Cuatro fue acertada.<\/p>\n<p class=\"v-p\"><strong>\u2013\u00bfC\u00f3mo lleg\u00f3 a presentar &#8216;First Dates&#8217;? Era algo muy diferente a lo que hab\u00eda hecho hasta el momento.<\/strong><\/p>\n<p class=\"v-p\">\u2013No fue un proceso de selecci\u00f3n, fue un proceso de confirmaci\u00f3n m\u00e1s bien. Quer\u00edan que lo hiciera yo, pero siempre estaba la duda porque me asociaban con concursos. Yo ya he presentado de todo, pero siempre hay alguien que puede tener una peque\u00f1a duda, yo lo entiendo. El caso es que me pidieron hacer una peque\u00f1a prueba, y yo desde el primer d\u00eda me sent\u00ed como pez en el agua. En el sentido de que no me costaba nada, ni coger la chaqueta de un invitado y colgarla, ni preguntarle cosas \u00edntimas. Y a ra\u00edz de eso, pues se convencieron de que era adecuado para hacer de &#8216;ma\u00eetre&#8217;, y ya llevo diez a\u00f1os colgando la ropa de todo el mundo.<\/p>\n<p class=\"v-p\"><strong>\u2013\u00bfNo le tuvo que convencer Paolo Vasile?<\/strong><\/p>\n<p class=\"v-p\">\u2013No, Vasile dijo: \u00abA verlo, Carlos\u00bb. Siempre tuvo una confianza en m\u00ed extraordinaria, disfrut\u00f3 mucho de ese primer programa de &#8216;First Dates&#8217;. Ten\u00eda una clarividencia bastante importante con los programas, sol\u00eda acertar y apost\u00f3 por este y no se equivoc\u00f3. \u00c9l y todo su equipo.<\/p>\n<p class=\"v-p\"><strong>\u2013\u00bfSe atrever\u00eda a hacer una radiograf\u00eda del estado del amor en nuestro pa\u00eds?<\/strong><\/p>\n<p class=\"v-p\">\u2013Si atiendo a los testimonios que vienen, el asunto est\u00e1 chungo, amigos (risas). No, es verdad, est\u00e1 complicado, pero las quejas van en ambos sentidos. Ellas se quejan de que ellos no quieren compromiso; ellos se quejan de que ellas no quieren compromiso. O sea, nadie quiere compromiso. Todo el mundo quiere el &#8216;aqu\u00ed te pillo, aqu\u00ed te mato&#8217;. Esto me hubiera gustado a m\u00ed en mi \u00e9poca cuando era joven. Me hubiera divertido un rato (risas). No he tenido la oportunidad, ahora por lo visto todo el mundo es as\u00ed. Y luego la gente mayor tambi\u00e9n te da el ejemplo de que esto ha cambiado mucho, porque ahora buscan pareja pero para jugar a los bolos, o para ir a la playa, o pasar un fin de semana. No quieren convivir. Todo esto lo aclaran desde el principio: \u00abConvivir, no. Cada uno en su casa\u00bb. Nos hemos vuelto bastante egoc\u00e9ntricos, muy ego\u00edstas. Cuanto m\u00e1s solos estamos, m\u00e1s acostumbrados estamos a nosotros mismos, y nos cuesta mucho abrirnos a gente nueva, compartir y ceder. No entendemos ya ese lenguaje. Y esto est\u00e1 a la orden del d\u00eda.<\/p>\n<p class=\"v-p\"><strong>\u2013Tambi\u00e9n se habla de la epidemia de la soledad. \u00bfNota en su programa que acuden invitados que se sienten muy solos?<\/strong><\/p>\n<p class=\"v-p\">\u2013S\u00ed, sobre todo la gente mayor. Te dir\u00eda que a partir de los 50 a\u00f1os, no solamente los de 80. Y a partir de los 50, cuando alguien se queda soltero mucho tiempo sin quererlo y se ve obligado a vivir solo, se resiente. Me imagino que en su vida privada acuden a Tinder o a soluciones diversas, y esta soluci\u00f3n les parece tambi\u00e9n buena para intentar encontrar. Esta es otra cosa que el programa ha conseguido: que ha trascendido lo que es puramente televisivo y se ha convertido en un lugar de confianza para la gente. O sea, hay mucha gente que viene de verdad a ver si le encontramos a esa pareja que ellos no son capaces de encontrar.<\/p>\n<p>Reporta un error<\/p>\n","protected":false},"excerpt":{"rendered":"Lunes, 17 de noviembre 2025, 00:05 Es el &#8216;ma\u00eetre&#8217; m\u00e1s famoso de la peque\u00f1a pantalla. El presentador Carlos&hellip;\n","protected":false},"author":2,"featured_media":240498,"comment_status":"","ping_status":"","sticky":false,"template":"","format":"standard","meta":{"footnotes":""},"categories":[171],"tags":[1733,61957,61958,1625,146,147,25,24,2615,23,214],"class_list":{"0":"post-240497","1":"post","2":"type-post","3":"status-publish","4":"format-standard","5":"has-post-thumbnail","7":"category-tv","8":"tag-amor","9":"tag-asunto","10":"tag-chungo","11":"tag-compromiso","12":"tag-entertainment","13":"tag-entretenimiento","14":"tag-es","15":"tag-espana","16":"tag-quiere","17":"tag-spain","18":"tag-tv"},"share_on_mastodon":{"url":"https:\/\/pubeurope.com\/@es\/115563992534949284","error":""},"_links":{"self":[{"href":"https:\/\/www.europesays.com\/es\/wp-json\/wp\/v2\/posts\/240497","targetHints":{"allow":["GET"]}}],"collection":[{"href":"https:\/\/www.europesays.com\/es\/wp-json\/wp\/v2\/posts"}],"about":[{"href":"https:\/\/www.europesays.com\/es\/wp-json\/wp\/v2\/types\/post"}],"author":[{"embeddable":true,"href":"https:\/\/www.europesays.com\/es\/wp-json\/wp\/v2\/users\/2"}],"replies":[{"embeddable":true,"href":"https:\/\/www.europesays.com\/es\/wp-json\/wp\/v2\/comments?post=240497"}],"version-history":[{"count":0,"href":"https:\/\/www.europesays.com\/es\/wp-json\/wp\/v2\/posts\/240497\/revisions"}],"wp:featuredmedia":[{"embeddable":true,"href":"https:\/\/www.europesays.com\/es\/wp-json\/wp\/v2\/media\/240498"}],"wp:attachment":[{"href":"https:\/\/www.europesays.com\/es\/wp-json\/wp\/v2\/media?parent=240497"}],"wp:term":[{"taxonomy":"category","embeddable":true,"href":"https:\/\/www.europesays.com\/es\/wp-json\/wp\/v2\/categories?post=240497"},{"taxonomy":"post_tag","embeddable":true,"href":"https:\/\/www.europesays.com\/es\/wp-json\/wp\/v2\/tags?post=240497"}],"curies":[{"name":"wp","href":"https:\/\/api.w.org\/{rel}","templated":true}]}}