{"id":240512,"date":"2025-11-17T08:09:11","date_gmt":"2025-11-17T08:09:11","guid":{"rendered":"https:\/\/www.europesays.com\/es\/240512\/"},"modified":"2025-11-17T08:09:11","modified_gmt":"2025-11-17T08:09:11","slug":"ecuador-vota-no-a-las-4-preguntas-del-referendum-promovido-por-el-presidente-daniel-noboa","status":"publish","type":"post","link":"https:\/\/www.europesays.com\/es\/240512\/","title":{"rendered":"Ecuador vota \u00abno\u00bb a las 4 preguntas del refer\u00e9ndum promovido por el presidente Daniel Noboa"},"content":{"rendered":"<p><img fetchpriority=\"high\" decoding=\"async\" src=\"https:\/\/www.europesays.com\/es\/wp-content\/uploads\/2025\/11\/07314db0-c35a-11f0-ae46-bd64331f0fd4.jpg.webp.webp\"   alt=\"Una mujer, en un centro de votaci\u00f3n. \" loading=\"eager\" width=\"1024\" height=\"683\" style=\"aspect-ratio:1024 \/ 683\" class=\"css-4ejld5\"\/><\/p>\n<p class=\"css-by8ykd\" role=\"text\">Fuente de la imagen, Marcos Pin \/ Getty images<\/p>\n<p>Pie de foto, Los ecuatorianos rechazaron en las urnas las propuestas del presidente Noboa. <strong id=\"article-byline\" aria-hidden=\"true\" class=\"css-m04vo2\">Informaci\u00f3n del art\u00edculo<\/strong><\/p>\n<ul class=\"css-1rvtlej\">\n<li class=\"css-oe8da4\">\n<ul role=\"list\" class=\"css-1rnycnn\">\n<li>Autor, Redacci\u00f3n*<\/li>\n<li>T\u00edtulo del autor,  BBC News Mundo<\/li>\n<\/ul>\n<\/li>\n<li class=\"css-1clfxfc\">17 noviembre 2025, 02:40 GMT\n<p>Actualizado 1 minuto<\/p>\n<\/li>\n<li class=\"css-1clfxfc\"\/><\/ul>\n<p dir=\"ltr\" class=\"css-1qucyee e17g058b0\"><b>Los ecuatorianos rechazaron las reformas constitucionales promovidas por el presidente Daniel Noboa en el refer\u00e9ndum celebrado este domingo en su pa\u00eds. <\/b><\/p>\n<p dir=\"ltr\" class=\"css-1qucyee e17g058b0\">Con m\u00e1s de un 80% de los votos escrutados, el no se hab\u00eda impuesto claramente en las cuatro preguntas que el presidente plante\u00f3 a sus compatriotas. <\/p>\n<p dir=\"ltr\" class=\"css-1qucyee e17g058b0\">Noboa esperaba que los ecuatorianos aprobaran levantar el veto a la instalaci\u00f3n de bases militares extranjeras en territorio ecuatoriano consagrado en la Constituci\u00f3n actual. <\/p>\n<p dir=\"ltr\" class=\"css-1qucyee e17g058b0\">Tambi\u00e9n hab\u00eda promovido la convocatoria a una Asamblea Constituyente para dotar de una nueva carta magna al pa\u00eds, as\u00ed como la reducci\u00f3n del n\u00famero de asamble\u00edstas y la supresi\u00f3n de la financiaci\u00f3n estatal a los partidos pol\u00edticos. <\/p>\n<p dir=\"ltr\" class=\"css-1qucyee e17g058b0\">Todas las propuestas de Noboa recibieron una respuesta negativa del electorado, seg\u00fan los datos difundidos por el Consejo Nacional Electoral (CNE). <\/p>\n<p dir=\"ltr\" class=\"css-1qucyee e17g058b0\">Un 60,55% de los votantes rechazaron la posibilidad de eliminar de la Constituci\u00f3n la prohibici\u00f3n de instalar bases militares extranjeras en Ecuador. <\/p>\n<p dir=\"ltr\" class=\"css-1qucyee e17g058b0\">Noboa ha asegurado que la presencia de fuerzas extranjeras y la colaboraci\u00f3n internacional reforzar\u00edan la lucha contra el crimen, que su gobierno se ha fijado como prioridad, y la secretaria de Seguridad Interior de Estados Unidos, Kristi Noem, hab\u00eda visitado el pa\u00eds en el contexto de la campa\u00f1a contra los \u00abnarcoterroristas\u00bb en Am\u00e9rica Latina impulsada por el gobierno de Donald Trump. <\/p>\n<p dir=\"ltr\" class=\"css-1qucyee e17g058b0\">Pero a los ecuatorianos no les han convencido los argumentos del presidente. <\/p>\n<p>No a la Asamblea Constituyente<\/p>\n<p dir=\"ltr\" class=\"css-1qucyee e17g058b0\">Los ecuatorianos tambi\u00e9n dijeron no a la convocatoria de una nueva Asamblea Constituyente y, en consecuencia, a una nueva Constituci\u00f3n. En este caso, el no obtuvo un 61,61% de los votos. <\/p>\n<p dir=\"ltr\" class=\"css-1qucyee e17g058b0\">La pregunta sobre la supresi\u00f3n de la financiaci\u00f3n p\u00fablica a los partidos obtuvo una negativa de un 58,06% de los votantes, mientras que la referida a la reducci\u00f3n del n\u00famero asamble\u00edstas fue rechazada por un 53,45% de los votantes, report\u00f3 el CNE.<\/p>\n<p dir=\"ltr\" class=\"css-1qucyee e17g058b0\">De acuerdo con los \u00faltimos datos oficiales, solamente en una de las 24 provincias del pa\u00eds (Tungurahua) la opci\u00f3n del s\u00ed se impuso en las cuatro opciones. <\/p>\n<p dir=\"ltr\" class=\"css-1qucyee e17g058b0\">Por su parte, en otras tres regiones (Pichincha, Chimborazo y Zamora Chinchipe) los electores respaldaron la propuesta de reducir el n\u00famero de asamble\u00edstas, y en otras cuatro (Loja, Napo, Pastaza y Gal\u00e1pagos) el planteamiento de disminuir el n\u00famero de parlamentarios y eliminar los fondos a los partidos pol\u00edticos consiguieron un respaldo mayoritario del electorado, mientras que la constituyente y el regreso de militares extranjeros fueron rechazadas.<\/p>\n<p dir=\"ltr\" class=\"css-1qucyee e17g058b0\">El organismo comicial tambi\u00e9n report\u00f3 que la participaci\u00f3n en este proceso fue superior al 80% del padr\u00f3n.<\/p>\n<p><img decoding=\"async\" src=\"https:\/\/www.europesays.com\/es\/wp-content\/uploads\/2025\/11\/bf20e580-c38b-11f0-ae46-bd64331f0fd4.jpg.webp.webp\"   alt=\"Simpatizantes del No celebrando en la ciudad de Guayaquil.\" loading=\"lazy\" width=\"1024\" height=\"715\" style=\"aspect-ratio:1024 \/ 715\" class=\"css-4ejld5\"\/><\/p>\n<p class=\"css-by8ykd\" role=\"text\">Fuente de la imagen, GERARDO MENOSCAL\/AFP via Getty Images<\/p>\n<p>Pie de foto, Los partidarios del \u00abno\u00bb salieron a las calles para celebrar su triunfo, el cual analistas achacan al hartazgo por la seguidilla de comicios.<\/p>\n<p>Noboa respeta los resultados<\/p>\n<p dir=\"ltr\" class=\"css-1qucyee e17g058b0\">Tras conocer el rechazo a sus propuestas, Noboa public\u00f3 un trino en su cuenta de X: \u00abEstos son los resultados. Consultamos a los ecuatorianos y ellos han hablado. Cumplimos con lo prometido: preguntarles directamente. Nosotros respetamos la voluntad del pueblo ecuatoriano\u00bb. <\/p>\n<p dir=\"ltr\" class=\"css-1qucyee e17g058b0\">Su rival, la corre\u00edsta Luisa Gonz\u00e1lez celebr\u00f3 los resultados y dijo ante los periodistas congregados en la sede de su partido en Quito que lo ocurrido en el refer\u00e9ndum es el resultado de \u00absembrar odio\u00bb, en declaraciones citadas por la cadena Ecuavisa. <\/p>\n<p dir=\"ltr\" class=\"css-1qucyee e17g058b0\">Noboa se hab\u00eda esforzado por convencer a los votantes de los beneficios de sus propuestas, especialmente en lo concerniente a la lucha contra el crimen organizado, que se ha convertido en uno de los principales problemas de Ecuador en los \u00faltimos a\u00f1os. <\/p>\n<p dir=\"ltr\" class=\"css-1qucyee e17g058b0\">El presidente ecuatoriano acompa\u00f1\u00f3 a la secretaria de Seguridad Interior estadounidense, Kristi Noem, en su visita pocos d\u00edas antes del refer\u00e9ndum a la antigua base de Manta, donde fuerzas estadounidenses permanecieron estacionadas hasta 2009, cuando el gobierno del entonces presidente, Rafael Correa, decidi\u00f3 poner fin al acuerdo bilateral con EE.UU. para su uso compartido. <\/p>\n<p><img decoding=\"async\" src=\"https:\/\/www.europesays.com\/es\/wp-content\/uploads\/2025\/11\/daa2c5f0-c361-11f0-ae46-bd64331f0fd4.jpg.webp.webp\"   alt=\"Noboa, con camiseta blanca, en un centro electoral de Guayaquil. \" loading=\"lazy\" width=\"1024\" height=\"641\" style=\"aspect-ratio:1024 \/ 641\" class=\"css-4ejld5\"\/><\/p>\n<p class=\"css-by8ykd\" role=\"text\">Fuente de la imagen, Gerardo Menoscal \/ Getty<\/p>\n<p>Pie de foto, Los resultados suponen un rev\u00e9s para el presidente Noboa, en la imagen. <\/p>\n<p dir=\"ltr\" class=\"css-1qucyee e17g058b0\">Noboa ha intentado posicionar a Ecuador como uno de los pa\u00edses empe\u00f1ados en la lucha contra el narcotr\u00e1fico en la regi\u00f3n que el gobierno de Donald Trump ha planteado como clave para la seguridad nacional de EE.UU. <\/p>\n<p dir=\"ltr\" class=\"css-1qucyee e17g058b0\">En 2024 ratific\u00f3 dos acuerdos para operaciones militares conjuntas con Washington, que han permitido decomisos droga y armas en alta mar.<\/p>\n<p dir=\"ltr\" class=\"css-1qucyee e17g058b0\">Entre enero y septiembre, Ecuador decomis\u00f3 146 toneladas de droga, una disminuci\u00f3n con respecto a las 208 toneladas incautadas durante el mismo per\u00edodo de 2024 seg\u00fan datos del Ministerio del Interior.<\/p>\n<p dir=\"ltr\" class=\"css-1qucyee e17g058b0\">Seg\u00fan le dijo a Reuters Cristian Carpio, de la firma de an\u00e1lisis de riesgo pol\u00edtico Profitas, el resultado del refer\u00e9ndum muestra un \u00abdesgaste\u00bb en la gesti\u00f3n de Noboa, que lleg\u00f3 al poder hace dos a\u00f1os con la lucha contra el crimen como bandera. <\/p>\n<p dir=\"ltr\" class=\"css-1qucyee e17g058b0\">\u00abEl resultado tambi\u00e9n podr\u00eda demostrar un hartazgo de la poblaci\u00f3n a los procesos electorales que han sido tan continuos en los \u00faltimos a\u00f1os\u00bb, agreg\u00f3 Carpio.<\/p>\n<p dir=\"ltr\" class=\"css-1qucyee e17g058b0\">*con informaci\u00f3n de Guillermo D. Olmo y Juan Francisco Alonso<\/p>\n<p><img decoding=\"async\" src=\"https:\/\/www.europesays.com\/es\/wp-content\/uploads\/2025\/08\/a7c4ec50-2f5d-11f0-b26b-ab62c890638b.png.webp.webp\"   alt=\"L\u00ednea.\" loading=\"lazy\" width=\"800\" height=\"100\" style=\"aspect-ratio:800 \/ 100\" class=\"css-4ejld5\"\/><\/p>\n<p dir=\"ltr\" class=\"css-1qucyee e17g058b0\"><a href=\"https:\/\/www.bbc.com\/mundo\/send\/u184973209\" class=\"focusIndicatorReducedWidth css-n8oauk e1p3sufg0\" rel=\"nofollow noopener\" target=\"_blank\">Suscr\u00edbete aqu\u00ed<\/a> a nuestro nuevo newsletter para recibir cada viernes una selecci\u00f3n de nuestro mejor contenido de la semana.<\/p>\n<p dir=\"ltr\" class=\"css-1qucyee e17g058b0\">Y recuerda que puedes recibir notificaciones en nuestra app. Descarga la \u00faltima versi\u00f3n y act\u00edvalas.<\/p>\n","protected":false},"excerpt":{"rendered":"Fuente de la imagen, Marcos Pin \/ Getty images Pie de foto, Los ecuatorianos rechazaron en las urnas&hellip;\n","protected":false},"author":2,"featured_media":240513,"comment_status":"","ping_status":"","sticky":false,"template":"","format":"standard","meta":{"footnotes":""},"categories":[42],"tags":[17,18,13,14,11,61,62,63,64,19,20,9,10,15,16,12,21,22,65,66,67],"class_list":{"0":"post-240512","1":"post","2":"type-post","3":"status-publish","4":"format-standard","5":"has-post-thumbnail","7":"category-internacional","8":"tag-breaking-news","9":"tag-breakingnews","10":"tag-featured-news","11":"tag-featurednews","12":"tag-headlines","13":"tag-internacional","14":"tag-international","15":"tag-international-news","16":"tag-internationalnews","17":"tag-latest-news","18":"tag-latestnews","19":"tag-news","20":"tag-noticias","21":"tag-noticias-destacadas","22":"tag-noticiasdestacadas","23":"tag-titulares","24":"tag-ultimas-noticias","25":"tag-ultimasnoticias","26":"tag-world","27":"tag-world-news","28":"tag-worldnews"},"share_on_mastodon":{"url":"https:\/\/pubeurope.com\/@es\/115564024291181868","error":""},"_links":{"self":[{"href":"https:\/\/www.europesays.com\/es\/wp-json\/wp\/v2\/posts\/240512","targetHints":{"allow":["GET"]}}],"collection":[{"href":"https:\/\/www.europesays.com\/es\/wp-json\/wp\/v2\/posts"}],"about":[{"href":"https:\/\/www.europesays.com\/es\/wp-json\/wp\/v2\/types\/post"}],"author":[{"embeddable":true,"href":"https:\/\/www.europesays.com\/es\/wp-json\/wp\/v2\/users\/2"}],"replies":[{"embeddable":true,"href":"https:\/\/www.europesays.com\/es\/wp-json\/wp\/v2\/comments?post=240512"}],"version-history":[{"count":0,"href":"https:\/\/www.europesays.com\/es\/wp-json\/wp\/v2\/posts\/240512\/revisions"}],"wp:featuredmedia":[{"embeddable":true,"href":"https:\/\/www.europesays.com\/es\/wp-json\/wp\/v2\/media\/240513"}],"wp:attachment":[{"href":"https:\/\/www.europesays.com\/es\/wp-json\/wp\/v2\/media?parent=240512"}],"wp:term":[{"taxonomy":"category","embeddable":true,"href":"https:\/\/www.europesays.com\/es\/wp-json\/wp\/v2\/categories?post=240512"},{"taxonomy":"post_tag","embeddable":true,"href":"https:\/\/www.europesays.com\/es\/wp-json\/wp\/v2\/tags?post=240512"}],"curies":[{"name":"wp","href":"https:\/\/api.w.org\/{rel}","templated":true}]}}