{"id":240520,"date":"2025-11-17T08:18:12","date_gmt":"2025-11-17T08:18:12","guid":{"rendered":"https:\/\/www.europesays.com\/es\/240520\/"},"modified":"2025-11-17T08:18:12","modified_gmt":"2025-11-17T08:18:12","slug":"mclam-marcha-cicloturista-alcalaten-alto-mijares-castillo-villamalefa","status":"publish","type":"post","link":"https:\/\/www.europesays.com\/es\/240520\/","title":{"rendered":"MCLAM MARCHA CICLOTURISTA ALCALATEN ALTO MIJARES CASTILLO VILLAMALEFA"},"content":{"rendered":"<p class=\"ft-text\">Este domingo se celebr\u00f3 <strong>la Marcha Cicloturista de la Mancomunidad Alcalat\u00e9n-Alto Mijares (M-CLAM)<\/strong>, en la que ya es la segunda edici\u00f3n de esta actividad ciclista nacida a finales del 2024 bajo el paraguas de la mancomunidad, y que se culmin\u00f3 <strong>de nuevo con \u00e9xito y gran participaci\u00f3n<\/strong>.<\/p>\n<p class=\"ft-text\">La ruta incluy\u00f3 101 kil\u00f3metros. Tras salir desde el <strong>Castillo de Villamalefa<\/strong>, los ciclistas recorrieron los t\u00e9rminos de Zucaina, Cedram\u00e1n, Ludiente y <a class=\"ft-link ft-link--decoration\" href=\"https:\/\/www.elperiodicomediterraneo.com\/tags\/llucena\/\" rel=\"nofollow noopener\" target=\"_blank\">Llucena <\/a>para finalmente hacer meta de vuelta en el <a class=\"ft-link ft-link--decoration\" href=\"https:\/\/www.elperiodicomediterraneo.com\/tags\/castillo\/\" rel=\"nofollow noopener\" target=\"_blank\">Castillo de Villamalefa<\/a>.<strong> Un bonito recorrido al que se sumaron en esta edici\u00f3n m\u00e1s de 100 participantes procedentes de toda la Comunitat <\/strong>y que se enfrentaron a retos como un desnivel de 2.000 metros o los puertos del Salto del Caballo y del Remolcador.<\/p>\n<p>Paradas y almuerzo<\/p>\n<p class=\"ft-text\">Cabe destacar que durante el recorrido se realizaron paradas en Ludiente y Llucena para <strong>retomar fuerzas con un t\u00edpico almuerzo de la zona con el que estrechar los lazos<\/strong> entre los participantes y el p\u00fablico.<\/p>\n<p><img decoding=\"async\" src=\"https:\/\/www.europesays.com\/es\/wp-content\/uploads\/2025\/11\/067cc8a3-a87f-4e20-8276-e566965163ae_alta-libre-aspect-ratio_default_0.jpg\" width=\"1200\" height=\"788\" alt=\"La marcha, no competitiva, reparti\u00f3 obsequios y puso en valor los productos de la zona.\" class=\"ft-helper-img-rd\" loading=\"lazy\"\/><\/p>\n<p class=\"ft-helper-fontColor-quaternary ft-helper-fontSize-body-S ft-helper-spacer-t-xxs\">La marcha, no competitiva, reparti\u00f3 obsequios y puso en valor los productos de la zona.  \/ M-CLAM<\/p>\n<p class=\"ft-text\">Una vez finalizada la marcha, la organizaci\u00f3n ofreci\u00f3 una <strong>comida <\/strong>para participantes y colaboradores, con paella gigante, pinchadiscos y acto de entrega de obsequios, con diversos reconocimientos as\u00ed como botellas de<strong> vino de les <\/strong><a class=\"ft-link ft-link--decoration\" href=\"https:\/\/www.elperiodicomediterraneo.com\/tags\/les-useres\/\" rel=\"nofollow noopener\" target=\"_blank\">Useres<\/a>, municipio de la mancomunidad.<\/p>\n<p class=\"ft-text\">Seg\u00fan indic\u00f3 el presidente de la mancomunidad, <strong>Luis Rubio<\/strong>, tambi\u00e9n alcalde de <a class=\"ft-link ft-link--decoration\" href=\"https:\/\/www.elperiodicomediterraneo.com\/tags\/villahermosa\/\" rel=\"nofollow noopener\" target=\"_blank\">Villahermosa del R\u00edo<\/a>, \u00ab<strong>el objetivo de esta prueba es fomentar la uni\u00f3n de los pueblos<\/strong> de la mancomunidad,<strong> dar a conocer el rico patrimonio<\/strong> cultural y natural de los pueblos de interior y <strong>visibilizar <\/strong>la idoneidad de los municipios de nuestra mancomunidad para la pr\u00e1ctica cicloturista\u00bb. La organizaci\u00f3n agradeci\u00f3 tambi\u00e9n la colaboraci\u00f3n de todos los <strong>voluntarios <\/strong>que hicieron posible una magn\u00edfica jornada.<\/p>\n","protected":false},"excerpt":{"rendered":"Este domingo se celebr\u00f3 la Marcha Cicloturista de la Mancomunidad Alcalat\u00e9n-Alto Mijares (M-CLAM), en la que ya es&hellip;\n","protected":false},"author":2,"featured_media":240521,"comment_status":"","ping_status":"","sticky":false,"template":"","format":"standard","meta":{"footnotes":""},"categories":[273],"tags":[61960,3196,61964,313,25715,312,168,25,24,61963,3402,61962,61961,23,167],"class_list":{"0":"post-240520","1":"post","2":"type-post","3":"status-publish","4":"format-standard","5":"has-post-thumbnail","7":"category-ciclismo","8":"tag-alcalaten","9":"tag-alto","10":"tag-alto-mijares","11":"tag-ciclismo","12":"tag-cicloturista","13":"tag-cycling","14":"tag-deportes","15":"tag-es","16":"tag-espana","17":"tag-mancomunidad","18":"tag-marcha","19":"tag-mclam","20":"tag-mijares","21":"tag-spain","22":"tag-sports"},"share_on_mastodon":{"url":"https:\/\/pubeurope.com\/@es\/115564059330626781","error":""},"_links":{"self":[{"href":"https:\/\/www.europesays.com\/es\/wp-json\/wp\/v2\/posts\/240520","targetHints":{"allow":["GET"]}}],"collection":[{"href":"https:\/\/www.europesays.com\/es\/wp-json\/wp\/v2\/posts"}],"about":[{"href":"https:\/\/www.europesays.com\/es\/wp-json\/wp\/v2\/types\/post"}],"author":[{"embeddable":true,"href":"https:\/\/www.europesays.com\/es\/wp-json\/wp\/v2\/users\/2"}],"replies":[{"embeddable":true,"href":"https:\/\/www.europesays.com\/es\/wp-json\/wp\/v2\/comments?post=240520"}],"version-history":[{"count":0,"href":"https:\/\/www.europesays.com\/es\/wp-json\/wp\/v2\/posts\/240520\/revisions"}],"wp:featuredmedia":[{"embeddable":true,"href":"https:\/\/www.europesays.com\/es\/wp-json\/wp\/v2\/media\/240521"}],"wp:attachment":[{"href":"https:\/\/www.europesays.com\/es\/wp-json\/wp\/v2\/media?parent=240520"}],"wp:term":[{"taxonomy":"category","embeddable":true,"href":"https:\/\/www.europesays.com\/es\/wp-json\/wp\/v2\/categories?post=240520"},{"taxonomy":"post_tag","embeddable":true,"href":"https:\/\/www.europesays.com\/es\/wp-json\/wp\/v2\/tags?post=240520"}],"curies":[{"name":"wp","href":"https:\/\/api.w.org\/{rel}","templated":true}]}}