{"id":240538,"date":"2025-11-17T08:29:11","date_gmt":"2025-11-17T08:29:11","guid":{"rendered":"https:\/\/www.europesays.com\/es\/240538\/"},"modified":"2025-11-17T08:29:11","modified_gmt":"2025-11-17T08:29:11","slug":"campana-para-visualizar-las-senales-del-cancer-de-pulmon","status":"publish","type":"post","link":"https:\/\/www.europesays.com\/es\/240538\/","title":{"rendered":"Campa\u00f1a para visualizar las se\u00f1ales del c\u00e1ncer de pulm\u00f3n"},"content":{"rendered":"<p>\u201cTenemos un gran reto ante nosotros. No queremos generar alarmismo social ni que ante un poco de tos se acuda al m\u00e9dico de inmediato, pero s\u00ed necesitamos una sociedad m\u00e1s informada y consciente de que hay que estar alerta ante las se\u00f1ales iniciales del c\u00e1ncer de pulm\u00f3n, independientemente de que hayamos sido fumadores o no\u201d, explica el presidente de AEACaP, Bernard Gaspar.<\/p>\n<p>A trav\u00e9s de este proyecto se trata de llamar la atenci\u00f3n de vecinos y visitantes de Madrid, escenario de las acciones informativas, para concienciar sobre los primeros s\u00edntomas del c\u00e1ncer de pulm\u00f3n y propiciar su detecci\u00f3n temprana. \u201cEstamos ante un tipo de tumor del que cada a\u00f1o se registran m\u00e1s de <a href=\"https:\/\/www.saludadiario.es\/pacientes\/en-espana-se-diagnostican-entre-25-000-y-27-000-nuevos-casos-de-cancer-de-pulmon-cada-ano\/\" target=\"_blank\" rel=\"noreferrer noopener nofollow\">30.000 nuevos casos<\/a> y se sit\u00faa como la principal causa de muerte por c\u00e1ncer en Espa\u00f1a debido, en la mayor\u00eda de los casos, a su diagn\u00f3stico tard\u00edo\u201d detalla Gaspar.<\/p>\n<p>As\u00ed, para dar visibilidad a esta realidad, AEACaP ha apostado por el grafiti inverso, una t\u00e9cnica que consiste en limpiar con agua el pavimento de las calles de Madrid para plasmar temporalmente se\u00f1ales de alerta que suelen pasar desapercibidas en el d\u00eda a d\u00eda, como son los s\u00edntomas iniciales de c\u00e1ncer de pulm\u00f3n.<\/p>\n<p>Distintas zonas de Madrid<\/p>\n<p>Estas intervenciones se han distribuido por distintas zonas c\u00e9ntricas de Madrid, entre ellas el barrio de Salamanca, concretamente en la zona de Las Ventas, Moncloa y el intercambiador de la zona universitaria, invitando a los viandantes a detenerse y a preguntarse por qu\u00e9 est\u00e1n ah\u00ed y por qu\u00e9 alguien decide poner el foco sobre palabras tan comunes, como \u201ctos persistente\u201d o \u201cdolor continuado en t\u00f3rax\u201d.<\/p>\n<p>\u201cNuestra idea era que Madrid se convirtiese este mes de noviembre en un gran pulm\u00f3n simb\u00f3lico y sus calles amanecieran estos d\u00edas con las que ser\u00edan las se\u00f1ales iniciales de un c\u00e1ncer de pulm\u00f3n con im\u00e1genes para s\u00edntomas como la tos que no se acaba de ir, el cansancio prolongado en el tiempo sin raz\u00f3n aparente o el dolor continuado en el t\u00f3rax\u201d, concluye el presidente de AEACaP.<\/p>\n<p><strong>Desconocimiento generalizado de los s\u00edntomas iniciales<\/strong><\/p>\n<p>La falta de informaci\u00f3n y la confusi\u00f3n sobre los s\u00edntomas m\u00e1s iniciales de la enfermedad siguen retrasando el diagn\u00f3stico temprano pues, seg\u00fan datos del informe Emociones y experiencias de las personas con c\u00e1ncer de pulm\u00f3n, de AEACaP y Fundaci\u00f3n M\u00c1S QUE IDEAS, <strong>tres de cada cuatro pacientes consultados diagnosticados de c\u00e1ncer de pulm\u00f3n no sab\u00edan reconocer las primeras se\u00f1ales de alarma frente a la patolog\u00eda.<\/strong><\/p>\n<p>Los s\u00edntomas m\u00e1s habituales antes del diagn\u00f3stico son la <strong>tos persistente<\/strong> (25,5%), el <strong>cansancio o debilidad<\/strong> (19,8%), el <strong>dolor tor\u00e1cico<\/strong> (19,8%), <strong>dificultades para respirar<\/strong> (13,2%) y <strong>p\u00e9rdida de peso sin explicaci\u00f3n<\/strong> (10,8%). Sin embargo, al ser sintomatolog\u00edas que se pueden asociar a otras enfermedades de car\u00e1cter leve, es frecuente que uno de cada tres pacientes tarde m\u00e1s de un mes en acudir al m\u00e9dico desde la aparici\u00f3n de los primeros indicios, lo que retrasa el inicio de un tratamiento y reduce las posibilidades de \u00e9xito. \u201cSi detectamos algunas de estas se\u00f1ales o varias de ellas de forma recurrente o persistente, s\u00ed deber\u00edamos acudir al m\u00e9dico a hacernos un chequeo. Lo m\u00e1s probable es que no sea nada grave, pero si lo es, al menos intentaremos detectarlo cuanto antes\u201d, concluye Gaspar.<\/p>\n<p>Cambio en los dedos<\/p>\n<p>\u201cEn mi caso fue un cambio en mis dedos y dolor de articulaciones y un dolor localizado en la espalda y persistente, sumado a otros de estos s\u00edntomas comentados, lo que me hizo pensar que algo no iba bien, pero nunca imagin\u00e9 que pod\u00eda ser c\u00e1ncer de pulm\u00f3n\u201d, comenta Stephanie Oyonarte Da Rocha, paciente y vocal en AEACaP.<\/p>\n<p>\u201cYo tuve varios s\u00edntomas como tos persistente, dolor en la espalda y cierta p\u00e9rdida de peso, pero como yo soy asm\u00e1tica, tengo una hernia discal y estaba a dieta estricta porque se me hab\u00eda descontrolado el az\u00facar, todo parec\u00eda tener justificaci\u00f3n. Posteriormente descubr\u00ed que no era as\u00ed y que deb\u00eda haberme alertado\u201d, asevera M\u00aa \u00c1ngeles Mar\u00edn, paciente y vicepresidenta de AEACaP.<\/p>\n<p>\u201cCreo que lo m\u00e1s impactante es que cuando empiezas a compartir experiencias con otros afectados y sus familias de c\u00f3mo fueron las etapas iniciales de la enfermedad siempre aparece alguno de estos s\u00edntomas en la conversaci\u00f3n. En el caso de mi madre, recuerdo que fue un trombo en la pierna despu\u00e9s de un viaje, por eso desde la Fundaci\u00f3n hemos querido dar soporte un a\u00f1o m\u00e1s a la campa\u00f1a de AEACaP\u201d, comparte Ricky Rubio, jugador de baloncesto del Joventut Badalona y creador de la Fundaci\u00f3n que lleva su nombre.<\/p>\n<p>Estas y otras voces se suman esta semana a las de miles de personas que a trav\u00e9s de redes sociales buscan que el D\u00eda Internacional del C\u00e1ncer de Pulm\u00f3n sea m\u00e1s visible que nunca. Es el caso de la <strong>influencer, Rosa Rodr\u00edguez<\/strong>, enfermera y divulgadora conocida como @<a href=\"https:\/\/www.instagram.com\/p\/DQ7arspDAkH\/?hl=es\" rel=\"nofollow noopener\" target=\"_blank\">enfermerarubia<\/a>, quien se ha sumado a la iniciativa para amplificar su alcance en redes sociales y fomentar la participaci\u00f3n ciudadana. Ella ha compartido en sus plataformas personales su participaci\u00f3n en la acci\u00f3n y ha invitado a sus seguidores a unirse a la causa.<\/p>\n<p><script async src=\"\/\/www.instagram.com\/embed.js\"><\/script><\/p>\n","protected":false},"excerpt":{"rendered":"\u201cTenemos un gran reto ante nosotros. No queremos generar alarmismo social ni que ante un poco de tos&hellip;\n","protected":false},"author":2,"featured_media":240539,"comment_status":"","ping_status":"","sticky":false,"template":"","format":"standard","meta":{"footnotes":""},"categories":[92],"tags":[61969,19733,25,24,165,166,23],"class_list":{"0":"post-240538","1":"post","2":"type-post","3":"status-publish","4":"format-standard","5":"has-post-thumbnail","7":"category-salud","8":"tag-aeacap","9":"tag-cancer-de-pulmon","10":"tag-es","11":"tag-espana","12":"tag-health","13":"tag-salud","14":"tag-spain"},"share_on_mastodon":{"url":"https:\/\/pubeurope.com\/@es\/115564102735496878","error":""},"_links":{"self":[{"href":"https:\/\/www.europesays.com\/es\/wp-json\/wp\/v2\/posts\/240538","targetHints":{"allow":["GET"]}}],"collection":[{"href":"https:\/\/www.europesays.com\/es\/wp-json\/wp\/v2\/posts"}],"about":[{"href":"https:\/\/www.europesays.com\/es\/wp-json\/wp\/v2\/types\/post"}],"author":[{"embeddable":true,"href":"https:\/\/www.europesays.com\/es\/wp-json\/wp\/v2\/users\/2"}],"replies":[{"embeddable":true,"href":"https:\/\/www.europesays.com\/es\/wp-json\/wp\/v2\/comments?post=240538"}],"version-history":[{"count":0,"href":"https:\/\/www.europesays.com\/es\/wp-json\/wp\/v2\/posts\/240538\/revisions"}],"wp:featuredmedia":[{"embeddable":true,"href":"https:\/\/www.europesays.com\/es\/wp-json\/wp\/v2\/media\/240539"}],"wp:attachment":[{"href":"https:\/\/www.europesays.com\/es\/wp-json\/wp\/v2\/media?parent=240538"}],"wp:term":[{"taxonomy":"category","embeddable":true,"href":"https:\/\/www.europesays.com\/es\/wp-json\/wp\/v2\/categories?post=240538"},{"taxonomy":"post_tag","embeddable":true,"href":"https:\/\/www.europesays.com\/es\/wp-json\/wp\/v2\/tags?post=240538"}],"curies":[{"name":"wp","href":"https:\/\/api.w.org\/{rel}","templated":true}]}}