{"id":240546,"date":"2025-11-17T08:33:08","date_gmt":"2025-11-17T08:33:08","guid":{"rendered":"https:\/\/www.europesays.com\/es\/240546\/"},"modified":"2025-11-17T08:33:08","modified_gmt":"2025-11-17T08:33:08","slug":"el-auge-ultra-en-alemania-fuerza-un-debate-sobre-la-eficacia-del-cordon-sanitario-internacional","status":"publish","type":"post","link":"https:\/\/www.europesays.com\/es\/240546\/","title":{"rendered":"El auge ultra en Alemania fuerza un debate sobre la eficacia del cord\u00f3n sanitario | Internacional"},"content":{"rendered":"<p class=\"\">La fuerza creciente de la extrema derecha alemana ha forzado un nuevo debate sobre la eficacia del cord\u00f3n sanitario. <a href=\"https:\/\/elpais.com\/internacional\/2024-11-17\/quien-es-friedrich-merz-viejo-rival-de-merkel-y-favorito-para-suceder-a-scholz-en-alemania.html\" target=\"_self\" rel=\"nofollow noopener\" title=\"https:\/\/elpais.com\/internacional\/2024-11-17\/quien-es-friedrich-merz-viejo-rival-de-merkel-y-favorito-para-suceder-a-scholz-en-alemania.html\">El canciller democristiano Friedrich Merz<\/a> mantiene la tradicional pol\u00edtica de aislamiento de Alternativa para Alemania (AfD), partido que, desde las elecciones del pasado febrero, es la segunda fuerza parlamentaria y ya lidera algunos sondeos. Pero en el campo ideol\u00f3gico de Merz \u2015el de la derecha moderada\u2015 crecen las voces que cuestionan el llamado Brandmauer, o cortafuegos, el principio que proh\u00edbe dialogar y pactar con AfD. <\/p>\n<p class=\"\">Sostienen estas voces que el Brandmauer ha fracasado a la hora de frenar a los extremistas. Que excluye del juego pol\u00edtico a una parte creciente del electorado. Y que al final acaba da\u00f1ando a la propia Uni\u00f3n Democristiana (CDU) de Merz, y a su hermana b\u00e1vara, la Uni\u00f3n Socialcristiana (CSU). Hegem\u00f3nicas en la derecha alemana desde la fundaci\u00f3n de la Rep\u00fablica Federal, la CDU y la CSU ven amenazado su dominio por AfD, que aspira a ganar las elecciones de 2026 en los Estados orientales de Sajonia-Anhalt y Mecklenburgo-Antepomerania, y a dirigir por primera vez gobiernos regionales.<\/p>\n<p class=\"\"><a href=\"https:\/\/elpais.com\/internacional\/2025-04-09\/el-democristiano-merz-y-el-spd-pactan-una-coalicion-para-gobernar-alemania-en-plena-inestabilidad-global.html#?rel=mas\" target=\"_self\" rel=\"nofollow noopener\" title=\"https:\/\/elpais.com\/internacional\/2025-04-09\/el-democristiano-merz-y-el-spd-pactan-una-coalicion-para-gobernar-alemania-en-plena-inestabilidad-global.html#?rel=mas\">En la derecha moderada, hoy en el poder en coalici\u00f3n con los socialdem\u00f3cratas,<\/a> es intensa la discusi\u00f3n estrat\u00e9gica. Se estudian los casos de otros pa\u00edses donde los partidos de la misma \u00f3rbita afrontan id\u00e9ntico dilema. \u00bfImponer un cortafuegos ante la extrema derecha? \u00bfO pactar con ella? En un informe de la Fundaci\u00f3n Konrad Adenauer, pr\u00f3xima a la CDU, aparece como \u201cejemplo\u201d el Partido Popular espa\u00f1ol. Pueden sorprender los elogios, pero hay democristianos que ven al PP como uno de los pocos, en la derecha moderada europea, que en sondeos y elecciones sigue claramente por delante de los extremistas, en su caso Vox.<\/p>\n<p class=\"\">Una de las voces m\u00e1s destacadas en favor de revisar la estrategia en Alemania es el historiador Andreas R\u00f6dder, militante democristiano desde hace m\u00e1s de tres d\u00e9cadas y expresidente de la Comisi\u00f3n de Valores fundamentales de la CDU, cargo que abandon\u00f3 por las discrepancias sobre el cord\u00f3n sanitario. En conversaci\u00f3n telef\u00f3nica, R\u00f6dder dice que se opone al cortafuegos o cord\u00f3n sanitario por dos motivos. El primero: \u201cNo ha debilitado a AfD, sino que AfD se ha vuelto m\u00e1s fuerte\u201d. El segundo lo plantea en forma de pregunta: \u201c\u00bfQu\u00e9 porcentaje del electorado podemos excluir de la representaci\u00f3n democr\u00e1tica sin que haya un problema funcional para la democracia?\u201d.<\/p>\n<p class=\"\">R\u00f6dder no est\u00e1 a favor de que la CDU\/CSU coopere con AfD en el Gobierno, ni que acuerde coaliciones, ni que negocie la investidura de candidatos democristianos. Considera que es un partido demasiado radicalizado y cuyos principios, en algunos aspectos, contradicen \u201cel orden democr\u00e1tico y liberal\u201d. <a href=\"https:\/\/elpais.com\/internacional\/2025-05-02\/los-servicios-de-inteligencia-de-alemania-designan-oficialmente-al-partido-afd-como-una-organizacion-de-extrema-derecha.html\" target=\"_self\" rel=\"nofollow noopener\" title=\"https:\/\/elpais.com\/internacional\/2025-05-02\/los-servicios-de-inteligencia-de-alemania-designan-oficialmente-al-partido-afd-como-una-organizacion-de-extrema-derecha.html\">Tampoco se opone por principio a que el Tribunal Constitucional ilegalice el partido si, en efecto, los jueces concluyeran que no tiene cabida en la ley fundamental. <\/a>Pero defiende el abandono de lo que \u00e9l llama \u201cla cultura del desprecio\u201d. Hay que poder dialogar, dice, porque hoy \u201cnadie confronta de manera realmente constructiva y controvertida las tesis de AfD\u201d.<\/p>\n<p class=\"\">En lugar de un cortafuegos y un veto general, R\u00f6dder aboga por fijar unas \u201cl\u00edneas rojas\u201d en el trato con AfD. Una \u201cl\u00ednea roja\u201d afectar\u00eda a los derechos constitucionales y a principios fundamentales, como el respeto a la dignidad humana, la diferenciaci\u00f3n que se hace en la extrema derecha entre alemanes de origen extranjero y el resto, o la negaci\u00f3n del Holocausto. \u201cAqu\u00ed no hay nada que discutir\u201d, afirma. Los democristianos deben ser, en este terreno, intransigentes, en su opini\u00f3n. La otra l\u00ednea roja afecta a pol\u00edticas m\u00e1s concretas como la guerra de Rusia en Ucrania o la pertenencia a la OTAN y la UE, divisorias claras entre la CDU\/CSU y AfD.<\/p>\n<p class=\"\">Lo que R\u00f6dder y otros defienden es que, en vez de establecer una \u201cl\u00ednea roja\u201d total y global \u2013el cortafuegos\u2013, los democristianos dejen claro qu\u00e9 es innegociable y sobre qu\u00e9 se puede dialogar. El profesor de la Universidad Johannes Gutenberg de Maguncia cree, por ejemplo, que cuando AfD lleva al Parlamento una propuesta que refleje \u201cal 100%\u201d una posici\u00f3n de los democristianos, estos deben poder votar a favor, sin preocuparse por las acusaciones, desde la izquierda, de ceder ante los ultras.<\/p>\n<p class=\"\">Al establecer un di\u00e1logo, los democristianos abrir\u00edan la puerta, en el futuro, a acercarse a AfD si esta se moderase. Si, en vez de radicalizarse, este partido adoptase posturas m\u00e1s centradas en cuestiones como la Uni\u00f3n Europea y la defensa de Ucrania ante Rusia&#8230; Son hoy las posiciones de la primera ministra italiana, Giorgia Meloni, y con ella Merz mantiene una \u00f3ptima cooperaci\u00f3n en Europa. La semana pasada, en el Parlamento Europeo, <a href=\"https:\/\/elpais.com\/clima-y-medio-ambiente\/2025-11-13\/la-agenda-ultra-contra-las-politicas-verdes-revienta-el-cordon-sanitario-a-la-extrema-derecha-en-la-eurocamara.html\" target=\"_self\" rel=\"nofollow noopener\" title=\"https:\/\/elpais.com\/clima-y-medio-ambiente\/2025-11-13\/la-agenda-ultra-contra-las-politicas-verdes-revienta-el-cordon-sanitario-a-la-extrema-derecha-en-la-eurocamara.html\">los conservadores se aliaron con los grupos m\u00e1s a su derecha para suavizar las normas medioambientales y de derechos humanos de las empresas.<\/a> \u201cEl cortafuegos ha ca\u00eddo\u201d, celebr\u00f3 AfD.<\/p>\n<p class=\"\">Que no existe un tab\u00fa absoluto lo muestran los votos en Bruselas. <a href=\"https:\/\/www.kas.de\/de\/einzeltitel\/-\/content\/zwischen-abgrenzung-einbindung-und-tolerierung\" target=\"_self\" rel=\"nofollow noopener\" title=\"https:\/\/www.kas.de\/de\/einzeltitel\/-\/content\/zwischen-abgrenzung-einbindung-und-tolerierung\">O el informe Entre la exclusi\u00f3n, la integraci\u00f3n y la tolerancia,<\/a> de la Fundaci\u00f3n Konrad Adenauer. Aunque el informe subraya que \u201cel car\u00e1cter extremista de AfD\u201d impide extraer conclusiones que justifiquen una cooperaci\u00f3n con este partido, s\u00ed se fija en posibles modelos. \u201cEl Partido Popular [espa\u00f1ol] ha tenido m\u00e1s \u00e9xito que otras formaciones de centroderecha a la hora de mantener a raya la competencia de los populistas de derecha\u201d, explica su responsable, Sebastian Enskat. \u201cEsto podr\u00eda deberse a que el PP se muestra mucho m\u00e1s seguro de s\u00ed mismo frente a la competencia de la extrema derecha\u201d. <\/p>\n<p class=\"\">En los principales pa\u00edses de Europa occidental, el PP disfruta de una posici\u00f3n que otros pueden considerar envidiable, aunque no gobierne el pa\u00eds. Es el \u00fanico de su familia pol\u00edtica que a\u00fan domina en la derecha, y no se siente atado por ning\u00fan cord\u00f3n sanitario. <a href=\"https:\/\/elpais.com\/internacional\/2025-11-01\/la-extrema-derecha-mantiene-uno-de-cada-tres-gobiernos-europeos-pese-al-varapalo-de-wilders-en-los-paises-bajos.html\" target=\"_self\" rel=\"nofollow noopener\" title=\"https:\/\/elpais.com\/internacional\/2025-11-01\/la-extrema-derecha-mantiene-uno-de-cada-tres-gobiernos-europeos-pese-al-varapalo-de-wilders-en-los-paises-bajos.html\">En Alemania, en Francia y en el Reino Unido, los extremistas son mucho m\u00e1s fuertes<\/a>, mientras que los moderados no dejan de encogerse y, en el caso alem\u00e1n, se sienten condenados a gobernar con el centroizquierda. El cord\u00f3n sanitario excluye otra opci\u00f3n.<\/p>\n<p class=\"\">Las elecciones del pr\u00f3ximo septiembre en Sajona-Anhalt y Mecklenburgo-Antepomerania aumentar\u00e1n la presi\u00f3n para que los democristianos revisen el cord\u00f3n sanitario. \u201cEn algunos casos\u201d, se\u00f1ala Enskat, \u201ca\u00fan no se vislumbra c\u00f3mo se podr\u00e1 formar un gobierno sin la participaci\u00f3n de partidos extremistas\u201d. \u00bfQu\u00e9 har\u00e1 Merz? \u201cLa Uni\u00f3n [la CDU y la CSU] est\u00e1 en un c\u00edrculo vicioso\u201d, dice R\u00f6dder. \u201cCuanto m\u00e1s aumenta su dependencia respecto a los partidos de izquierdas, debido al cortafuegos, m\u00e1s concesiones debe hacer a estos partidos, y m\u00e1s votos pierde, que acaban yendo y reforzando a AfD\u201d.<\/p>\n","protected":false},"excerpt":{"rendered":"La fuerza creciente de la extrema derecha alemana ha forzado un nuevo debate sobre la eficacia del cord\u00f3n&hellip;\n","protected":false},"author":2,"featured_media":240547,"comment_status":"","ping_status":"","sticky":false,"template":"","format":"standard","meta":{"footnotes":""},"categories":[42],"tags":[38834,1660,17,18,14634,21752,21753,4374,700,2287,13,14,11,61,62,63,64,19,20,9,10,15,16,12,21,22,4247,65,66,67],"class_list":{"0":"post-240546","1":"post","2":"type-post","3":"status-publish","4":"format-standard","5":"has-post-thumbnail","7":"category-internacional","8":"tag-afd","9":"tag-alemania","10":"tag-breaking-news","11":"tag-breakingnews","12":"tag-cdu","13":"tag-csu","14":"tag-democracia-cristiana","15":"tag-elecciones","16":"tag-europa","17":"tag-extrema-derecha","18":"tag-featured-news","19":"tag-featurednews","20":"tag-headlines","21":"tag-internacional","22":"tag-international","23":"tag-international-news","24":"tag-internationalnews","25":"tag-latest-news","26":"tag-latestnews","27":"tag-news","28":"tag-noticias","29":"tag-noticias-destacadas","30":"tag-noticiasdestacadas","31":"tag-titulares","32":"tag-ultimas-noticias","33":"tag-ultimasnoticias","34":"tag-ultraderecha","35":"tag-world","36":"tag-world-news","37":"tag-worldnews"},"share_on_mastodon":{"url":"","error":"Validation failed: Text character limit of 500 exceeded"},"_links":{"self":[{"href":"https:\/\/www.europesays.com\/es\/wp-json\/wp\/v2\/posts\/240546","targetHints":{"allow":["GET"]}}],"collection":[{"href":"https:\/\/www.europesays.com\/es\/wp-json\/wp\/v2\/posts"}],"about":[{"href":"https:\/\/www.europesays.com\/es\/wp-json\/wp\/v2\/types\/post"}],"author":[{"embeddable":true,"href":"https:\/\/www.europesays.com\/es\/wp-json\/wp\/v2\/users\/2"}],"replies":[{"embeddable":true,"href":"https:\/\/www.europesays.com\/es\/wp-json\/wp\/v2\/comments?post=240546"}],"version-history":[{"count":0,"href":"https:\/\/www.europesays.com\/es\/wp-json\/wp\/v2\/posts\/240546\/revisions"}],"wp:featuredmedia":[{"embeddable":true,"href":"https:\/\/www.europesays.com\/es\/wp-json\/wp\/v2\/media\/240547"}],"wp:attachment":[{"href":"https:\/\/www.europesays.com\/es\/wp-json\/wp\/v2\/media?parent=240546"}],"wp:term":[{"taxonomy":"category","embeddable":true,"href":"https:\/\/www.europesays.com\/es\/wp-json\/wp\/v2\/categories?post=240546"},{"taxonomy":"post_tag","embeddable":true,"href":"https:\/\/www.europesays.com\/es\/wp-json\/wp\/v2\/tags?post=240546"}],"curies":[{"name":"wp","href":"https:\/\/api.w.org\/{rel}","templated":true}]}}