{"id":240550,"date":"2025-11-17T08:35:11","date_gmt":"2025-11-17T08:35:11","guid":{"rendered":"https:\/\/www.europesays.com\/es\/240550\/"},"modified":"2025-11-17T08:35:11","modified_gmt":"2025-11-17T08:35:11","slug":"mazon-llega-a-la-comision-de-la-dana-del-congreso-con-un-formato-mas-incomodo-y-diferente-que-en-les-corts-espana","status":"publish","type":"post","link":"https:\/\/www.europesays.com\/es\/240550\/","title":{"rendered":"Maz\u00f3n llega a la comisi\u00f3n de la dana del Congreso con un formato m\u00e1s inc\u00f3modo y diferente que en Les Corts | Espa\u00f1a"},"content":{"rendered":"<p class=\"\">Tras la dimisi\u00f3n, las comisiones. <a href=\"https:\/\/elpais.com\/espana\/2025-11-11\/siga-en-directo-la-declaracion-de-carlos-mazon-en-la-comision-de-la-dana-en-las-cortes.html\" target=\"_self\" rel=\"nofollow noopener\" title=\"https:\/\/elpais.com\/espana\/2025-11-11\/siga-en-directo-la-declaracion-de-carlos-mazon-en-la-comision-de-la-dana-en-las-cortes.html\">Un a\u00f1o despu\u00e9s de la tragedia de la dana<\/a>, Carlos Maz\u00f3n, en funciones tras anunciar su marcha como presidente de la Comunidad Valenciana hace dos semanas, afronta estos d\u00edas un calendario pol\u00edtico con diferentes comisiones de investigaci\u00f3n que tratan de esclarecer su actuaci\u00f3n pol\u00edtica en la tarde del 29 de octubre de 2024. Este lunes, salvo sorpresa de \u00faltima hora \u2014por ley, tiene la obligaci\u00f3n de asistir salvo causa justificada, como una baja m\u00e9dica\u2014 est\u00e1 citado a las 10.30 en el Congreso de los Diputados. <\/p>\n<p class=\"\">Maz\u00f3n aterrizar\u00e1 en Madrid seis d\u00edas despu\u00e9s de asistir a otra comisi\u00f3n sobre la dana, esta en les Corts Valencianes, donde no contest\u00f3 a ninguna de las preguntas de la oposici\u00f3n (PSOE y Comprom\u00eds). Y, de hecho, mantuvo el mismo discurso que ha reiterado durante todo este a\u00f1o. <a href=\"https:\/\/elpais.com\/espana\/comunidad-valenciana\/2025-11-11\/mazon-acude-a-la-comision-de-la-dana-en-plena-polemica-por-su-sucesion-y-ante-nuevas-revelaciones.html\" target=\"_blank\" rel=\"noreferrer nofollow noopener\" title=\"https:\/\/elpais.com\/espana\/comunidad-valenciana\/2025-11-11\/mazon-acude-a-la-comision-de-la-dana-en-plena-polemica-por-su-sucesion-y-ante-nuevas-revelaciones.html\">El presidente en funciones ley\u00f3 su intervenci\u00f3n durante los primeros 23 minutos<\/a>. Hizo caso omiso a las cuestiones planteadas por sus rivales pol\u00edticos y pas\u00f3 al ataque, donde incidi\u00f3 en que la Generalitat Valenciana asumi\u00f3 responsabilidades, como su propia dimisi\u00f3n, mientras que el Gobierno central, ninguna. El formato, adem\u00e1s, fue muy c\u00f3modo para Maz\u00f3n, donde evit\u00f3 careos con el resto de los diputados y portavoces auton\u00f3micos. <\/p>\n<p class=\"\">Esta vez ser\u00e1 diferente. Si en el Parlamento valenciano \u2014donde PP y Vox controlan los tiempos al sumar mayor\u00eda en el Parlamento y, por tanto, en la comisi\u00f3n\u2014 en la C\u00e1mara baja ser\u00e1 al rev\u00e9s: los partidos de Gobierno en Espa\u00f1a (PSOE, Sumar, Podemos e independentistas) conforman la mayor\u00eda y han establecido un interrogatorio directo de 20 minutos por cada grupo parlamentario. Es decir, que Maz\u00f3n y los portavoces de los distintos partidos pol\u00edticos tendr\u00e1n <a href=\"https:\/\/elpais.com\/espana\/2025-10-31\/sanchez-aguanta-el-trago-de-la-comision-koldo-pero-el-pp-confia-en-haber-minado-su-imagen.html\" target=\"_blank\" rel=\"noreferrer nofollow noopener\" title=\"https:\/\/elpais.com\/espana\/2025-10-31\/sanchez-aguanta-el-trago-de-la-comision-koldo-pero-el-pp-confia-en-haber-minado-su-imagen.html\">un careo similar al que tuvo Pedro S\u00e1nchez en la comisi\u00f3n del caso Koldo en el Senado<\/a>. No habr\u00e1, eso s\u00ed, intervenci\u00f3n inicial. <\/p>\n<p class=\"\">El foco medi\u00e1tico nacional volver\u00e1 a la C\u00e1mara baja este lunes, mientras que en Valencia se negocia el relevo de Maz\u00f3n como presidente entre populares y la extrema derecha. El presidente en funciones valenciano \u2014la principal herida abierta de Alberto N\u00fa\u00f1ez Feij\u00f3o desde hace un a\u00f1o\u2014 no estar\u00e1 acompa\u00f1ado por la c\u00fapula popular en su declaraci\u00f3n en el Congreso. <\/p>\n<p class=\"\">Feij\u00f3o y el resto de miembros del comit\u00e9 de direcci\u00f3n del PP estar\u00e1n reunidos en su encuentro semanal en la sede nacional del partido, a dos kil\u00f3metros. Lo que facilitar\u00e1 a G\u00e9nova esquivar una pol\u00e9mica foto entre los principales dirigentes y el todav\u00eda l\u00edder valenciano. <\/p>\n<p class=\"\">Sin embargo, y pese a que Feij\u00f3o anunci\u00f3 que Maz\u00f3n acudir\u00eda a las tres comisiones donde hab\u00eda sido citado (Cortes Valencianas, Congreso y Senado), la previsi\u00f3n es que Maz\u00f3n concluya este lunes sus intervenciones en las comisiones parlamentarias.<\/p>\n<p class=\"\">La portavoz del PP en el Senado, Alicia Garc\u00eda, asegur\u00f3 el pasado jueves que no est\u00e1 prevista a corto plazo la cita de Maz\u00f3n en la C\u00e1mara alta. \u201cEst\u00e1 en el listado de comparecientes, as\u00ed lo quiso \u00e9l. Y no hemos fijado a\u00fan fecha\u201d, dijo. Desde que naci\u00f3 la comisi\u00f3n de la dana en el Senado, en enero de este a\u00f1o, quienes han desfilado por las sesiones de la misma han sido <a href=\"https:\/\/elpais.com\/espana\/2025-03-24\/el-primer-experto-de-la-comision-sobre-la-dana-del-senado-desmonta-los-argumentos-del-pp.html\" rel=\"nofollow noopener\" title=\"https:\/\/elpais.com\/espana\/2025-03-24\/el-primer-experto-de-la-comision-sobre-la-dana-del-senado-desmonta-los-argumentos-del-pp.html\" target=\"_blank\">principalmente expertos, acad\u00e9micos y t\u00e9cnicos<\/a>. Apenas ning\u00fan cargo pol\u00edtico.<\/p>\n<p class=\"\">El Partido Popular cre\u00f3 la comisi\u00f3n de la dana en el Senado para poner el foco en la \u201cresponsabilidad de la Administraci\u00f3n central\u201d en la gesti\u00f3n de la tragedia. Pero tampoco han querido poner fecha de momento a la comparecencia de ning\u00fan miembro del Gobierno. Ni siquiera a la delegada del Gobierno en Valencia, Pilar Bernab\u00e9, ni a la exministra de Transici\u00f3n Ecol\u00f3gica, Teresa Ribera, ni al presidente del Gobierno, Pedro S\u00e1nchez. <\/p>\n<p class=\"\">As\u00ed, Maz\u00f3n llega este lunes al Congreso para tratar de esclarecer qu\u00e9 hizo en <a href=\"https:\/\/elpais.com\/espana\/comunidad-valenciana\/2025-10-26\/nueva-version-sobre-la-hora-oscura-de-mazon-en-la-dana-el-president-acompano-a-maribel-vilaplana-al-aparcamiento-tras-la-comida.html\" target=\"_blank\" rel=\"noreferrer nofollow noopener\" title=\"https:\/\/elpais.com\/espana\/comunidad-valenciana\/2025-10-26\/nueva-version-sobre-la-hora-oscura-de-mazon-en-la-dana-el-president-acompano-a-maribel-vilaplana-al-aparcamiento-tras-la-comida.html\">la tarde del 29 de octubre de 2025<\/a>, donde todav\u00eda quedan lagunas por responder, como qu\u00e9 hizo despu\u00e9s de comer en el restaurante El Ventorro con la periodista Maribel Vilaplana<\/p>\n<p class=\"\">\u201cNi mi futuro ni mi actuaci\u00f3n han sido relevantes. No lo pretendo\u201d, dijo en la comisi\u00f3n de Las Cortes valencianas. \u201cHe dejado de ser una excusa para quienes llevan mucho tiempo sin arrimar el hombro. He escuchado la voz de los expertos y todos ellos nos dicen que fen\u00f3menos como la dana volver\u00e1n a repetirse. A ustedes les corresponde encontrar las soluciones. No es lo mismo gestionar una emergencia donde se prev\u00e9n 280 litros que otra donde caen 780. Los valencianos merecemos estar preparados\u201d. De las preguntas clave, sin embargo, ni rastro.<\/p>\n","protected":false},"excerpt":{"rendered":"Tras la dimisi\u00f3n, las comisiones. Un a\u00f1o despu\u00e9s de la tragedia de la dana, Carlos Maz\u00f3n, en funciones&hellip;\n","protected":false},"author":2,"featured_media":240551,"comment_status":"","ping_status":"","sticky":false,"template":"","format":"standard","meta":{"footnotes":""},"categories":[5],"tags":[17,18,2007,55411,242,4456,1681,25,24,13,14,11,4274,19,20,9,10,15,16,956,1699,6912,23,12,21,22],"class_list":{"0":"post-240550","1":"post","2":"type-post","3":"status-publish","4":"format-standard","5":"has-post-thumbnail","7":"category-titulares","8":"tag-breaking-news","9":"tag-breakingnews","10":"tag-carlos-mazon","11":"tag-comisiones-investigacion","12":"tag-comunidad-valenciana","13":"tag-congreso-diputados","14":"tag-dana","15":"tag-es","16":"tag-espana","17":"tag-featured-news","18":"tag-featurednews","19":"tag-headlines","20":"tag-inundaciones-dana-octubre-2024","21":"tag-latest-news","22":"tag-latestnews","23":"tag-news","24":"tag-noticias","25":"tag-noticias-destacadas","26":"tag-noticiasdestacadas","27":"tag-pp","28":"tag-psoe","29":"tag-senado","30":"tag-spain","31":"tag-titulares","32":"tag-ultimas-noticias","33":"tag-ultimasnoticias"},"share_on_mastodon":{"url":"https:\/\/pubeurope.com\/@es\/115564126062906764","error":""},"_links":{"self":[{"href":"https:\/\/www.europesays.com\/es\/wp-json\/wp\/v2\/posts\/240550","targetHints":{"allow":["GET"]}}],"collection":[{"href":"https:\/\/www.europesays.com\/es\/wp-json\/wp\/v2\/posts"}],"about":[{"href":"https:\/\/www.europesays.com\/es\/wp-json\/wp\/v2\/types\/post"}],"author":[{"embeddable":true,"href":"https:\/\/www.europesays.com\/es\/wp-json\/wp\/v2\/users\/2"}],"replies":[{"embeddable":true,"href":"https:\/\/www.europesays.com\/es\/wp-json\/wp\/v2\/comments?post=240550"}],"version-history":[{"count":0,"href":"https:\/\/www.europesays.com\/es\/wp-json\/wp\/v2\/posts\/240550\/revisions"}],"wp:featuredmedia":[{"embeddable":true,"href":"https:\/\/www.europesays.com\/es\/wp-json\/wp\/v2\/media\/240551"}],"wp:attachment":[{"href":"https:\/\/www.europesays.com\/es\/wp-json\/wp\/v2\/media?parent=240550"}],"wp:term":[{"taxonomy":"category","embeddable":true,"href":"https:\/\/www.europesays.com\/es\/wp-json\/wp\/v2\/categories?post=240550"},{"taxonomy":"post_tag","embeddable":true,"href":"https:\/\/www.europesays.com\/es\/wp-json\/wp\/v2\/tags?post=240550"}],"curies":[{"name":"wp","href":"https:\/\/api.w.org\/{rel}","templated":true}]}}