{"id":240560,"date":"2025-11-17T08:45:17","date_gmt":"2025-11-17T08:45:17","guid":{"rendered":"https:\/\/www.europesays.com\/es\/240560\/"},"modified":"2025-11-17T08:45:17","modified_gmt":"2025-11-17T08:45:17","slug":"urtasun-veta-la-figura-de-ignacio-sanchez-mejias-del-centenario-de-la-generacion-del-27-por-ser-torero","status":"publish","type":"post","link":"https:\/\/www.europesays.com\/es\/240560\/","title":{"rendered":"Urtasun veta la figura de Ignacio S\u00e1nchez Mej\u00edas del centenario de la Generaci\u00f3n del 27 por ser torero"},"content":{"rendered":"<p style=\"\">Ernest Urtasun \u00abno quiere verla\u00bb. No &#8216;la sangre de Ignacio sobre la arena&#8217; que escribi\u00f3 Federico Garc\u00eda Lorca en la considerada como una de las mejores eleg\u00edas de la literatura, sino la propia figura del torero, escritor y mecenas sevillano <strong>Ignacio S\u00e1nchez Mej\u00edas<\/strong> &#8230; , personaje clave de la cultura espa\u00f1ola en el primer tercio del siglo XX. El ministro ha vetado al diestro en la Comisi\u00f3n Nacional para la conmemoraci\u00f3n del Centenario de la Generaci\u00f3n del 27, obviando su mediaci\u00f3n en la formaci\u00f3n del propio grupo, formado por poetas como <strong>Pedro Salinas<\/strong>, <strong>Jorge Guill\u00e9n<\/strong>, <strong>Gerardo Diego<\/strong>, <strong>D\u00e1maso Alonso<\/strong>, <strong>Vicente Aleixandre<\/strong>, <strong>Federico Garc\u00eda Lorca<\/strong>, <strong>Luis Cernuda<\/strong> o <strong>Rafael Alberti<\/strong>. La campa\u00f1a contra la tauromaquia del dirigente de Sumar va in crescendo pese a algunos intentos fallidos, como la abstenci\u00f3n del PSOE en la <a href=\"https:\/\/www.abc.es\/cultura\/psoe-tumba-tramitacion-ley-antitaurina-toros-seguiran-20251007213541-nt.html\" target=\"_self\" data-voc-vtm-id=\"in-text-traffic\" title=\"tramitaci\u00f3n de la iniciativa legislativa popular (ILP)\" data-mrf-link=\"www.abc.es\" rel=\"nofollow noopener\">tramitaci\u00f3n de la iniciativa legislativa popular (ILP)<\/a> que pretend\u00eda derogar la ley que blind\u00f3 en 2013 la Fiesta como bien cultural. La cancelaci\u00f3n de S\u00e1nchez Mej\u00edas por el mero hecho de su dedicaci\u00f3n a los toros ignora su intervenci\u00f3n en el acto fundacional de la Generaci\u00f3n, con la <strong>reuni\u00f3n de los j\u00f3venes literatos en el Ateneo de Sevilla<\/strong> en el homenaje por el tercer centenario de la muerte de Luis de G\u00f3ngora. <\/p>\n<p class=\"voc-p\" style=\"\">Aquella \u00abexcursi\u00f3n\u00bb al sur que escribir\u00eda Guill\u00e9n en el poema <strong>&#8216;Unos amigos&#8217;<\/strong> para resumir lo vivido el 16 y 17 de diciembre de 1927, fue promovida por S\u00e1nchez Mej\u00edas, mecenas y anfitri\u00f3n en su <strong>finca de Pino Montano<\/strong>, una casa a las afueras de la ciudad y separada por ella por el Tamarguillo. All\u00ed fue donde tuvo lugar la famosa fiesta de disfraces vestidos de moros y la velada flamenca. A partir de entonces, ese espacio se convirti\u00f3 en el refugio de muchos de estos poetas que visitaron con frecuencia la casa sevillana de su amigo, su mujer, <strong>Lola G\u00f3mez Ortega<\/strong>, hermana de<strong> Joselito el Gallo<\/strong>; y sus hijos, Jos\u00e9 Ignacio y Mar\u00eda Teresa. En esas mismas habitaciones en las que Lorca conoci\u00f3 a <strong>Manuel Torres <\/strong>y se celebr\u00f3 una sesi\u00f3n de hipnosis ideada por el poeta y ganadero<strong> Fernando Villal\u00f3n<\/strong>, nos recibe Dolores S\u00e1nchez Mej\u00edas, nieta del torero. <\/p>\n<p class=\"voc-p\" style=\"\">Sus descendientes est\u00e1n, cuanto menos, extra\u00f1ados por la postura del Gobierno de S\u00e1nchez y, aunque insisten en que no buscan enfrentar, sino conciliar, denuncian el trato dado a este personaje. \u00ab<strong>Hab\u00eda en mi abuelo una necesidad de ayudar<\/strong>, de aglutinarlos, de hacerlos grupo, sab\u00eda que eran muy buenos. Y adem\u00e1s mi abuelo vio que era una oportunidad para sus hijos rodearse de ese ambiente\u00bb, declara la hija de Jos\u00e9 Ignacio S\u00e1nchez Mej\u00edas, quien acab\u00f3 dedic\u00e1ndose a los toros (primero vestido de luces despu\u00e9s como apoderado) pese a los esfuerzos de su padre por alejarle de este mundo.<\/p>\n<p><img decoding=\"async\" loading=\"lazy\" src=\"https:\/\/www.europesays.com\/es\/wp-content\/uploads\/2025\/11\/dolores-sanchez-mejias-kG3H--760x427@diario_abc.jpg\" class=\"voc-img\" width=\"757\" height=\"427\" alt=\"Dolores S\u00e1nchez Mej\u00edas, en el llamado sal\u00f3n de los moros\" data-voc-vtm-id=\"in-text-traffic\"\/><\/p>\n<p>Dolores S\u00e1nchez Mej\u00edas, en el llamado sal\u00f3n de los moros<\/p>\n<p>Juan Flores<\/p>\n<p class=\"voc-p\" style=\"\">Dolores S\u00e1nchez Mej\u00edas no conoci\u00f3 a su abuelo, adem\u00e1s de figura de la tauromaquia, autor teatral, aviador, automovilista, presidente de la Cruz Roja y del Real Betis Balompi\u00e9. Todo lo que sabe de aquella \u00e9poca se lo cont\u00f3 su abuela, a la que los j\u00f3venes poetas llamaban Mami, y que tambi\u00e9n \u00abse divert\u00eda\u00bb con la presencia de esta pandilla. \u00abSe viv\u00eda en un ambiente muy bueno, era todo muy simp\u00e1tico, tambi\u00e9n para ella pese a lo que estaba viviendo\u00bb (el romance de su esposo con la bailarina, core\u00f3grafa, canzonetista y bailaora de flamenco <strong>Argentinita<\/strong>). <\/p>\n<p class=\"voc-p\" style=\"\">Para Dolores, la decisi\u00f3n del gabinete de Urtasun responde simplemente a su oposici\u00f3n a los toros, sin ni siquiera entrar en cuestiones de un car\u00e1cter ideol\u00f3gico a\u00fan m\u00e1s fuerte. Cuando este verano el ministro anunci\u00f3 la creaci\u00f3n de este comit\u00e9, destac\u00f3 a los autores de la Generaci\u00f3n del 27 por \u00absu fuerza creadora, su conexi\u00f3n con los m\u00e1s importantes movimientos internacionales, como las vanguardias, sus relaciones e influencias rec\u00edprocas con otras artes\u00bb, pero tambi\u00e9n introdujo un sesgo pol\u00edtico rese\u00f1ando <strong>su \u00abcompromiso con la Rep\u00fablica\u00bb<\/strong>. Una polarizaci\u00f3n que hace casi un siglo no exist\u00eda. \u00abMi abuela les cuidaba mucho, pero ellos a veces le hac\u00edan perrer\u00edas. Era muy mon\u00e1rquica y muy cat\u00f3lica. Y un d\u00eda se levant\u00f3 y vio todos los radiadores pintados con la bandera republicana\u00bb, recuerda.<\/p>\n<p><img decoding=\"async\" loading=\"lazy\" src=\"https:\/\/www.europesays.com\/es\/wp-content\/uploads\/2025\/11\/rogelio-reyes-kG3H--170x170@diario_abc.jpg\" class=\"voc-img\" width=\"170\" height=\"170\" alt=\"Imagen - \u00abS\u00f3lo el sectarismo totalitario de nuestro ministro puede pretender que se prescinda de su importante figura\u00bb\"\/><\/p>\n<p class=\"voc-title\">\u00abS\u00f3lo el sectarismo totalitario de nuestro ministro puede pretender que se prescinda de su importante figura\u00bb<\/p>\n<p class=\"voc-p\" style=\"\">\u00abConvertido en un aut\u00e9ntico mito y en una referencia esencial en la est\u00e9tica del 27, s\u00f3lo el sectarismo totalitario de nuestro ministro puede pretender que se prescinda de su importante figura en el centenario de aquella pl\u00e9yade de poetas que dieron a las letras hisp\u00e1nicas una nota de modernidad de la que todav\u00eda hoy vive la l\u00edrica de nuestro pa\u00eds\u00bb, sentencia <strong>Rogelio Reyes<\/strong>, catedr\u00e1tico em\u00e9rito de Literatura Espa\u00f1ola de la Universidad de Sevilla y miembro de n\u00famero de la Real Academia Sevillana de Buenas Letras.<\/p>\n<p class=\"voc-p\" style=\"\">Un punto en el que coincide cualquiera que conozca m\u00ednimamente la contribuci\u00f3n del diestro al desarrollo de aquellos actos fundacionales con su promoci\u00f3n y aportaci\u00f3n econ\u00f3mica, sino como propia inspiraci\u00f3n de los j\u00f3venes literatos. \u00abFue una figura angular en la trayectoria l\u00edrica de los poetas del 27. Conocido por \u00e9stos a trav\u00e9s de <strong>Jos\u00e9 Mar\u00eda de Coss\u00edo<\/strong>, el autor de la magna obra sobre los toros, los poetas vieron en Ignacio la viva encarnaci\u00f3n de los valores de la tauromaquia: su <strong>condici\u00f3n heroica<\/strong>, su reto con la muerte en cada corrida, su despejada inteligencia para afrontar el albur de una vida siempre al filo del riesgo ante las astas de un toro. Su fuerte personalidad los reafirm\u00f3 a todos en la pasi\u00f3n por la fiesta, elevada -despu\u00e9s de las reticencias de los autores del 98- a una aut\u00e9ntica condici\u00f3n art\u00edstica\u00bb, contin\u00faa el catedr\u00e1tico.<\/p>\n<p><img decoding=\"async\" loading=\"lazy\" src=\"https:\/\/www.europesays.com\/es\/wp-content\/uploads\/2025\/11\/jacobo-cortines-kG3H--170x170@diario_abc.jpg\" class=\"voc-img\" width=\"170\" height=\"170\" alt=\"Imagen - \u00abTodos se hicieron amigos y hablaron mucho en el Ateneo y en Pino Montano de toros y literatura. Nunca hasta entonces se hab\u00eda dado una fraternidad semejante \u00a0 entre esos dos mundos\u00bb\"\/><\/p>\n<p class=\"voc-title\">\u00abTodos se hicieron amigos y hablaron mucho en el Ateneo y en Pino Montano de toros y literatura. Nunca hasta entonces se hab\u00eda dado una fraternidad semejante<\/p>\n<p class=\"voc-title\"><strong>\u00a0<\/strong><\/p>\n<p class=\"voc-title\">entre esos dos mundos\u00bb<\/p>\n<p class=\"voc-p\" style=\"\">Otro profesor em\u00e9rito y acad\u00e9mico, el poeta y ensayista sevillano <strong>Jacobo Cortines <\/strong>resalta igualmente la tauromaquia como tema entre los intelectuales de la \u00e9poca. \u00ab\u00c9l fue quien le present\u00f3 al grupo a otro poeta, entonces casi an\u00f3nimo: Fernando Villal\u00f3n, el mejor poeta novel de toda Andaluc\u00eda, seg\u00fan la conocida f\u00f3rmula de presentaci\u00f3n. Y todos se hicieron amigos y hablaron mucho en el Ateneo y en Pino Montano de toros y literatura. Nunca hasta entonces se hab\u00eda dado <strong>una fraternidad semejante <\/strong>entre esos dos mundos: un torero que era a su vez dramaturgo, un ganadero que era poeta, unos poetas que m\u00e1s que aficionados eran toreros vocacionales. En este excepcional ambiente ten\u00eda necesariamente que florecer una literatura taurina como expresi\u00f3n de una nueva sensibilidad ante el fen\u00f3meno de los toros, como novedosas vivencias en el panorama de la vida espa\u00f1ola\u00bb, resalta, al tiempo que recuerda que el diestro pronunci\u00f3 una conferencia sobre toros en la <strong>Universidad de Columbia de Nueva York en 1929<\/strong>. <\/p>\n<p class=\"voc-p\" style=\"\">Finalmente, una vez muerto Ignacio <strong>tras la cogida de Manzanares en 1934<\/strong>, \u00absu figura alcanz\u00f3 entre sus amigos los poetas verdaderos acentos m\u00edticos\u00bb, reflexiona Rogelio Reyes. &#8216;Tardar\u00e1 mucho tiempo en nacer, si es que nace, un andaluz tan claro, tan rico de aventura&#8217;, remata Lorca la eleg\u00eda m\u00e1s importante de la literatura en espa\u00f1ol desde las &#8216;Coplas por la muerte de su padre&#8217; de Jorge Manrique. <\/p>\n<p>\nObra teatral\n<\/p>\n<p class=\"voc-p\" style=\"\">La influencia que S\u00e1nchez Mej\u00edas tuvo como transmisor de los toros o el flamenco entre el grupo de literatos, fue \u00abradical\u00bb en el caso Garc\u00eda Lorca, como recuerda en su libro &#8216;La sangre derramada. Ecos de la tauromaquia de S\u00e1nchez Mej\u00edas en Garc\u00eda Lorca&#8217; (Athenaica), el doctor en Literatura Espa\u00f1ola y profesor en la Universidad de Granada Jos\u00e9 Javier Le\u00f3n. Para el experto, fue fundamental para el \u00abdespertar ta\u00farico\u00bb del granadino y la visi\u00f3n del flamenco que sintetiza en su conferencia<strong> &#8216;Juego y teor\u00eda del duende&#8217;<\/strong>. En el caso del arte jondo, destaca la nieta en varias ocasiones durante la conversaci\u00f3n, tambi\u00e9n fue capital el espect\u00e1culo de m\u00fasica y baile escrito y producido por \u00e9l junto a la Argentinita, <strong>&#8216;Las calles de C\u00e1diz&#8217;.<\/strong><\/p>\n<p class=\"voc-title\">Tras su muerte, su figura alcanz\u00f3 entre sus amigos un tinte m\u00edtico, lo que dio lugar a una eleg\u00eda universal, la de Lorca<\/p>\n<p class=\"voc-p\" style=\"\">Ignacio S\u00e1nchez Mej\u00edas escribi\u00f3, adem\u00e1s, cuatro originales piezas teatrales: <strong>&#8216;Sin raz\u00f3n&#8217;<\/strong> \u2013donde puso sobre la mesa las tesis freudinas sobre los sue\u00f1os\u2013; <strong>&#8216;Zaya&#8217;<\/strong> y <strong>&#8216;Ni m\u00e1s ni menos&#8217;<\/strong>, adem\u00e1s de la in\u00e9dita hasta bien entrado los 80 &#8216;Soledad, comedia en m\u00e1s de un acto&#8217;. <\/p>\n<p class=\"voc-p\" style=\"\">\u00abQuiz\u00e1 desde el punto de vista s\u00f3lo literario, no, pero su figura es fundamental en la Edad de Plata. Fue el pegamento que permiti\u00f3 que todo se uniera. Tambi\u00e9n <strong>Pep\u00edn Bello<\/strong>, pero S\u00e1nchez Mej\u00edas ten\u00eda adem\u00e1s esa personalidad tan especial y la capacidad econ\u00f3mica\u00bb, recuerda <strong>Antonio Fern\u00e1ndez Torres<\/strong>, de Estudio Puerta de Tannhauser, director de la exposici\u00f3n que se organiz\u00f3 en 2009 en el Alc\u00e1zar de Sevilla para conmemorar el 75 aniversario de su muerte y que cont\u00f3 tambi\u00e9n con la participaci\u00f3n del bi\u00f3grafo de S\u00e1nchez Mej\u00edas, Andr\u00e9s Amor\u00f3s. Juntos escribieron un libro con el mismo t\u00edtulo de la muestra: &#8216;Ignacio S\u00e1nchez Mej\u00edas, el hombre de la Edad de Plata&#8217;. \u00abSus dispares aristas hacen muy grande e interesante al personaje. A trav\u00e9s de Ignacio se entienden muchas cosas de la \u00e9poca. Pol\u00edticamente, \u00e9l se cuid\u00f3 mucho de no posicionarse. Despu\u00e9s, <strong>el franquismo tampoco lo consider\u00f3 de los suyos<\/strong>\u00bb, contin\u00faa el historiador. Fern\u00e1ndez Torres cree que esta persucuci\u00f3n a los toros ya se vivi\u00f3 de forma m\u00e1s intensa hace tres lustros. \u00abNos penalizaba haber hecho un proyecto sobre el terreno, fue una r\u00e9mora para hacer cosas\u00bb, denuncia. <\/p>\n<p class=\"voc-p\" style=\"\">Con todo, van m\u00e1s all\u00e1 los expertos en letras: \u00abDejar fuera de la Conmemoraci\u00f3n del 27 a Ignacio S\u00e1nchez Mej\u00edas es, aparte de una muestra de incultura, una <strong>lamentable injusticia<\/strong>\u00bb, remata Cortines.<\/p>\n","protected":false},"excerpt":{"rendered":"Ernest Urtasun \u00abno quiere verla\u00bb. No &#8216;la sangre de Ignacio sobre la arena&#8217; que escribi\u00f3 Federico Garc\u00eda Lorca&hellip;\n","protected":false},"author":2,"featured_media":240561,"comment_status":"","ping_status":"","sticky":false,"template":"","format":"standard","meta":{"footnotes":""},"categories":[174],"tags":[255,5204,146,147,25,24,256,20670,4936,10619,32304,199,23,1570,5876,26307],"class_list":{"0":"post-240560","1":"post","2":"type-post","3":"status-publish","4":"format-standard","5":"has-post-thumbnail","7":"category-famosos","8":"tag-celebrities","9":"tag-centenario","10":"tag-entertainment","11":"tag-entretenimiento","12":"tag-es","13":"tag-espana","14":"tag-famosos","15":"tag-figura","16":"tag-generacion","17":"tag-ignacio","18":"tag-mejias","19":"tag-sanchez","20":"tag-spain","21":"tag-torero","22":"tag-urtasun","23":"tag-veta"},"share_on_mastodon":{"url":"https:\/\/pubeurope.com\/@es\/115564165751825352","error":""},"_links":{"self":[{"href":"https:\/\/www.europesays.com\/es\/wp-json\/wp\/v2\/posts\/240560","targetHints":{"allow":["GET"]}}],"collection":[{"href":"https:\/\/www.europesays.com\/es\/wp-json\/wp\/v2\/posts"}],"about":[{"href":"https:\/\/www.europesays.com\/es\/wp-json\/wp\/v2\/types\/post"}],"author":[{"embeddable":true,"href":"https:\/\/www.europesays.com\/es\/wp-json\/wp\/v2\/users\/2"}],"replies":[{"embeddable":true,"href":"https:\/\/www.europesays.com\/es\/wp-json\/wp\/v2\/comments?post=240560"}],"version-history":[{"count":0,"href":"https:\/\/www.europesays.com\/es\/wp-json\/wp\/v2\/posts\/240560\/revisions"}],"wp:featuredmedia":[{"embeddable":true,"href":"https:\/\/www.europesays.com\/es\/wp-json\/wp\/v2\/media\/240561"}],"wp:attachment":[{"href":"https:\/\/www.europesays.com\/es\/wp-json\/wp\/v2\/media?parent=240560"}],"wp:term":[{"taxonomy":"category","embeddable":true,"href":"https:\/\/www.europesays.com\/es\/wp-json\/wp\/v2\/categories?post=240560"},{"taxonomy":"post_tag","embeddable":true,"href":"https:\/\/www.europesays.com\/es\/wp-json\/wp\/v2\/tags?post=240560"}],"curies":[{"name":"wp","href":"https:\/\/api.w.org\/{rel}","templated":true}]}}