{"id":240566,"date":"2025-11-17T08:50:08","date_gmt":"2025-11-17T08:50:08","guid":{"rendered":"https:\/\/www.europesays.com\/es\/240566\/"},"modified":"2025-11-17T08:50:08","modified_gmt":"2025-11-17T08:50:08","slug":"necesitaras-mas-de-un-mes-para-verla","status":"publish","type":"post","link":"https:\/\/www.europesays.com\/es\/240566\/","title":{"rendered":"necesitar\u00e1s m\u00e1s de un mes para verla"},"content":{"rendered":"<p class=\"article-text\">\n        A principios de a\u00f1o, <a href=\"https:\/\/www.eldiario.es\/spin\/the-brutalist-peliculas-largas-numerosas-nominaciones-oscars-cine-pm_1_12090690.html\" target=\"_blank\" data-mrf-recirculation=\"links-noticia\" class=\"link\" rel=\"nofollow noopener\">The Brutalist<\/a> trajo de vuelta un concepto que se hab\u00eda perdido: los <strong>intermedios en el cine<\/strong>. Estos se popularizaron hace a\u00f1os con los largometrajes que superaban las tres horas, pero quedaron en el olvido. Hasta el estreno de la pel\u00edcula dirigida por Brady Corbet, cuyo visionado en cine tuvo una pausa de 15 minutos entre medias de sus tres horas y 35 minutos de duraci\u00f3n.\u00a0\n    <\/p>\n<p>    <a href=\"https:\/\/www.eldiario.es\/spin\/40-protesis-10-horas-maquillaje-increible-transformacion-jacob-elordi-criatura-frankenstein-pm_1_12761839.html\" data-mrf-recirculation=\"saber-mas\" data-dl-event=\"saber-mas\" rel=\"nofollow noopener\" target=\"_blank\"><\/p>\n<p class=\"know-more__title\">40 pr\u00f3tesis y 10 horas de maquillaje: la incre\u00edble transformaci\u00f3n de Jacob Elordi en la criatura de Frankenstein<\/p>\n<p>            <img decoding=\"async\" class=\"lazy\" loading=\"lazy\" data-src=\"https:\/\/static.eldiario.es\/clip\/5d2974ba-798b-4502-87f0-808fe850593e_16-9-aspect-ratio_default_0.jpg\" src=\"data:image\/svg+xml,%3Csvg xmlns=\" http:=\"\" viewbox=\"0 0 880 495\" alt=\"40 pr\u00f3tesis y 10 horas de maquillaje: la incre\u00edble transformaci\u00f3n de Jacob Elordi en la criatura de Frankenstein\"\/><\/p>\n<p>                        <\/a><\/p>\n<p class=\"article-text\">\n        El debate estaba servido. \u00bfEs necesario que el p\u00fablico descanse? Muchos criticaron la decisi\u00f3n, incluidos aclamados directores de cine. \u201cLa gente ve cinco horas de televisi\u00f3n o teatros de tres horas y media. Denle el mismo respeto al cine\u201d, reclam\u00f3 entonces Martin Scorsese. El director de Shutter Island probablemente no habr\u00eda dicho lo mismo si tuviera delante la <strong>pel\u00edcula m\u00e1s larga de la historia<\/strong>.\u00a0\n    <\/p>\n<p class=\"article-text\">\n        Hablamos de Logistics, documental sueco con tintes experimentales, dirigido por Daniel Andersson y Erika Magnusson, que se estren\u00f3 en 2012. La pel\u00edcula consigui\u00f3 el r\u00e9cord gracias a una duraci\u00f3n sin precedentes en la historia del audiovisual: <strong>51.420 minutos<\/strong>, el<strong> <\/strong>equivalente a<strong> 35 d\u00edas y 17 horas<\/strong>. El que quiera verla, necesitar\u00eda m\u00e1s de un mes para poder hacerlo.\u00a0\n    <\/p>\n<p class=\"article-text\">\n        El tiempo queda justificado si tenemos en cuenta el argumento de Logistics. El documental refleja el <strong>ciclo de producci\u00f3n y distribuci\u00f3n de un simple pod\u00f3metro<\/strong>, un dispositivo para contar pasos. Pero lo hace de forma inversa: el espectador empieza viendo el aparato en el punto de venta en una tienda de Estocolmo y viaja hacia atr\u00e1s en el tiempo y el espacio hasta su origen en una f\u00e1brica en Shenzhen, China.\n    <\/p>\n<p class=\"article-text\">\n        El documental est\u00e1 grabado en tiempo real, es decir, muestra <strong>todo el trayecto completo sin cortes<\/strong>: desde los largos viajes en cargueros a trav\u00e9s del mar hasta los procesos industriales que se llevan a cabo en la f\u00e1brica. Con esto, el documental hac\u00eda una reflexi\u00f3n cr\u00edtica sobre el consumo y la globalizaci\u00f3n hace ya una d\u00e9cada.\u00a0\n    <\/p>\n<p>    <strong>Otros largometrajes largu\u00edsimos<\/strong><\/p>\n<p class=\"article-text\">\n        En el segundo puesto en el ranking de pel\u00edculas m\u00e1s largas de la historia encontramos <strong>Modern Times Forever<\/strong>, un documental estrenado en 2011 del grupo de artistas daneses Superflex. La pel\u00edcula, que dura un total de 240 horas (10 d\u00edas), muestra en c\u00e1mara extremadamente lenta c\u00f3mo se deteriorar\u00eda un edificio en Helsinki durante miles de a\u00f1os. Fue proyectada originalmente contra el propio edificio protagonista.\n    <\/p>\n<p>    <a href=\"https:\/\/www.eldiario.es\/spin\/creo-pueblo-hobbits-plato-grande-construido-historia-cine-pm_1_12761614.html\" data-mrf-recirculation=\"saber-mas-abajo\" data-dl-event=\"saber-mas-abajo\" rel=\"nofollow noopener\" target=\"_blank\"><\/p>\n<p class=\"know-more__title\">As\u00ed se cre\u00f3 el pueblo de los Hobbits, el plat\u00f3 m\u00e1s grande jam\u00e1s construido en la historia del cine<\/p>\n<p>            <img decoding=\"async\" class=\"lazy\" loading=\"lazy\" data-src=\"https:\/\/static.eldiario.es\/clip\/00680f24-ebfb-4e97-bdaa-0c6fcbcdf5bd_16-9-aspect-ratio_default_0.jpg\" src=\"data:image\/svg+xml,%3Csvg xmlns=\" http:=\"\" viewbox=\"0 0 880 495\" alt=\"As\u00ed se cre\u00f3 el pueblo de los Hobbits, el plat\u00f3 m\u00e1s grande jam\u00e1s construido en la historia del cine\"\/><\/p>\n<p>                        <\/a><\/p>\n<p class=\"article-text\">\n        En el tercer puesto, encontramos <strong>Beijing 2003<\/strong> (2004), documental del director Zhang Yuan (China) que se desarrolla en 150 horas (6 d\u00edas y 6 horas) y que retrata la vida en Pek\u00edn durante varios d\u00edas. La c\u00e1mara se coloc\u00f3 en un veh\u00edculo para recorrer las calles de la capital y mostrar la vida de su gente.\n    <\/p>\n","protected":false},"excerpt":{"rendered":"A principios de a\u00f1o, The Brutalist trajo de vuelta un concepto que se hab\u00eda perdido: los intermedios en&hellip;\n","protected":false},"author":2,"featured_media":240567,"comment_status":"","ping_status":"","sticky":false,"template":"","format":"standard","meta":{"footnotes":""},"categories":[169],"tags":[61972,177,1818,146,147,25,24,176,448,297,21239,1970,175,61973,1257,2678,23,15551],"class_list":{"0":"post-240566","1":"post","2":"type-post","3":"status-publish","4":"format-standard","5":"has-post-thumbnail","7":"category-cine","8":"tag-61972","9":"tag-cine","10":"tag-dura","11":"tag-entertainment","12":"tag-entretenimiento","13":"tag-es","14":"tag-espana","15":"tag-film","16":"tag-historia","17":"tag-horas","18":"tag-larga","19":"tag-mes","20":"tag-movies","21":"tag-necesitaras","22":"tag-pelicula","23":"tag-pm","24":"tag-spain","25":"tag-verla"},"share_on_mastodon":{"url":"https:\/\/pubeurope.com\/@es\/115564185286375951","error":""},"_links":{"self":[{"href":"https:\/\/www.europesays.com\/es\/wp-json\/wp\/v2\/posts\/240566","targetHints":{"allow":["GET"]}}],"collection":[{"href":"https:\/\/www.europesays.com\/es\/wp-json\/wp\/v2\/posts"}],"about":[{"href":"https:\/\/www.europesays.com\/es\/wp-json\/wp\/v2\/types\/post"}],"author":[{"embeddable":true,"href":"https:\/\/www.europesays.com\/es\/wp-json\/wp\/v2\/users\/2"}],"replies":[{"embeddable":true,"href":"https:\/\/www.europesays.com\/es\/wp-json\/wp\/v2\/comments?post=240566"}],"version-history":[{"count":0,"href":"https:\/\/www.europesays.com\/es\/wp-json\/wp\/v2\/posts\/240566\/revisions"}],"wp:featuredmedia":[{"embeddable":true,"href":"https:\/\/www.europesays.com\/es\/wp-json\/wp\/v2\/media\/240567"}],"wp:attachment":[{"href":"https:\/\/www.europesays.com\/es\/wp-json\/wp\/v2\/media?parent=240566"}],"wp:term":[{"taxonomy":"category","embeddable":true,"href":"https:\/\/www.europesays.com\/es\/wp-json\/wp\/v2\/categories?post=240566"},{"taxonomy":"post_tag","embeddable":true,"href":"https:\/\/www.europesays.com\/es\/wp-json\/wp\/v2\/tags?post=240566"}],"curies":[{"name":"wp","href":"https:\/\/api.w.org\/{rel}","templated":true}]}}