{"id":240578,"date":"2025-11-17T08:56:13","date_gmt":"2025-11-17T08:56:13","guid":{"rendered":"https:\/\/www.europesays.com\/es\/240578\/"},"modified":"2025-11-17T08:56:13","modified_gmt":"2025-11-17T08:56:13","slug":"detenido-en-malaga-pipo-chavarria-uno-de-los-narcos-mas-buscados-de-america-latina","status":"publish","type":"post","link":"https:\/\/www.europesays.com\/es\/240578\/","title":{"rendered":"Detenido en M\u00e1laga &#8216;Pipo&#8217; Chavarr\u00eda, uno de los narcos m\u00e1s buscados de Am\u00e9rica Latina"},"content":{"rendered":"\n<p> El <strong>presidente ecuatoriano<\/strong>, Daniel <a href=\"https:\/\/www.elconfidencial.com\/mundo\/2025-04-14\/noboa-arrasa-por-sorpresa-en-las-elecciones-de-ecuador-y-el-correismo-denuncia-fraude_4108565\/\" target=\"_self\" rel=\"nofollow noopener\">Noboa<\/a>, comunic\u00f3 este domingo <strong>la captura en territorio espa\u00f1ol<\/strong> de <strong>Wilmer Chavarr\u00eda Barr\u00e9<\/strong>, conocido como &#8216;Pipo&#8217;, considerado el m\u00e1ximo responsable de Los Lobos y <strong>uno de los narcotraficantes m\u00e1s buscados<\/strong> de Am\u00e9rica Latina. La detenci\u00f3n se produjo gracias a una <strong>acci\u00f3n conjunta<\/strong> de las <strong>fuerzas policiales de ambos pa\u00edses<\/strong>. <\/p>\n<p> \u00abHoy hemos capturado a &#8216;Pipo&#8217; Chavarr\u00eda, el criminal m\u00e1s buscado de la regi\u00f3n y l\u00edder absoluto de Los Lobos\u00bb, public\u00f3 <strong>Noboa<\/strong> en su perfil de la <a href=\"https:\/\/www.elconfidencial.com\/mundo\/2025-08-21\/exilio-papa-pitufo-enemigo-numero-colombia-portugal-espana_4192954\/\" target=\"_self\" rel=\"nofollow noopener\">red social X<\/a>. Por su parte, el comandante de la <strong>Polic\u00eda Nacional de Ecuador<\/strong>, general <strong>Pablo Maldonado<\/strong>, detall\u00f3 que la aprehensi\u00f3n del narcotraficante tuvo lugar en la provincia de <strong>M\u00e1laga<\/strong>. <\/p>\n<p>              <img decoding=\"async\" class=\"inTextNews__img\" alt=\"Foto: detenido-pontevedra-fugitivo-italia-condenado-drogas-1tna\" src=\"https:\/\/www.europesays.com\/es\/wp-content\/uploads\/2025\/11\/f.elconfidencial.com\/original\/d1a\/25e\/b53\/d1a25eb537761450180ba2654e5a5ca7.jpg\"  \/>     <\/p>\n<p>TE PUEDE INTERESAR<\/p>\n<p>      <a class=\"inTextNews__title\" href=\"https:\/\/www.elconfidencial.com\/espana\/galicia\/2025-10-31\/detenido-pontevedra-fugitivo-italia-condenado-drogas-1tna_4239558\/\" onclick=\"window.ECCO.emit(&#039;amplitude&#039;, { dataEventName: &#039;click_related_article_module&#039;, data: { related_article_url: &#039;https:\/\/www.elconfidencial.com\/espana\/galicia\/2025-10-31\/detenido-pontevedra-fugitivo-italia-condenado-drogas-1tna_4239558\/&#039;, related_article_author: &#039;Silvia D\u00edaz&#039;, related_article_section: &#039;galicia&#039; } })\" rel=\"nofollow noopener\" target=\"_blank\"> Detenido en Pontevedra un fugitivo reclamado por Italia y condenado a 30 a\u00f1os de prisi\u00f3n por tr\u00e1fico de drogas <\/a>   <\/p>\n<p>    Europa Press   <\/p>\n<p> Maldonado record\u00f3 que &#8216;Pipo&#8217; <strong>simul\u00f3 su fallecimiento en 2021<\/strong>, durante la pandemia de <strong>COVID-19<\/strong>, adopt\u00f3 la identidad de <strong>Danilo Fern\u00e1ndez<\/strong>, supuestamente originario de <strong>Maracaibo<\/strong>, <strong>Venezuela<\/strong>, y se refugi\u00f3 en <strong>Europa<\/strong> mientras continuaba dirigiendo asesinatos en Ecuador. <\/p>\n<p> Noboa a\u00f1adi\u00f3 que este delincuente, que fingi\u00f3 su muerte, asumi\u00f3 una nueva identidad y se ocult\u00f3 en Europa, <strong>segu\u00eda ordenando cr\u00edmenes en Ecuador<\/strong>. Adem\u00e1s, gestionaba actividades de <strong>miner\u00eda ilegal<\/strong> y coordinaba rutas de <strong>tr\u00e1fico de drogas<\/strong> en colaboraci\u00f3n con el <strong>c\u00e1rtel Jalisco Nueva Generaci\u00f3n<\/strong>. <\/p>\n<p>              <img decoding=\"async\" class=\"inTextNews__img\" alt=\"Foto: cocaina-organizacion-criminal-ecuador-barcelona-1tna-1tps\" src=\"https:\/\/www.europesays.com\/es\/wp-content\/uploads\/2025\/11\/f.elconfidencial.com\/original\/da0\/d9b\/814\/da0d9b8144b0af9e6b55e7b464600532.jpg\"  \/>     <\/p>\n<p>TE PUEDE INTERESAR<\/p>\n<p>      <a class=\"inTextNews__title\" href=\"https:\/\/www.elconfidencial.com\/espana\/madrid\/2025-10-17\/cocaina-organizacion-criminal-ecuador-barcelona-1tna-1tps_4229998\/\" onclick=\"window.ECCO.emit(&#039;amplitude&#039;, { dataEventName: &#039;click_related_article_module&#039;, data: { related_article_url: &#039;https:\/\/www.elconfidencial.com\/espana\/madrid\/2025-10-17\/cocaina-organizacion-criminal-ecuador-barcelona-1tna-1tps_4229998\/&#039;, related_article_author: &#039;Arantxa Palacios&#039;, related_article_section: &#039;madrid&#039; } })\" rel=\"nofollow noopener\" target=\"_blank\"> Cae una red criminal que quer\u00eda introducir coca\u00edna en Espa\u00f1a por una nueva ruta mar\u00edtima <\/a>   <\/p>\n<p>    EFE   <\/p>\n<p> Es importante se\u00f1alar que en 2024 <strong>Estados Unidos impuso sanciones<\/strong> a &#8216;Pipo&#8217; y a la organizaci\u00f3n que lideraba, considerada <strong>la mayor red de narcotr\u00e1fico de Ecuador<\/strong>, en parte por sus v\u00ednculos con los <strong>c\u00e1rteles mexicanos Jalisco Nueva Generaci\u00f3n<\/strong> (CJNG) y de <strong>Sinaloa<\/strong>. Seg\u00fan el <strong>Departamento del Tesoro estadounidense<\/strong>, estas <strong>alianzas buscaban fomentar la violencia<\/strong> y la <strong>inestabilidad en el pa\u00eds sudamericano<\/strong>. <\/p>\n<p> Asimismo, Los Lobos han sido <strong>acusados en Ecuador de planificar el asesinato<\/strong> del candidato presidencial Fernando Villavicencio el 9 de agosto de 2023 tras un acto en <strong>Quito<\/strong>. &#8216;Pipo&#8217; tambi\u00e9n posee <strong>antecedentes desde 2004 por delitos<\/strong> como robo, <strong>asociaci\u00f3n il\u00edcita<\/strong>, narcotr\u00e1fico, sicariato, atentados terroristas y masacres en centros penitenciarios. <\/p>\n<p> El presidente ecuatoriano ha elogiado la labor conjunta de las <a href=\"https:\/\/www.elconfidencial.com\/espana\/2025-02-28\/detenido-ecuador-yihadista-odio-espana-atacar-embajadas-1tna_4075426\/\" target=\"_self\" rel=\"nofollow noopener\">polic\u00edas de Ecuador y Espa\u00f1a<\/a>, calific\u00e1ndola como un <strong>ejemplo de colaboraci\u00f3n internacional<\/strong>. <\/p>\n<p>                  <img decoding=\"async\" class=\"inTextNews__img\" alt=\"Foto: tren-aragua-policia-espana-detenidos-1tna-1tps\" src=\"https:\/\/www.europesays.com\/es\/wp-content\/uploads\/2025\/11\/f.elconfidencial.com\/original\/60d\/b6f\/a12\/60db6fa121b2e0eb77f1c43b0d0e90a1.jpg\"  \/>     <\/p>\n<p>TE PUEDE INTERESAR<\/p>\n<p>      <a class=\"inTextNews__title\" href=\"https:\/\/www.elconfidencial.com\/espana\/2025-11-07\/tren-aragua-policia-espana-detenidos-1tna-1tps_4243276\/\" onclick=\"window.ECCO.emit(&#039;amplitude&#039;, { dataEventName: &#039;click_related_article_module&#039;, data: { related_article_url: &#039;https:\/\/www.elconfidencial.com\/espana\/2025-11-07\/tren-aragua-policia-espana-detenidos-1tna-1tps_4243276\/&#039;, related_article_author: &#039;Adriana L\u00f3pez&#039;, related_article_section: &#039;espana&#039; } })\" rel=\"nofollow noopener\" target=\"_blank\"> La Polic\u00eda desmantela la primera c\u00e9lula asentada en Espa\u00f1a de la banda del Tren de Aragua <\/a>   <\/p>\n<p>    EFE   <\/p>\n<p> \u00ab<strong>La cooperaci\u00f3n internacional es esencial<\/strong> para enfrentar el <strong>crimen transnacional<\/strong>\u00ab, afirm\u00f3 Noboa, refiri\u00e9ndose a la <a href=\"https:\/\/www.elconfidencial.com\/espana\/2025-08-31\/detenido-mafia-trafico-drogas-barcelona-1tps_4199604\/\" target=\"_self\" rel=\"nofollow noopener\">captura de un delincuente<\/a> que incluso lleg\u00f3 a ser dado por muerto. <\/p>\n<p> \u00abLo buscamos hasta en su propio infierno. Esa es la diferencia cuando existe <strong>voluntad de defender a tu pa\u00eds<\/strong>\u00ab, declar\u00f3 el <strong>mandatario ecuatoriano<\/strong>, quien defini\u00f3 a &#8216;Pipo&#8217; como \u00abel <strong>objetivo de mayor valor<\/strong>\u00abhttps:\/\/www.elconfidencial.com\/espana\/2025-11-16\/lider-cartel-lobos-detenido-ecuador-1tps_4248412\/.\u00bb<strong>Hoy las mafias retroceden<\/strong>. Hoy <strong>triunfa Ecuador<\/strong>\u00ab, concluy\u00f3. <\/p>\n<p> El <strong>presidente ecuatoriano<\/strong>, Daniel <a href=\"https:\/\/www.elconfidencial.com\/mundo\/2025-04-14\/noboa-arrasa-por-sorpresa-en-las-elecciones-de-ecuador-y-el-correismo-denuncia-fraude_4108565\/\" target=\"_self\" rel=\"nofollow noopener\">Noboa<\/a>, comunic\u00f3 este domingo <strong>la captura en territorio espa\u00f1ol<\/strong> de <strong>Wilmer Chavarr\u00eda Barr\u00e9<\/strong>, conocido como &#8216;Pipo&#8217;, considerado el m\u00e1ximo responsable de Los Lobos y <strong>uno de los narcotraficantes m\u00e1s buscados<\/strong> de Am\u00e9rica Latina. La detenci\u00f3n se produjo gracias a una <strong>acci\u00f3n conjunta<\/strong> de las <strong>fuerzas policiales de ambos pa\u00edses<\/strong>. <\/p>\n","protected":false},"excerpt":{"rendered":"El presidente ecuatoriano, Daniel Noboa, comunic\u00f3 este domingo la captura en territorio espa\u00f1ol de Wilmer Chavarr\u00eda Barr\u00e9, conocido&hellip;\n","protected":false},"author":2,"featured_media":240579,"comment_status":"","ping_status":"","sticky":false,"template":"","format":"standard","meta":{"footnotes":""},"categories":[42],"tags":[17,18,13,14,11,61,62,63,64,19,20,9,10,15,16,12,21,22,65,66,67],"class_list":{"0":"post-240578","1":"post","2":"type-post","3":"status-publish","4":"format-standard","5":"has-post-thumbnail","7":"category-internacional","8":"tag-breaking-news","9":"tag-breakingnews","10":"tag-featured-news","11":"tag-featurednews","12":"tag-headlines","13":"tag-internacional","14":"tag-international","15":"tag-international-news","16":"tag-internationalnews","17":"tag-latest-news","18":"tag-latestnews","19":"tag-news","20":"tag-noticias","21":"tag-noticias-destacadas","22":"tag-noticiasdestacadas","23":"tag-titulares","24":"tag-ultimas-noticias","25":"tag-ultimasnoticias","26":"tag-world","27":"tag-world-news","28":"tag-worldnews"},"share_on_mastodon":{"url":"https:\/\/pubeurope.com\/@es\/115564209132142608","error":""},"_links":{"self":[{"href":"https:\/\/www.europesays.com\/es\/wp-json\/wp\/v2\/posts\/240578","targetHints":{"allow":["GET"]}}],"collection":[{"href":"https:\/\/www.europesays.com\/es\/wp-json\/wp\/v2\/posts"}],"about":[{"href":"https:\/\/www.europesays.com\/es\/wp-json\/wp\/v2\/types\/post"}],"author":[{"embeddable":true,"href":"https:\/\/www.europesays.com\/es\/wp-json\/wp\/v2\/users\/2"}],"replies":[{"embeddable":true,"href":"https:\/\/www.europesays.com\/es\/wp-json\/wp\/v2\/comments?post=240578"}],"version-history":[{"count":0,"href":"https:\/\/www.europesays.com\/es\/wp-json\/wp\/v2\/posts\/240578\/revisions"}],"wp:featuredmedia":[{"embeddable":true,"href":"https:\/\/www.europesays.com\/es\/wp-json\/wp\/v2\/media\/240579"}],"wp:attachment":[{"href":"https:\/\/www.europesays.com\/es\/wp-json\/wp\/v2\/media?parent=240578"}],"wp:term":[{"taxonomy":"category","embeddable":true,"href":"https:\/\/www.europesays.com\/es\/wp-json\/wp\/v2\/categories?post=240578"},{"taxonomy":"post_tag","embeddable":true,"href":"https:\/\/www.europesays.com\/es\/wp-json\/wp\/v2\/tags?post=240578"}],"curies":[{"name":"wp","href":"https:\/\/api.w.org\/{rel}","templated":true}]}}