{"id":240584,"date":"2025-11-17T09:03:10","date_gmt":"2025-11-17T09:03:10","guid":{"rendered":"https:\/\/www.europesays.com\/es\/240584\/"},"modified":"2025-11-17T09:03:10","modified_gmt":"2025-11-17T09:03:10","slug":"el-esfuerzo-de-alcaraz-por-espana-en-la-davis","status":"publish","type":"post","link":"https:\/\/www.europesays.com\/es\/240584\/","title":{"rendered":"El esfuerzo de Alcaraz por Espa\u00f1a en la Davis"},"content":{"rendered":"<p>Caminaba <strong>Alcaraz<\/strong> con la iniciativa en el <a href=\"https:\/\/okdiario.com\/deportes\/sinner-apiada-tocado-alcaraz-revalida-atp-finals-15771031\" target=\"_blank\" rel=\"noopener noreferrer nofollow\">desenlace<\/a> del primer set -restaba para llevarse la primera manga- cuando de pronto\u2026 \u00a1Auch!, not\u00f3 algo y enseguida su gesto <a href=\"https:\/\/okdiario.com\/deportes\/alcaraz-ya-busca-revancha-sinner-descansa-te-espero-ano-que-viene-15771574\" target=\"_blank\" rel=\"noopener noreferrer nofollow\">focalizaba<\/a> la zona. Se llev\u00f3 su mano a la parte posterior de su pierna derecha, ten\u00eda el isquio tocado. Pidi\u00f3 entonces la entrada del m\u00e9dico. \u00abAyer lo not\u00e9, pero pude aguantar. Ahora lo noto otra vez tenso\u00bb, le dijo. Volvi\u00f3 a pistas y se reprodujo el dolor. En ese momento, Alcaraz ten\u00eda el t\u00edtulo de las <strong>ATP Finals<\/strong> y la <a href=\"https:\/\/www.daviscup.com\/es\" rel=\"nofollow noopener\" target=\"_blank\"><strong>Davis<\/strong><\/a> con <strong>Espa\u00f1a<\/strong> en el horizonte.<\/p>\n<p>Y m\u00e1s a medio plazo el <strong>Open de Australia<\/strong>, su <strong>Santo Grial<\/strong>. Volvi\u00f3 <strong>Carlitos<\/strong> a pasar por el taller durante la final contra <strong>Sinner<\/strong> y el remedio fue un aparatoso vendaje. Decidi\u00f3 seguir el murciano, tratar de ignorar lo que pasaba en su pierna y centrarse en lo que ocurre en pista. F\u00e1cil decirlo, complicado llevarlo a la realidad. Afront\u00f3 algo contra\u00eddo los primeros juegos, pero fue solt\u00e1ndose y liber\u00e1ndose. \u00abNo me ha limitado\u00bb, asegura.<\/p>\n<p>M\u00e1s preocupaci\u00f3n tuvo que tener <strong>David Ferrer<\/strong> al ver las dos citas de Alcaraz con el m\u00e9dico en mitad del partido. Al seleccionador nacional, que se encuentra concentrado con parte del equipo en <strong>Bolonia<\/strong> desde el pasado viernes para planificar el asalto a la Davis -del 18 al 23 de noviembre- se le encendieron las alarmas. Como a todos, todo sea dicho. Sin embargo, su final de partido invit\u00f3 al optimismo y sus palabras posteriores redoblaron la sensaci\u00f3n.<\/p>\n<p>\u00abVamos a intentar recuperarnos lo antes posible, espero que no me perjudique para Bolonia\u00bb, coment\u00f3. <strong>Alcaraz se unir\u00e1 a Espa\u00f1a este lunes<\/strong> despu\u00e9s de haber recorrido por carretera los 330 kil\u00f3metros que separan Tur\u00edn de Bolonia. Partir\u00e1 a mediod\u00eda y el viaje ser\u00e1n algo m\u00e1s de tres horas. Ser\u00e1 el martes, en el entrenamiento, cuando podr\u00eda tener sus primeras sensaciones sobre la pista. Alcaraz viaja pendiente de evoluci\u00f3n y con la intenci\u00f3n de representar a Espa\u00f1a.<\/p>\n<p>\u00ab<strong>Voy a dar lo que est\u00e9 en mi mano para jugar la Davis con Espa\u00f1a<\/strong>. Pude correr durante la final contra Sinner y no hacer locuras. Me pude mover y tener fuertes los apoyos\u00bb asegura Alcaraz. El resto de la delegaci\u00f3n espa\u00f1ola ya se encuentra en la ciudad italiana. <strong>Munar<\/strong>, <strong>Carre\u00f1o<\/strong> y <strong>Pedro Mart\u00ednez<\/strong> aterrizaron junto al grueso de la expedici\u00f3n el pasado viernes y Granollers, el otro espa\u00f1ol que compet\u00eda en las <strong>ATP Finals<\/strong>, se incorpor\u00f3 este domingo.<\/p>\n","protected":false},"excerpt":{"rendered":"Caminaba Alcaraz con la iniciativa en el desenlace del primer set -restaba para llevarse la primera manga- cuando&hellip;\n","protected":false},"author":2,"featured_media":240585,"comment_status":"","ping_status":"","sticky":false,"template":"","format":"standard","meta":{"footnotes":""},"categories":[274],"tags":[168,25,24,23,167,327,326],"class_list":{"0":"post-240584","1":"post","2":"type-post","3":"status-publish","4":"format-standard","5":"has-post-thumbnail","7":"category-tenis","8":"tag-deportes","9":"tag-es","10":"tag-espana","11":"tag-spain","12":"tag-sports","13":"tag-tenis","14":"tag-tennis"},"share_on_mastodon":{"url":"https:\/\/pubeurope.com\/@es\/115564236367614545","error":""},"_links":{"self":[{"href":"https:\/\/www.europesays.com\/es\/wp-json\/wp\/v2\/posts\/240584","targetHints":{"allow":["GET"]}}],"collection":[{"href":"https:\/\/www.europesays.com\/es\/wp-json\/wp\/v2\/posts"}],"about":[{"href":"https:\/\/www.europesays.com\/es\/wp-json\/wp\/v2\/types\/post"}],"author":[{"embeddable":true,"href":"https:\/\/www.europesays.com\/es\/wp-json\/wp\/v2\/users\/2"}],"replies":[{"embeddable":true,"href":"https:\/\/www.europesays.com\/es\/wp-json\/wp\/v2\/comments?post=240584"}],"version-history":[{"count":0,"href":"https:\/\/www.europesays.com\/es\/wp-json\/wp\/v2\/posts\/240584\/revisions"}],"wp:featuredmedia":[{"embeddable":true,"href":"https:\/\/www.europesays.com\/es\/wp-json\/wp\/v2\/media\/240585"}],"wp:attachment":[{"href":"https:\/\/www.europesays.com\/es\/wp-json\/wp\/v2\/media?parent=240584"}],"wp:term":[{"taxonomy":"category","embeddable":true,"href":"https:\/\/www.europesays.com\/es\/wp-json\/wp\/v2\/categories?post=240584"},{"taxonomy":"post_tag","embeddable":true,"href":"https:\/\/www.europesays.com\/es\/wp-json\/wp\/v2\/tags?post=240584"}],"curies":[{"name":"wp","href":"https:\/\/api.w.org\/{rel}","templated":true}]}}