{"id":240590,"date":"2025-11-17T09:07:15","date_gmt":"2025-11-17T09:07:15","guid":{"rendered":"https:\/\/www.europesays.com\/es\/240590\/"},"modified":"2025-11-17T09:07:15","modified_gmt":"2025-11-17T09:07:15","slug":"dubasin-lidera-a-un-sporting-con-3-notables-y-4-suspensos-contra-el-eibar","status":"publish","type":"post","link":"https:\/\/www.europesays.com\/es\/240590\/","title":{"rendered":"Dubasin lidera a un Sporting con\u00a03 notables y\u00a04 suspensos contra el\u00a0Eibar"},"content":{"rendered":"<p>\t\t\t\t\t\tArt\u00edculo de opini\u00f3n<br \/>\n\t\t\t\t\t\t<strong>16 nov 2025<\/strong> . Actualizado a las 22:17 h.\t\t\t\t\t\t<\/p>\n<p class=\"ladillo\">El mejor<\/p>\n<p class=\"txt\"><strong>Dubasin,\u00a07 puntos.<\/strong>\u00a0Provoc\u00f3 un nuevo penalti y adem\u00e1s lo marc\u00f3. Lo intent\u00f3 de forma constante en ataque, tanto a nivel individual como haciendo jugar al equipo.<\/p>\n<p class=\"ladillo\">Defensa<\/p>\n<p class=\"txt\"><strong>Y\u00e1\u00f1ez, 7 puntos. <\/strong>Meti\u00f3 alguna buena mano de m\u00e9rito y en el gol encajado no pudo hacer mucho m\u00e1s, viene precedido de un rebote que le despista.<\/p>\n<p class=\"txt\"><strong>Diego S\u00e1nchez,\u00a04\u00a0puntos.<\/strong>\u00a0No dio excesiva seguridad defensiva, ni tampoco con el bal\u00f3n en los pies.<\/p>\n<p class=\"txt\"><strong>Perrin,\u00a06 puntos.<\/strong>\u00a0Luces y sombras. Se notaron las carencias en algunas jugadas y en otras fases del partido las compens\u00f3 con determinaci\u00f3n.<\/p>\n<p class=\"txt\"><strong>Pablo V\u00e1zquez,\u00a05\u00a0puntos. <\/strong>Aprobado muy raspado en un papel similar al de su pareja de baile, pero sin ese paso adelante.<\/p>\n<p class=\"txt\"><strong>Guille Rosas, 4 puntos.<\/strong>\u00a0Algo mejor que Diego por el flanco contrario, pero no lo suficiente para aprobar. No marc\u00f3 diferencias ni atacando ni defendiendo.<\/p>\n<p class=\"txt\">&#13;<br \/>\n\t\t&#13;<br \/>\n\t\t\t&#13;<br \/>\n\t\t&#13;<br \/>\n\t\t&#13;<br \/>\n\t\t&#13;<br \/>\n\t\t\t\t\t\t\t\t\t\t\t\t&#13;<br \/>\n\t\t\t\t\t\t\t\t&#13;<br \/>\n&#13;<br \/>\n&#13;<\/p>\n<p>\t\t\t&#13;<br \/>\n\t&#13;<\/p>\n<p>\t\t\t<a href=\"https:\/\/www.lavozdeasturias.es\/noticia\/sporting1905\/2025\/11\/15\/tras-rechazar-sporting-pires-ficha-club-cuarta-division-brasil\/00031763200335156527486.htm\" data-analytics=\"link-embed\" rel=\"nofollow noopener\" target=\"_blank\">Tras rechazar al Sporting, Pires ficha por un club de cuarta divisi\u00f3n de Brasil al quedarse sin equipo<\/a><\/p>\n<p class=\"a-min-author\">La Voz<\/p>\n<p>\t&#13;<br \/>\n\t&#13;<br \/>\n&#13;<br \/>\n\t\t\t\t&#13;<br \/>\n\t\t\t\t&#13;<br \/>\n\t&#13;<br \/>\n\t\t\t&#13;<br \/>\n\t\t\t&#13;<br \/>\n\t\t&#13;\n<\/p>\n<p class=\"ladillo\">Mediocampo<\/p>\n<p class=\"txt\"><strong>\u00c1lex Corredera, 5 puntos<\/strong>. Aprobado raspado, no estuvo fino en los pases, ni tampoco bien colocado en varias situaciones defensivas, pese a sus esfuerzos f\u00edsicos por corregirlo.<\/p>\n<p class=\"txt\"><strong>Nacho Mart\u00edn,\u00a05\u00a0puntos<\/strong>. Mejor que Corredera pasando balones y peor en tareas destructivas.<\/p>\n<p class=\"txt\"><strong>C\u00e9sar Gelabert,\u00a07\u00a0puntos.<\/strong>\u00a0El socio m\u00e1s habitual de Dubasin en las intentonas ofensivas. Adem\u00e1s tuvo sacrificio defensivo.<\/p>\n<p class=\"txt\">*Recibe <strong>gratis en tu m\u00f3vil la \u00faltima hora del Sporting<\/strong> con el canal de Whatsapp de Sporting1905 haciendo clic en el siguiente enlace; una vez dentro pulsa el bot\u00f3n &#8216;seguir&#8217;, que aparece arriba a la derecha de tu pantalla, y posteriormente pulsa en el s\u00edmbolo de una campana tachada para recibir la notificaci\u00f3n de las noticias.<\/p>\n<p class=\"txt\"><a class=\"link-txt\" href=\"https:\/\/whatsapp.com\/channel\/0029Va7xXgQAYlUDFojsLu3m\" target=\"_blank\" rel=\"nofollow noopener\">Haz clic aqu\u00ed para entrar al canal gratuito.<\/a><\/p>\n<p class=\"ladillo\">Delantera<\/p>\n<p class=\"txt\"><strong>Gaspar Campos,\u00a05 puntos<\/strong>. Tuvo mejores intenciones que acciones, a la hora de la verdad se le apag\u00f3 la bombilla cuando tocaba dar el pase o tirar a porter\u00eda.<\/p>\n<p class=\"txt\"><strong>Amadou, 4 puntos.<\/strong>\u00a0Bien en las disputas cuerpeando contra los rivales, mal a la hora de conectar con sus compa\u00f1eros y generar peligro en el \u00e1rea.<\/p>\n<p class=\"ladillo\">Tambi\u00e9n han jugado (nota en base al contexto de haber disputado menos minutos y con el encuentro empezado)<\/p>\n<p class=\"txt\"><strong>Jordy Caicedo, 4 puntos.<\/strong>\u00a0Sali\u00f3 con ganas, aunque no logr\u00f3 generar peligro.<\/p>\n<p class=\"txt\">&#13;<br \/>\n\t\t&#13;<br \/>\n\t\t\t&#13;<br \/>\n\t\t&#13;<br \/>\n\t\t&#13;<br \/>\n\t\t&#13;<br \/>\n\t\t\t\t\t\t\t\t\t\t\t\t&#13;<br \/>\n\t\t\t\t\t\t\t\t&#13;<br \/>\n&#13;<br \/>\n&#13;<\/p>\n<p>\t\t\t&#13;<br \/>\n\t&#13;<\/p>\n<p>\t\t\t<a href=\"https:\/\/www.lavozdeasturias.es\/noticia\/sporting1905\/2025\/11\/14\/athletic-valora-salida-izeta-seguido-sporting\/00031763133759875532471.htm\" data-analytics=\"link-embed\" rel=\"nofollow noopener\" target=\"_blank\">El Athletic valora la salida de Izeta, seguido por el Sporting<\/a><\/p>\n<p class=\"a-min-author\">\n<p>\t\t\t\t\t\t\t\t\t\t\tDani Souto<\/p>\n<p>\t&#13;<br \/>\n\t&#13;<br \/>\n&#13;<br \/>\n\t\t\t\t&#13;<br \/>\n\t\t\t\t&#13;<br \/>\n\t&#13;<br \/>\n\t\t\t&#13;<br \/>\n\t\t\t&#13;<br \/>\n\t\t&#13;\n<\/p>\n<p class=\"txt\"><strong>Nico Riestra, 5 puntos. <\/strong>En el contexto de su debut, dio continuidad al juego ofensivo y se movi\u00f3 bien sin bal\u00f3n.<\/p>\n<p class=\"txt\"><strong>Justin Smith, s.c.<\/strong><\/p>\n<p>&#13;<br \/>\n\tArchivado en:&#13;<br \/>\n\t\t\t\t\t<a href=\"https:\/\/www.lavozdeasturias.es\/temas\/sporting-de-gijon\/\" target=\"_blank\" class=\"mg-l\" rel=\"nofollow noopener\">Sporting de Gij\u00f3n<\/a>&#13;<br \/>\n\t&#13;<\/p>\n","protected":false},"excerpt":{"rendered":"Art\u00edculo de opini\u00f3n 16 nov 2025 . Actualizado a las 22:17 h. El mejor Dubasin,\u00a07 puntos.\u00a0Provoc\u00f3 un nuevo&hellip;\n","protected":false},"author":2,"featured_media":240591,"comment_status":"","ping_status":"","sticky":false,"template":"","format":"standard","meta":{"footnotes":""},"categories":[268],"tags":[168,25,24,280,282,281,23,4783,167],"class_list":{"0":"post-240590","1":"post","2":"type-post","3":"status-publish","4":"format-standard","5":"has-post-thumbnail","7":"category-futbol","8":"tag-deportes","9":"tag-es","10":"tag-espana","11":"tag-football","12":"tag-futbol","13":"tag-soccer","14":"tag-spain","15":"tag-sporting-de-gijon","16":"tag-sports"},"share_on_mastodon":{"url":"https:\/\/pubeurope.com\/@es\/115564252118804477","error":""},"_links":{"self":[{"href":"https:\/\/www.europesays.com\/es\/wp-json\/wp\/v2\/posts\/240590","targetHints":{"allow":["GET"]}}],"collection":[{"href":"https:\/\/www.europesays.com\/es\/wp-json\/wp\/v2\/posts"}],"about":[{"href":"https:\/\/www.europesays.com\/es\/wp-json\/wp\/v2\/types\/post"}],"author":[{"embeddable":true,"href":"https:\/\/www.europesays.com\/es\/wp-json\/wp\/v2\/users\/2"}],"replies":[{"embeddable":true,"href":"https:\/\/www.europesays.com\/es\/wp-json\/wp\/v2\/comments?post=240590"}],"version-history":[{"count":0,"href":"https:\/\/www.europesays.com\/es\/wp-json\/wp\/v2\/posts\/240590\/revisions"}],"wp:featuredmedia":[{"embeddable":true,"href":"https:\/\/www.europesays.com\/es\/wp-json\/wp\/v2\/media\/240591"}],"wp:attachment":[{"href":"https:\/\/www.europesays.com\/es\/wp-json\/wp\/v2\/media?parent=240590"}],"wp:term":[{"taxonomy":"category","embeddable":true,"href":"https:\/\/www.europesays.com\/es\/wp-json\/wp\/v2\/categories?post=240590"},{"taxonomy":"post_tag","embeddable":true,"href":"https:\/\/www.europesays.com\/es\/wp-json\/wp\/v2\/tags?post=240590"}],"curies":[{"name":"wp","href":"https:\/\/api.w.org\/{rel}","templated":true}]}}