{"id":240596,"date":"2025-11-17T09:14:20","date_gmt":"2025-11-17T09:14:20","guid":{"rendered":"https:\/\/www.europesays.com\/es\/240596\/"},"modified":"2025-11-17T09:14:20","modified_gmt":"2025-11-17T09:14:20","slug":"portugal-logro-el-pasaje-al-mundial-2026-la-lista-de-clasificados-a-la-copa-del-mundo-y-el-record-que-podria-alcanzar-cristiano-ronaldo","status":"publish","type":"post","link":"https:\/\/www.europesays.com\/es\/240596\/","title":{"rendered":"Portugal logr\u00f3 el pasaje al Mundial 2026: la lista de clasificados a la Copa del Mundo y el r\u00e9cord que podr\u00eda alcanzar Cristiano Ronaldo"},"content":{"rendered":"<p class=\"paragraph\">La selecci\u00f3n de <b>Portugal<\/b> logr\u00f3 <b>su clasificaci\u00f3n al Mundial 2026<\/b> tras vencer a <b>Armenia 9-1 <\/b>en Oporto, en una jornada marcada por la ausencia de <b>Cristiano Ronaldo<\/b> por sanci\u00f3n, pero con una actuaci\u00f3n contundente del equipo dirigido por <b>Roberto Mart\u00ednez<\/b>. El resultado coloc\u00f3 al conjunto luso en<b> su s\u00e9ptima Copa del Mundo consecutiva,<\/b> una racha que se mantiene ininterrumpida desde 2002.<\/p>\n<p class=\"paragraph\">El partido disputado en el estadio Do Dragao se defini\u00f3 r\u00e1pidamente a favor de <b>Portugal<\/b>. El defensor <b>Renato Veiga<\/b> abri\u00f3 el marcador en el minuto 7 tras rematar un despeje del portero armenio, debutando como goleador en la selecci\u00f3n mayor. La reacci\u00f3n de <b>Armenia<\/b> lleg\u00f3 en el minuto 18, cuando <b>Spertsyan<\/b> igual\u00f3 el resultado aprovechando una distracci\u00f3n defensiva. Sin embargo, la paridad dur\u00f3 poco: <b>Goncalo Ramos<\/b>, delantero del <b>Paris Saint-Germain (PSG)<\/b>, intercept\u00f3 una cesi\u00f3n errada de la zaga rival para poner el 2-1 a los 28 minutos.<\/p>\n<p class=\"paragraph\">La superioridad de la selecci\u00f3n local se hizo m\u00e1s notoria con el primer tanto de <b>Joao Neves<\/b> en el minuto 30, seguido por un segundo gol del mismo jugador, esta vez de tiro libre directo. Antes de terminar el primer tiempo, el \u00e1rbitro sancion\u00f3 penal tras una infracci\u00f3n sobre <b>Dias<\/b> y <b>Bruno Fernandes<\/b> convirti\u00f3 el quinto gol para los portugueses. Con el 5-1 en el entretiempo, el encuentro tom\u00f3 rumbo de goleada.<\/p>\n<p><img alt=\"Portugal se impuso a Armenia\" class=\"global-image\" decoding=\"async\" fetchpriority=\"low\" height=\"2186\" loading=\"lazy\" src=\"https:\/\/www.europesays.com\/es\/wp-content\/uploads\/2025\/11\/N5SXPI56TJAJJOB7KPZH7R5UDM.JPG\" width=\"3186\"\/>Portugal se impuso a Armenia y se clasific\u00f3 al Mundial (Reuters)<\/p>\n<p class=\"paragraph\">Ya en la segunda mitad, <b>Bruno Fernandes<\/b> ampli\u00f3 su cuenta personal luego de recibir asistencia de <b>Goncalo Ramos<\/b>, y volvi\u00f3 a marcar tras otro penal cobrado por el \u00e1rbitro. El debutante <b>Forbs<\/b>, extremo del <b>Brujas<\/b>, se estren\u00f3 con la camiseta n\u00famero 7 que tradicionalmente porta <b>Cristiano Ronaldo<\/b>, aportando velocidad y protagonismo al ataque. <b>Joao Neves<\/b> sum\u00f3 el octavo tanto portugu\u00e9s, firmando as\u00ed su triplete, y <b>Francisco Conceicao<\/b> sell\u00f3 el resultado definitivo en tiempo de descuento.<\/p>\n<p class=\"paragraph\">La holgada victoria certifica <b>la presencia de Portugal en la Copa del Mundo de 2026<\/b>, el torneo que se disputar\u00e1 en <b>Estados Unidos<\/b>, <b>M\u00e9xico<\/b> y <b>Canad\u00e1<\/b>. Solo falta definir seis plazas para el certamen, mientras el sorteo de grupos tendr\u00e1 lugar el 5 de diciembre en Washington DC. El encuentro estuvo marcado no solo por la exhibici\u00f3n ofensiva del conjunto luso, sino tambi\u00e9n por el homenaje a <b>Diogo Jota<\/b>, ex futbolista portugu\u00e9s, en el minuto 21. Los aficionados respondieron con una ovaci\u00f3n emotiva pese a la intensa lluvia en Oporto.<\/p>\n<p class=\"paragraph\">La ausencia de <b>Cristiano Ronaldo<\/b>, quien <a href=\"https:\/\/www.infobae.com\/deportes\/2025\/11\/13\/codazo-expulsion-y-gestos-provocativos-a-la-tribuna-el-minuto-de-furia-de-cristiano-ronaldo-en-irlanda-portugal\/\" target=\"_blank\" rel=\"noreferrer nofollow noopener\" title=\"https:\/\/www.infobae.com\/deportes\/2025\/11\/13\/codazo-expulsion-y-gestos-provocativos-a-la-tribuna-el-minuto-de-furia-de-cristiano-ronaldo-en-irlanda-portugal\/\">cumpli\u00f3 sanci\u00f3n por una tarjeta roja recibida frente a <b>Irlanda<\/b><\/a>, no impidi\u00f3 que el equipo demostrara un alto nivel colectivo. El capit\u00e1n tendr\u00e1<b> oportunidad de disputar su sexto Mundial<\/b>, una haza\u00f1a que solo ser\u00e1 alcanzada por <b>Leo <\/b><b>Messi<\/b>. Fuentes cercanas al entorno del jugador consideran que la clasificaci\u00f3n a la edici\u00f3n de 2026 le permitir\u00e1 a <b>Cristiano Ronaldo<\/b> ampliar su legado en el f\u00fatbol internacional.<\/p>\n<p class=\"paragraph\">La campa\u00f1a de<b> Ronaldo<\/b> en los mundiales anteriores ha dejado un saldo de<b> cinco participaciones y ocho goles<\/b>, situ\u00e1ndose entre los futbolistas m\u00e1s veteranos en alcanzar la m\u00e1xima cantidad de torneos disputados. <\/p>\n<p><img alt=\"Ronaldo podr\u00eda jugar su sexto\" class=\"global-image\" decoding=\"async\" fetchpriority=\"low\" height=\"1836\" loading=\"lazy\" src=\"https:\/\/www.europesays.com\/es\/wp-content\/uploads\/2025\/11\/YU2P7ZEKDFBRBMXBSPC2IYH6LI.JPG\" width=\"2553\"\/>Ronaldo podr\u00eda jugar su sexto Mundial (Reuters)<\/p>\n<p class=\"paragraph\">Hasta la fecha, <b>Portugal<\/b> ha participado en<b> ocho Copas del Mundo <\/b>y su mejor resultado fue en 1966, cuando la generaci\u00f3n liderada por <b>Eus\u00e9bio<\/b> alcanz\u00f3 el tercer lugar. El desaf\u00edo actual consiste en mejorar esa marca hist\u00f3rica y presentar, bajo el mando de Roberto Mart\u00ednez, un equipo que pueda competir con las principales potencias del f\u00fatbol mundial.<\/p>\n<p class=\"paragraph\">El proceso clasificatorio hacia el Mundial 2026 ya entreg\u00f3<b> 31 de 48 cupos disponibles<\/b>, mientras contin\u00faan en disputa las plazas de repechaje en distintas confederaciones. En esa l\u00ednea, <b>Irlanda <\/b>accedi\u00f3 al repechaje europeo tras superar a <b>Hungr\u00eda<\/b> por <b>3-2<\/b> y quedar segunda por debajo de Portugal en el Grupo F.<\/p>\n<p class=\"paragraph\"><b>\u2022 Conmebol (6\/6)<\/b>: Argentina, Ecuador, Colombia, Uruguay, Brasil y Paraguay<\/p>\n<p class=\"paragraph\"><b>\u2022 Concacaf (3\/6)<\/b>: M\u00e9xico*, Estados Unidos* y Canad\u00e1*<\/p>\n<p class=\"paragraph\"><b>\u2022 \u00c1frica (9\/9)<\/b>: Marruecos, T\u00fanez, Egipto, Argelia, Ghana, Cabo Verde, Sud\u00e1frica, Costa de Marfil y Senegal<\/p>\n<p class=\"paragraph\"><b>\u2022 Asia (8\/8)<\/b>: Jap\u00f3n, Ir\u00e1n, Uzbekist\u00e1n, Corea del Sur, Jordania, Australia, Qatar y Arabia Saudita<\/p>\n<p class=\"paragraph\"><b>\u2022 Ocean\u00eda (1\/1)<\/b>: Nueva Zelanda<\/p>\n<p class=\"paragraph\"><b>\u2022 Europa (4\/12)<\/b>: Inglaterra, Francia, Croacia y Portugal<\/p>\n<p class=\"paragraph\">* Pa\u00edses organizadores<\/p>\n<p><img alt=\"El trofeo de la Copa\" class=\"global-image\" decoding=\"async\" fetchpriority=\"low\" height=\"1431\" loading=\"lazy\" src=\"https:\/\/www.europesays.com\/es\/wp-content\/uploads\/2025\/11\/IY6PR5UPVBAU7OULU7MTNZOZHU.JPG\" width=\"2544\"\/>El trofeo de la Copa del Mundo de la FIFA (REUTERS\/Jonathan Ernst)<\/p>\n<p class=\"paragraph\"><b>\u2022 Conmebol (1\/1)<\/b>: Bolivia<\/p>\n<p class=\"paragraph\"><b>\u2022 Ocean\u00eda (1\/1)<\/b>: Nueva Caledonia<\/p>\n<p class=\"paragraph\"><b>\u2022 \u00c1frica (0\/1)<\/b>: Nigeria-Gab\u00f3n o Camer\u00fan-Rep\u00fablica Democr\u00e1tica del Congo<\/p>\n<p class=\"paragraph\"><b>\u2022 Asia (0\/1)<\/b>: Emiratos \u00c1rabes Unidos o Irak<\/p>\n<p class=\"paragraph\"><b>\u2022 Concacaf (0\/2)<\/b>:<\/p>\n<p class=\"paragraph\">* Dos selecciones de las seis que jugar\u00e1n el Repechaje se clasificar\u00e1n al Mundial<\/p>\n<p class=\"paragraph\"><b>\u2022 Europa (1\/16)<\/b>: Irlanda<\/p>\n<p class=\"paragraph\">Clasificar\u00e1n los 12 segundos de los grupos y 4 de la clasificaci\u00f3n de la Nations League que no hayan quedado ni primero ni segundo de las Eliminatorias UEFA: Se definir\u00e1n los \u00faltimos 4 boletos al Mundial para esta federaci\u00f3n.<\/p>\n<p><img alt=\"La lista de los 31\" class=\"global-image\" decoding=\"async\" fetchpriority=\"low\" height=\"1350\" loading=\"lazy\" src=\"https:\/\/www.europesays.com\/es\/wp-content\/uploads\/2025\/11\/43U4ZVNCQ5G3BCZOXAXY7VTDIA.png\" width=\"1080\"\/>La lista de los 31 clasificados al Mundial 2026<\/p>\n","protected":false},"excerpt":{"rendered":"La selecci\u00f3n de Portugal logr\u00f3 su clasificaci\u00f3n al Mundial 2026 tras vencer a Armenia 9-1 en Oporto, en&hellip;\n","protected":false},"author":2,"featured_media":240597,"comment_status":"","ping_status":"","sticky":false,"template":"","format":"standard","meta":{"footnotes":""},"categories":[93],"tags":[168,25,24,406,281,23,3020,167],"class_list":{"0":"post-240596","1":"post","2":"type-post","3":"status-publish","4":"format-standard","5":"has-post-thumbnail","7":"category-deportes","8":"tag-deportes","9":"tag-es","10":"tag-espana","11":"tag-europe","12":"tag-soccer","13":"tag-spain","14":"tag-sport","15":"tag-sports"},"share_on_mastodon":{"url":"https:\/\/pubeurope.com\/@es\/115564279820149835","error":""},"_links":{"self":[{"href":"https:\/\/www.europesays.com\/es\/wp-json\/wp\/v2\/posts\/240596","targetHints":{"allow":["GET"]}}],"collection":[{"href":"https:\/\/www.europesays.com\/es\/wp-json\/wp\/v2\/posts"}],"about":[{"href":"https:\/\/www.europesays.com\/es\/wp-json\/wp\/v2\/types\/post"}],"author":[{"embeddable":true,"href":"https:\/\/www.europesays.com\/es\/wp-json\/wp\/v2\/users\/2"}],"replies":[{"embeddable":true,"href":"https:\/\/www.europesays.com\/es\/wp-json\/wp\/v2\/comments?post=240596"}],"version-history":[{"count":0,"href":"https:\/\/www.europesays.com\/es\/wp-json\/wp\/v2\/posts\/240596\/revisions"}],"wp:featuredmedia":[{"embeddable":true,"href":"https:\/\/www.europesays.com\/es\/wp-json\/wp\/v2\/media\/240597"}],"wp:attachment":[{"href":"https:\/\/www.europesays.com\/es\/wp-json\/wp\/v2\/media?parent=240596"}],"wp:term":[{"taxonomy":"category","embeddable":true,"href":"https:\/\/www.europesays.com\/es\/wp-json\/wp\/v2\/categories?post=240596"},{"taxonomy":"post_tag","embeddable":true,"href":"https:\/\/www.europesays.com\/es\/wp-json\/wp\/v2\/tags?post=240596"}],"curies":[{"name":"wp","href":"https:\/\/api.w.org\/{rel}","templated":true}]}}