{"id":240598,"date":"2025-11-17T09:15:28","date_gmt":"2025-11-17T09:15:28","guid":{"rendered":"https:\/\/www.europesays.com\/es\/240598\/"},"modified":"2025-11-17T09:15:28","modified_gmt":"2025-11-17T09:15:28","slug":"cancer-de-pulmon-uno-de-cada-20-diagnosticos-de-cancer-de-pulmon-ya-se-produce-antes-de-los-50-anos-rompe-con-el-patron-clasico","status":"publish","type":"post","link":"https:\/\/www.europesays.com\/es\/240598\/","title":{"rendered":"C\u00c1NCER DE PULM\u00d3N | Uno de cada 20 diagn\u00f3sticos de c\u00e1ncer de pulm\u00f3n ya se produce antes de los 50 a\u00f1os: \u00abRompe con el patr\u00f3n cl\u00e1sico\u00bb"},"content":{"rendered":"<p class=\"ft-text ft-helper-closenews\">Uno de cada 20 diagn\u00f3sticos de <a class=\"ft-link ft-link--decoration\" href=\"https:\/\/www.diariodemallorca.es\/tags\/cancer-de-pulmon\/\" rel=\"nofollow noopener\" target=\"_blank\"><strong>c\u00e1ncer de pulm\u00f3n<\/strong><\/a><strong> <\/strong>ya se produce <strong>antes de los 50 a\u00f1os<\/strong>, lo que refuerza la necesidad de estrategias de prevenci\u00f3n temprana y <strong>detecci\u00f3n precoz<\/strong>. \u00abEstamos viendo un <strong>incremento de diagn\u00f3sticos<\/strong> de c\u00e1ncer de pulm\u00f3n <strong>en personas m\u00e1s j\u00f3venes<\/strong>, algo especialmente preocupante porque<strong> rompe con el patr\u00f3n cl\u00e1sico<\/strong> de una enfermedad asociada a edades avanzadas\u00bb, se\u00f1ala el doctor <strong>Mariano Provencio<\/strong>, presidente del Grupo Espa\u00f1ol de C\u00e1ncer de Pulm\u00f3n (GECP).<\/p>\n<p class=\"ft-text\">Con motivo del <strong>D\u00eda Mundial del C\u00e1ncer de Pulm\u00f3n<\/strong>, que se celebra este lunes, el GECP, formado por m\u00e1s de 700 especialistas y <strong>190 centros hospitalarios<\/strong> de toda Espa\u00f1a, lanza la campa\u00f1a &#8216;Datograf\u00eda del c\u00e1ncer de pulm\u00f3n&#8217;, que busca poner rostro y datos al impacto social de esta enfermedad. El proyecto se apoya en el<strong> Registro de Tumores Tor\u00e1cicos<\/strong> (RTT) del GECP, que re\u00fane informaci\u00f3n cl\u00ednica y demogr\u00e1fica de <strong>m\u00e1s de 40.000 pacientes<\/strong>, convirti\u00e9ndose en la base de datos sobre la patolog\u00eda m\u00e1s extensa de Espa\u00f1a y una de las m\u00e1s grandes de Europa.<\/p>\n<p>Rostro de mujer<\/p>\n<p class=\"ft-text\"><strong>Con los datos del Registro<\/strong>, los especialistas de pulm\u00f3n ponen el foco en el impacto de la neoplasia, que sigue creciendo en mortalidad, espoleada por una mayor incidencia <strong>entre el sexo femenino<\/strong>, se\u00f1alan. As\u00ed, sigue siendo un tumor con rostro mayoritariamente masculino, pero con incidencia creciente en mujeres.<\/p>\n<p class=\"ft-text\">De los 32.610 pacientes con c\u00e1ncer de pulm\u00f3n no microc\u00edtico (CPNM) registrados por el GECP, el 72,2% son varones y el 27,8% mujeres. \u00abAunque el perfil masculino sigue predominando, la incidencia femenina contin\u00faa en aumento, especialmente en <strong>mujeres j\u00f3venes no fumadoras<\/strong> con tumores de tipo adenocarcinoma o con mutaciones gen\u00f3micas tratables\u00bb detalla el doctor Provencio.<\/p>\n<p class=\"ft-text\">Seg\u00fan datos del INE, el c\u00e1ncer de pulm\u00f3n es el tumor m\u00e1s mortal, <strong>con 23.239 fallecimientos en 2024,<\/strong> lo que supone un aumento del 1,9\u202f% respecto al a\u00f1o anterior. De estas muertes, 6.679 correspondieron <strong>a mujeres<\/strong>, lo que representa un incremento del 7\u202f% interanual en la mortalidad femenina asociada a esta patolog\u00eda. \u00abEspa\u00f1a el pa\u00eds occidental donde m\u00e1s crece el c\u00e1ncer de pulm\u00f3n femenino\u00bb, asegura Provencio.<\/p>\n<p>Estadio avanzado<\/p>\n<p class=\"ft-text\">Seg\u00fan datos del Registro, el grupo m\u00e1s numeroso de pacientes (34,3%) se diagnostica entre los 60 y 70 a\u00f1os, seguido por los de 70\u201380 a\u00f1os (28,2%). Los especialistas tambi\u00e9n destacan que, pese a haber experimentado una leve mejor\u00eda en los \u00faltimos a\u00f1os, todav\u00eda m\u00e1s de la mitad de los pacientes son diagnosticados <strong>en fases avanzadas. <\/strong><\/p>\n<p class=\"ft-text\">Como detalla <strong>Bartomeu Massuti,<\/strong> secretario del GECP, \u00abm\u00e1s de la mitad de los pacientes (56%) llegan al diagn\u00f3stico en estadio III o IV, cuando las opciones de curaci\u00f3n son m\u00e1s limitadas. Los estadios IVB y IVA son los m\u00e1s frecuentes, mientras que solo un 10%<strong> se detectan en fases tempranas<\/strong>\u00ab, apunta.<\/p>\n<p><img decoding=\"async\" src=\"https:\/\/www.europesays.com\/es\/wp-content\/uploads\/2025\/11\/295a28f4-fd45-4738-952c-6417449538a0_alta-libre-aspect-ratio_default_0.jpg\" width=\"1200\" height=\"800\" alt=\"Estantes de un estanco llenos de cajetillas de tabaco.\" class=\"ft-helper-img-rd\" loading=\"lazy\"\/><\/p>\n<p class=\"ft-helper-fontColor-quaternary ft-helper-fontSize-body-S ft-helper-spacer-t-xxs\">Estantes de un estanco llenos de cajetillas de tabaco.  \/ Europa Press<\/p>\n<p class=\"ft-text\">El <a class=\"ft-link ft-link--decoration\" href=\"https:\/\/www.diariodemallorca.es\/tags\/tabaquismo\/\" rel=\"nofollow noopener\" target=\"_blank\"><strong>tabaquismo <\/strong><\/a>sigue presente como causa directa de la enfermedad: el 40,9 % de los pacientes registrados en el RTT eran fumadores activos al ser diagnosticados y el 46,4 % exfumadores, reflejo del impacto acumulado del tabaco. Sin embargo, <strong>m\u00e1s de un 11% de los pacientes nunca han fumado<\/strong>, un grupo que crece de forma sostenida, sobre todo entre mujeres. \u00abLa evidencia apunta a posibles factores ambientales, como la contaminaci\u00f3n atmosf\u00e9rica y a alteraciones gen\u00e9ticas espec\u00edficas\u00bb, asegura Massuti.<\/p>\n<p class=\"ft-text\"><strong>El de pulm\u00f3n<\/strong> es el tumor m\u00e1s letal en Espa\u00f1a: solo 3 de cada 10 pacientes sobreviven a cinco a\u00f1os. Pese a ello, la supervivencia ha mejorado un 12 % en la \u00faltima d\u00e9cada, en buena parte gracias a la investigaci\u00f3n. Las terapias dirigidas y la inmunoterapia han transformado el pron\u00f3stico de este tumor en etapas avanzadas y las nuevas estrategias de tratamiento preoperatorias han alcanzado cifras de respuesta y supervivencia <strong>muy elevadas en estadios iniciales.<\/strong><\/p>\n<p>La supervivencia<\/p>\n<p class=\"ft-text\">Desde el GECP se destaca, finalmente, que s\u00f3lo el 4% de la inversi\u00f3n p\u00fablica en c\u00e1ncer se destina al pulm\u00f3n, pese a ser el m\u00e1s mortal. \u00ab<strong>Invertir en investigaci\u00f3n<\/strong> no es una opci\u00f3n, es una necesidad. Cada nuevo estudio cl\u00ednico abre una puerta a tratamientos m\u00e1s efectivos y a diagn\u00f3sticos m\u00e1s tempranos. La <strong>infrafinanciaci\u00f3n<\/strong> frena los avances\u00bb, afirma el secretario del GECP.<\/p>\n<p class=\"ft-text\">Los datos de RTT del GECP reflejan, adem\u00e1s, que el acceso a pruebas gen\u00f3micas ha mejorado significativamente (m\u00e1s del 80 % de los pacientes acceden en Espa\u00f1a <strong>a pruebas gen\u00f3micas<\/strong>, clave para la medicina personalizada).<\/p>\n<p data-close=\"closedContent\" class=\"subscribeHideForDisplay\">Suscr\u00edbete para seguir leyendo<\/p>\n","protected":false},"excerpt":{"rendered":"Uno de cada 20 diagn\u00f3sticos de c\u00e1ncer de pulm\u00f3n ya se produce antes de los 50 a\u00f1os, lo&hellip;\n","protected":false},"author":2,"featured_media":240599,"comment_status":"","ping_status":"","sticky":false,"template":"","format":"standard","meta":{"footnotes":""},"categories":[92],"tags":[1066,1291,43517,25,24,165,433,681,4044,3256,61974,166,17109,23,4224],"class_list":{"0":"post-240598","1":"post","2":"type-post","3":"status-publish","4":"format-standard","5":"has-post-thumbnail","7":"category-salud","8":"tag-cancer","9":"tag-contaminacion","10":"tag-diagnosticos","11":"tag-es","12":"tag-espana","13":"tag-health","14":"tag-jovenes","15":"tag-medicina","16":"tag-mujeres","17":"tag-pulmon","18":"tag-rompe-patron-clasico","19":"tag-salud","20":"tag-sanidad-publica","21":"tag-spain","22":"tag-tabaco"},"share_on_mastodon":{"url":"https:\/\/pubeurope.com\/@es\/115564283729647837","error":""},"_links":{"self":[{"href":"https:\/\/www.europesays.com\/es\/wp-json\/wp\/v2\/posts\/240598","targetHints":{"allow":["GET"]}}],"collection":[{"href":"https:\/\/www.europesays.com\/es\/wp-json\/wp\/v2\/posts"}],"about":[{"href":"https:\/\/www.europesays.com\/es\/wp-json\/wp\/v2\/types\/post"}],"author":[{"embeddable":true,"href":"https:\/\/www.europesays.com\/es\/wp-json\/wp\/v2\/users\/2"}],"replies":[{"embeddable":true,"href":"https:\/\/www.europesays.com\/es\/wp-json\/wp\/v2\/comments?post=240598"}],"version-history":[{"count":0,"href":"https:\/\/www.europesays.com\/es\/wp-json\/wp\/v2\/posts\/240598\/revisions"}],"wp:featuredmedia":[{"embeddable":true,"href":"https:\/\/www.europesays.com\/es\/wp-json\/wp\/v2\/media\/240599"}],"wp:attachment":[{"href":"https:\/\/www.europesays.com\/es\/wp-json\/wp\/v2\/media?parent=240598"}],"wp:term":[{"taxonomy":"category","embeddable":true,"href":"https:\/\/www.europesays.com\/es\/wp-json\/wp\/v2\/categories?post=240598"},{"taxonomy":"post_tag","embeddable":true,"href":"https:\/\/www.europesays.com\/es\/wp-json\/wp\/v2\/tags?post=240598"}],"curies":[{"name":"wp","href":"https:\/\/api.w.org\/{rel}","templated":true}]}}