{"id":240600,"date":"2025-11-17T09:16:12","date_gmt":"2025-11-17T09:16:12","guid":{"rendered":"https:\/\/www.europesays.com\/es\/240600\/"},"modified":"2025-11-17T09:16:12","modified_gmt":"2025-11-17T09:16:12","slug":"no-podemos-estar-seguros-ni-siquiera-en-casa","status":"publish","type":"post","link":"https:\/\/www.europesays.com\/es\/240600\/","title":{"rendered":"\u00abNo podemos estar seguros ni siquiera en casa\u00bb"},"content":{"rendered":"<p style=\"\">El pasado viernes, 14 de noviembre, el mundo del espect\u00e1culo qued\u00f3 consternado tras salir a la luz el fallecimiento de la cantante y actriz <strong>Encarnita Polo<\/strong>, figura emblem\u00e1tica de la m\u00fasica pop y la copla de los a\u00f1os sesenta y setenta en Espa\u00f1a a  &#8230; los 86 a\u00f1os <a href=\"https:\/\/www.abc.es\/cultura\/musica\/muere-actriz-cantante-encarnita-polo-conocida-cancion-20251114211140-nt.html\" target=\"_self\" data-voc-vtm-id=\"in-text-traffic\" title=\"en la residencia de mayores\" data-mrf-link=\"www.abc.es\" rel=\"nofollow noopener\">en la residencia de mayores<\/a> en \u00c1vila en la que viv\u00eda.<\/p>\n<p class=\"voc-p\" style=\"\">Al parecer, fue otro interno el autor de la muerte la int\u00e9rprete. Fue su hija, <strong>Raquel Waitzman Polo<\/strong>, quien comunic\u00f3 el deceso de la artista en la ciudad castellanoleonesa en un comunicado remitido a los medios. \u00abPara m\u00ed fue, ante todo, mi madre: una mujer fuerte, divertida y con un car\u00e1cter \u00fanico\u00bb, se\u00f1al\u00f3 su hija \u00abcon un dolor inmenso\u00bb en el documento. En el escrito, su hija pidi\u00f3 privacidad para poder \u00abvivir el duelo en silencio y en paz\u00bb y lanz\u00f3 un mensaje de agradecimiento a todos \u00abquienes la admiraron y siguen record\u00e1ndola con cari\u00f1o\u00bb y a quienes la acompa\u00f1an <a href=\"https:\/\/www.abc.es\/cultura\/musica\/muere-actriz-cantante-encarnita-polo-conocida-cancion-20251114211140-nt.html\" target=\"_self\" data-voc-vtm-id=\"in-text-traffic\" title=\"\u00aben este momento tan dif\u00edcil\u00bb.\" data-mrf-link=\"www.abc.es\" rel=\"nofollow noopener\">\u00aben este momento tan dif\u00edcil\u00bb.<\/a><\/p>\n<p>\nReacciones\n<\/p>\n<p class=\"voc-p\" style=\"\">Desde que se conoci\u00f3 la triste noticia, muchos de sus compa\u00f1eros de profesi\u00f3n se han pronunciado al respecto. La \u00faltima ha sido Karina. El programa de televisi\u00f3n \u00a1Vaya fama!, de Telecinco, se ha puesto en contacto con la exrepresentante de Espa\u00f1a en Eurovisi\u00f3n, quien ha confesado que se encuentra sorprendida, afectada y asustada. \u00abMe he quedado de piedra sobre todo lo que acabo de o\u00edr es alucinante <strong>\u00bfQu\u00e9 pasa en las residencias?<\/strong> \u00bfQu\u00e9 pasa en los colegios con el bullying? \u00bfQu\u00e9 pasa en la vida? Ay, por Dios, por Dios, que no podemos estar seguros, ni siquiera en casa. Da mucho miedo\u00bb, ha comenzado diciendo. <\/p>\n<p class=\"voc-p\" style=\"\">Y, aunque en el pasado fueron muy amigas, Karina ha afirmado que no manten\u00edan el contacto desde hac\u00eda muchos a\u00f1os. \u00abHemos coincidido en muchos sitios, compartiendo camerino, compartiendo escenario, compartiendo a veces programas y plat\u00f3s de televisi\u00f3n y siempre ha sido una mujer educada. Era una mujer, yo siempre he dicho, s\u00faper elegante que vest\u00eda sus canciones maravillosamente bien\u00bb, ha recordado. <\/p>\n<p class=\"voc-p\" style=\"\">\u00ab<a href=\"https:\/\/www.abc.es\/cultura\/musica\/muere-actriz-cantante-encarnita-polo-conocida-cancion-20251114211140-nt.html\" target=\"_self\" data-voc-vtm-id=\"in-text-traffic\" title=\"He sentido much\u00edsimo su p\u00e9rdida\" data-mrf-link=\"www.abc.es\" rel=\"nofollow noopener\">He sentido much\u00edsimo su p\u00e9rdida<\/a> y porque me he quedado, ya te digo en shock, me he quedado que no me lo pod\u00eda creer. Siempre ha sido una mujer con much\u00edsimo \u00e1nimo, ha visto el vaso de la vida medio lleno en vez de medio vac\u00edo, y eso, bueno, dec\u00eda mucho de ella\u00bb, se ha lamentado finalmente.      <\/p>\n","protected":false},"excerpt":{"rendered":"El pasado viernes, 14 de noviembre, el mundo del espect\u00e1culo qued\u00f3 consternado tras salir a la luz el&hellip;\n","protected":false},"author":2,"featured_media":240601,"comment_status":"","ping_status":"","sticky":false,"template":"","format":"standard","meta":{"footnotes":""},"categories":[91],"tags":[385,61345,146,147,25,24,1141,3956,32324,5486,4920,6067,5425,10741,61975,23,575],"class_list":{"0":"post-240600","1":"post","2":"type-post","3":"status-publish","4":"format-standard","5":"has-post-thumbnail","7":"category-entretenimiento","8":"tag-casa","9":"tag-encarnita","10":"tag-entertainment","11":"tag-entretenimiento","12":"tag-es","13":"tag-espana","14":"tag-estar","15":"tag-gran","16":"tag-karina","17":"tag-miedo","18":"tag-muerte","19":"tag-podemos","20":"tag-polo","21":"tag-seguros","22":"tag-siquiera","23":"tag-spain","24":"tag-tras"},"share_on_mastodon":{"url":"https:\/\/pubeurope.com\/@es\/115564287511162827","error":""},"_links":{"self":[{"href":"https:\/\/www.europesays.com\/es\/wp-json\/wp\/v2\/posts\/240600","targetHints":{"allow":["GET"]}}],"collection":[{"href":"https:\/\/www.europesays.com\/es\/wp-json\/wp\/v2\/posts"}],"about":[{"href":"https:\/\/www.europesays.com\/es\/wp-json\/wp\/v2\/types\/post"}],"author":[{"embeddable":true,"href":"https:\/\/www.europesays.com\/es\/wp-json\/wp\/v2\/users\/2"}],"replies":[{"embeddable":true,"href":"https:\/\/www.europesays.com\/es\/wp-json\/wp\/v2\/comments?post=240600"}],"version-history":[{"count":0,"href":"https:\/\/www.europesays.com\/es\/wp-json\/wp\/v2\/posts\/240600\/revisions"}],"wp:featuredmedia":[{"embeddable":true,"href":"https:\/\/www.europesays.com\/es\/wp-json\/wp\/v2\/media\/240601"}],"wp:attachment":[{"href":"https:\/\/www.europesays.com\/es\/wp-json\/wp\/v2\/media?parent=240600"}],"wp:term":[{"taxonomy":"category","embeddable":true,"href":"https:\/\/www.europesays.com\/es\/wp-json\/wp\/v2\/categories?post=240600"},{"taxonomy":"post_tag","embeddable":true,"href":"https:\/\/www.europesays.com\/es\/wp-json\/wp\/v2\/tags?post=240600"}],"curies":[{"name":"wp","href":"https:\/\/api.w.org\/{rel}","templated":true}]}}