{"id":240621,"date":"2025-11-17T09:34:14","date_gmt":"2025-11-17T09:34:14","guid":{"rendered":"https:\/\/www.europesays.com\/es\/240621\/"},"modified":"2025-11-17T09:34:14","modified_gmt":"2025-11-17T09:34:14","slug":"asi-fue-la-actuacion-de-rosalia-en-el-programa-de-jimmy-fallon-en-la-que-recreo-el-cuento-de-la-princesa-y-el-guisante-television","status":"publish","type":"post","link":"https:\/\/www.europesays.com\/es\/240621\/","title":{"rendered":"As\u00ed fue la actuaci\u00f3n de Rosal\u00eda en el programa de Jimmy Fallon en la que recre\u00f3 el cuento de \u2018La princesa y el guisante\u2019 | Televisi\u00f3n"},"content":{"rendered":"<p class=\"\"><a href=\"https:\/\/elpais.com\/noticias\/rosalia-vila\/#?rel=arch\" target=\"_self\" rel=\"nofollow noopener\" title=\"https:\/\/elpais.com\/noticias\/rosalia-vila\/#?rel=arch\">Rosal\u00eda<\/a> visit\u00f3 este domingo el popular programa de Jimmy Fallon en la NBC <a href=\"https:\/\/elpais.com\/television\/2025-11-17\/rosalia-enamora-a-jimmy-fallon-le-hace-hablar-espanol-cantar-y-tocar-las-palmas-eres-un-fenomeno.html\" target=\"_self\" rel=\"nofollow noopener\" title=\"https:\/\/elpais.com\/television\/2025-11-17\/rosalia-enamora-a-jimmy-fallon-le-hace-hablar-espanol-cantar-y-tocar-las-palmas-eres-un-fenomeno.html\">para deleitar al p\u00fablico de The Tonight Show<\/a> con una actuaci\u00f3n de tres minutos y 25 segundos en la que interpret\u00f3 La perla, la canci\u00f3n m\u00e1s comentada de su disco Lux. La catalana apareci\u00f3 en la pantalla acostada sobre una cama y con un vestido blanco de raso y tul, una escena similar a la que recre\u00f3 en la presentaci\u00f3n de su disco en Barcelona el pasado 7 de noviembre. En realidad, la cantante estaba tumbada sobre una s\u00e1bana azul de raso que cubr\u00eda el \u00faltimo de un mont\u00f3n de colchones que simulaban una especie de tarta gigante. <\/p>\n<p>M\u00e1s informaci\u00f3n<\/p>\n<p class=\"\">Con la llegada del estribillo, el plano se alej\u00f3 y se pudo ver como la misma tela azul de la s\u00e1bana inundaba el fondo y el suelo del plat\u00f3. Y como Rosal\u00eda estaba acompa\u00f1ada por una orquesta, igual que en el videoclip de Berghain, el primer single de su \u00faltimo lanzamiento. \u201cEs una perla, nadie se f\u00eda, es una perla, una de mucho cuidado\u201d, repet\u00eda en directo tras lograr que Fallon cantase esas mismas frases durante la entrevista previa. Y como suele pasar en televisi\u00f3n y radio estadounidense, al sonar la palabra \u201ccabr\u00f3n\u201d son\u00f3 un pitido.<\/p>\n<p class=\"\">Los miembros de la orquesta fueron los encargados de bajar a la artista espa\u00f1ola de su torre de colchones y, ataviada con su vestido, que bien podr\u00eda ser de novia, recogi\u00f3 una perla del suelo que miraba mientras pronunciaba la parte hablada de la canci\u00f3n: \u201cClaro, es que no referirse a \u00e9l como un icono ser\u00eda para \u00e9l una narrativa reduccionista\u201d. <\/p>\n<p class=\"\">\u201cAs\u00ed se hace\u201d, reaccion\u00f3 Fallon tras presenciar su actuaci\u00f3n mientras sosten\u00eda el vinilo de Rosal\u00eda en sus manos. El programa ha compartido este momento en sus redes y en YouTube y los comentarios en las publicaciones no se han hecho esperar. Varios hac\u00edan referencia al cuento de La princesa y el guisante de Hans Christian Andersen, que narra la historia en la que una princesa, recostada sobre muchos colchones, no puede dormir bien porque debajo de todos ellos hay un guisante que le incomoda. \u201cDiosa de la nueva era musical\u201d, \u201csu voz es preciosa\u201d, \u201ccantando mejor que en el disco, como siempre\u201d o \u201cque le den todos los Grammys ahora mismo, no tiene competencia\u201d fueron otros de los mensajes de los usuarios.<\/p>\n<p class=\"\">Rosal\u00eda fue la invitada principal de The Tonight Show este 16 de noviembre, donde protagoniz\u00f3 una entrevista de 15 minutos. Era la segunda vez que visitaba el programa, tras su paso en 2022. \u201cPero cantas de manera aut\u00e9ntica. No s\u00e9 c\u00f3mo lo haces. Eres un fen\u00f3meno. Con esto, lo has partido\u201d, le dijo Fallon, a quien la cantante puso a cantar La Perla. Como cuenta Mar\u00eda Porcel en su cr\u00f3nica, la catalana le hizo repetir el estribillo hasta tres veces, la \u00faltima con micr\u00f3fono y con el p\u00fablico del plat\u00f3 venido arriba. <a href=\"https:\/\/elpais.com\/television\/2025-11-17\/rosalia-enamora-a-jimmy-fallon-le-hace-hablar-espanol-cantar-y-tocar-las-palmas-eres-un-fenomeno.html\" target=\"_self\" rel=\"nofollow noopener\" title=\"https:\/\/elpais.com\/television\/2025-11-17\/rosalia-enamora-a-jimmy-fallon-le-hace-hablar-espanol-cantar-y-tocar-las-palmas-eres-un-fenomeno.html\">Puedes leer el art\u00edculo completo en este enlace<\/a>.<\/p>\n","protected":false},"excerpt":{"rendered":"Rosal\u00eda visit\u00f3 este domingo el popular programa de Jimmy Fallon en la NBC para deleitar al p\u00fablico de&hellip;\n","protected":false},"author":2,"featured_media":240622,"comment_status":"","ping_status":"","sticky":false,"template":"","format":"standard","meta":{"footnotes":""},"categories":[171],"tags":[3061,146,147,25,24,40729,40732,185,61976,25284,4147,23,807,214],"class_list":{"0":"post-240621","1":"post","2":"type-post","3":"status-publish","4":"format-standard","5":"has-post-thumbnail","7":"category-tv","8":"tag-cantantes","9":"tag-entertainment","10":"tag-entretenimiento","11":"tag-es","12":"tag-espana","13":"tag-jimmy-fallon","14":"tag-late-night","15":"tag-musica","16":"tag-nbc","17":"tag-programas-entretenimiento","18":"tag-rosalia","19":"tag-spain","20":"tag-television","21":"tag-tv"},"share_on_mastodon":{"url":"https:\/\/pubeurope.com\/@es\/115564358380544830","error":""},"_links":{"self":[{"href":"https:\/\/www.europesays.com\/es\/wp-json\/wp\/v2\/posts\/240621","targetHints":{"allow":["GET"]}}],"collection":[{"href":"https:\/\/www.europesays.com\/es\/wp-json\/wp\/v2\/posts"}],"about":[{"href":"https:\/\/www.europesays.com\/es\/wp-json\/wp\/v2\/types\/post"}],"author":[{"embeddable":true,"href":"https:\/\/www.europesays.com\/es\/wp-json\/wp\/v2\/users\/2"}],"replies":[{"embeddable":true,"href":"https:\/\/www.europesays.com\/es\/wp-json\/wp\/v2\/comments?post=240621"}],"version-history":[{"count":0,"href":"https:\/\/www.europesays.com\/es\/wp-json\/wp\/v2\/posts\/240621\/revisions"}],"wp:featuredmedia":[{"embeddable":true,"href":"https:\/\/www.europesays.com\/es\/wp-json\/wp\/v2\/media\/240622"}],"wp:attachment":[{"href":"https:\/\/www.europesays.com\/es\/wp-json\/wp\/v2\/media?parent=240621"}],"wp:term":[{"taxonomy":"category","embeddable":true,"href":"https:\/\/www.europesays.com\/es\/wp-json\/wp\/v2\/categories?post=240621"},{"taxonomy":"post_tag","embeddable":true,"href":"https:\/\/www.europesays.com\/es\/wp-json\/wp\/v2\/tags?post=240621"}],"curies":[{"name":"wp","href":"https:\/\/api.w.org\/{rel}","templated":true}]}}