{"id":240637,"date":"2025-11-17T09:44:10","date_gmt":"2025-11-17T09:44:10","guid":{"rendered":"https:\/\/www.europesays.com\/es\/240637\/"},"modified":"2025-11-17T09:44:10","modified_gmt":"2025-11-17T09:44:10","slug":"abalos-pago-en-negro-con-billetes-de-500-una-parte-del-local-que-compro-bajo-su-casa-de-valencia","status":"publish","type":"post","link":"https:\/\/www.europesays.com\/es\/240637\/","title":{"rendered":"\u00c1balos pag\u00f3 en negro con billetes de 500 una parte del local que compr\u00f3 bajo su casa de Valencia"},"content":{"rendered":"<p style=\"\">Jos\u00e9 Luis \u00c1balos adquiri\u00f3 el local comercial que se encuentra en los bajos de su casa de Valencia el 8 de julio de 2020. El empresario V\u00edctor de Aldama, investigado en la operaci\u00f3n Delorme, asegur\u00f3 que el precio de la escritura fue 90.000 euros  &#8230; pero el real ascend\u00eda a 110.000, seg\u00fan un contrato que guardaba en sus dispositivos electr\u00f3nicos. <\/p>\n<p class=\"voc-p\" style=\"\">Tres fuentes distintas con conocimiento directo de la operaci\u00f3n inmobiliaria han confirmado a ABC que el entonces ministro de Transportes pag\u00f3, efectivamente, una parte del local en dinero negro, aunque no precisan si fueron exactamente 20.000 euros. A\u00f1aden que \u00c1balos entreg\u00f3 a los vendedores \u00abbilletes de 500 euros\u00bb para abonar la diferencia entre lo escriturado y el precio real. Las fuentes conocedoras de la operaci\u00f3n han afirmado que se pag\u00f3 \u00abcon bin ladens\u00bb, refiri\u00e9ndose al nombre popular con el que se conoc\u00edan entonces a los billetes de mayor valor por la dificultad de verlos, ahora &#8216;txistorras&#8217; en el imaginario popular, que es como los denominaba <a href=\"https:\/\/www.abc.es\/espana\/koldo-cambiando-propiedad-varios-inmuebles-notaria-madrid-20251007200032-nt.html\" target=\"_self\" data-voc-vtm-id=\"in-text-traffic\" title=\"Koldo Garc\u00eda\" rel=\"nofollow noopener\">Koldo Garc\u00eda<\/a> en conversaciones con su mujer, Patricia Uriz, intervenidas por la Unidad Central Operativa (UCO) de la Guardia Civil.<\/p>\n<p class=\"voc-p\" style=\"\">Jos\u00e9 Luis \u00c1balos qued\u00f3 con los vendedores -una pareja mayor propietarios de la empresa que, a su vez, era titular del local comercial- en su casa de Valencia, es decir, justo encima del bien de la compraventa, en la avenida de la Constituci\u00f3n de la capital del Turia. <\/p>\n<p class=\"voc-p\" style=\"\">Fue el mismo d\u00eda de la compraventa, justo antes de acudir todos a la notar\u00eda. El entonces ministro de Transportes se reuni\u00f3 con el vendedor en su despacho y, seguido, llam\u00f3 a la que era su esposa, Carolina Perles. Le entreg\u00f3 un sobre que conten\u00eda el dinero negro y \u00e9sta se le dio a la esposa del vendedor, que tambi\u00e9n estaba en el domicilio de \u00c1balos. <\/p>\n<p>\n\u00abBajada de precio\u00bb\n<\/p>\n<p class=\"voc-p\" style=\"\">Seg\u00fan fuentes conocedoras de las negociaciones, el tambi\u00e9n secretario de Organizaci\u00f3n del PSOE negoci\u00f3 una \u00abimportante bajada de precio\u00bb en el local y acord\u00f3 \u00abcompensar\u00bb al vendedor. Pactaron escriturar por debajo del precio real, lo que rebaja el Impuesto de Transmisiones Patrimoniales -que paga el comprador- y tambi\u00e9n el de la ganancia patrimonial que debe abonar, en este caso, la parte vendedora. \u00abEra para compensar\u00bb a la aparte vendedora por la rebaja, que al menos lo del sobre le diera \u00abpara el pago de los impuestos\u00bb, aseveran a ABC fuentes sabedoras de la compraventa.<\/p>\n<p class=\"voc-title\">\u00c1balos, a ABC: \u00abLo negoci\u00f3 mi exmujer y el precio es el de la escritura. No me pod\u00eda permitir tal aventura\u00bb, dice por pagar en negro<\/p>\n<p class=\"voc-p\" style=\"\">Una vez entregado el sobre, ambas familias se trasladaron a la notar\u00eda para escriturar la operaci\u00f3n inmobiliaria. La vendedora era una sociedad mercantil, y los compradores \u00c1balos y su entonces esposa, que firmaron una hipoteca de 50.000 euros para costear, aproximadamente, la mitad del bien inmueble.<\/p>\n<p class=\"voc-p\" style=\"\">El local tiene una superficie de 187 metros cuadrados, y aunque estaba en muy mal estado, 90.000 euros es una cifra que se queda corta respecto al mercado. Una b\u00fasqueda en portales inmobiliarios refleja que locales similares se venden por entre 150.000 y 200.000 euros. Pese a lo que haya podido subir el metro cuadrado en los cinco a\u00f1os transcurridos, el precio de la escritura es, aparentemente, bastante inferior al del mercado.<\/p>\n<p class=\"voc-title\">El entonces ministro dio el sobre a su esposa, Carolina Perles, en el despacho de su casa y \u00e9sta se lo entreg\u00f3 a la mujer del vendedor<\/p>\n<p class=\"voc-p\" style=\"\">En conversaci\u00f3n con ABC, V\u00edctor de Aldama ha asegurado que Koldo Garc\u00eda le pidi\u00f3 dinero para esta operaci\u00f3n, que coincid\u00eda con la venta de millones de mascarillas a organismos del Ministerio de Transportes por parte de Soluciones de Gesti\u00f3n, empresa de la que investigado era intermediario. \u00abKoldo me dijo &#8216;oye t\u00edo, que hay que comprar el local del jefe&#8217;, me insist\u00eda, y le dije que lo cogieran de lo que les iba dando\u00bb, sostiene Aldama. <\/p>\n<p>\nEn el ministerio\n<\/p>\n<p class=\"voc-p\" style=\"\">\u00abNo les di una cantidad concreta para el local, pero desde que me lo pidi\u00f3 Koldo y hasta que \u00c1balos compr\u00f3 el local, s\u00ed les hice alguna entrega, en concreto en el despacho del ministerio estando los dos presentes, en un sobre\u00bb, a\u00f1ade. <\/p>\n<p class=\"voc-p\" style=\"\">Aldama sospecha que la diferencia entre escritura y precio real debi\u00f3 ser \u00absuperior a los 20.000 euros porque el local era m\u00e1s caro\u00bb y que \u00abde lo que les daba imagino que ellos coger\u00edan la diferencia\u00bb. Cabe recordar que V\u00edctor Aldama ha reconocido en sede judicial haber realizado pagos peri\u00f3dicos, normalmente mensuales, de 10.000 euros a Koldo Garc\u00eda, y que el total de las comisiones que pag\u00f3 a la trama, a cambio de adjudicaciones, pueden superar los 3,5 millones de euros.<\/p>\n<p><img decoding=\"async\" loading=\"lazy\" src=\"https:\/\/www.europesays.com\/es\/wp-content\/uploads\/2025\/11\/imagen-chicote-2-U66130538870MYB-268x366@diario_abc.jpg\" class=\"voc-img\" width=\"268\" height=\"366\" alt=\"Imagen - \u00c1balos compr\u00f3 el bajo en julio de 2020, siendo ministro, junto a su entonces mujer. En 2022 se divorciaron y el extitular de Transportes se qued\u00f3 el cien por cien de la propiedad\"\/><\/p>\n<p>\u00c1balos compr\u00f3 el bajo en julio de 2020, siendo ministro, junto a su entonces mujer. En 2022 se divorciaron y el extitular de Transportes se qued\u00f3 el cien por cien de la propiedad<\/p>\n<p>Fuente: ABC<\/p>\n<p><img loading=\"lazy\" decoding=\"async\" src=\"https:\/\/www.europesays.com\/es\/wp-content\/uploads\/2025\/11\/imagen-chicote-2_20251116165721-U66851465141nhT-758x470@diario_abc.jpg\" class=\"voc-img\" width=\"758\" height=\"470\" alt=\"Imagen - \u00c1balos compr\u00f3 el bajo en julio de 2020, siendo ministro, junto a su entonces mujer. En 2022 se divorciaron y el extitular de Transportes se qued\u00f3 el cien por cien de la propiedad\"\/><\/p>\n<p class=\"voc-p\" style=\"\">Ayer, Jos\u00e9 Luis \u00c1balos insisti\u00f3 en un mensaje a ABC en que no pag\u00f3 parte algun del local en negro: \u00abLo negoci\u00f3 mi exmujer y las cosas el precio son las que se recogen en el contrato de arras y en la posterior escritura de compraventa con toda la trazabilidad de las entregas, y de todo ello tiene constancia el juez instructor desde abril del presente a\u00f1o\u00bb. El exministro a\u00f1adi\u00f3 que, dada su posici\u00f3n, \u00abno me pod\u00eda permitir tal aventura de ning\u00fan modo\u00bb.<\/p>\n<p class=\"voc-p\" style=\"\">Cuando V\u00edctor de Aldama habl\u00f3 del contrato de la compra del citado local, en una entrevista en Telemadrid, el exministro y exsecretario de Organizaci\u00f3n del PSOE asever\u00f3, en un mensaje en la red social X, que \u00abla defensa de Aldama llega tarde\u00bb.<\/p>\n<p class=\"voc-p\" style=\"\"> Abalos sostuvo que desconoce \u00abde d\u00f3nde saca el Sr. de Aldama tantos documentos sin firmar, pero lo que s\u00ed s\u00e9 es que este no aporta nada\u00bb. Su defensa asegur\u00f3, en un escrito remitido al juez del Tribunal Supremo Leopoldo Puente que el contrato que present\u00f3 el empresario es posterior a la firma del contrato de arras.<\/p>\n<p class=\"voc-p\" style=\"\">Actualmente Jos\u00e9 Luis \u00c1balos es el \u00fanico propietario del local. As\u00ed consta en el Registro de la Propiedad de Valencia, donde se inscribi\u00f3 la totalidad del bien a su nombre despu\u00e9s de la disoluci\u00f3n de su matrimonio con Carolina Perles seg\u00fan escritura ante notario con fecha de 7 de octubre de 2022.<\/p>\n<p class=\"voc-title\">Aldama present\u00f3 un contrato \u2014que \u00c1balos niega\u2014 de 110.000 euros pero s\u00f3lo se habr\u00eda escriturado por 90.000<\/p>\n<p class=\"voc-p\" style=\"\">Fiscalmente, las posibles responsabilidades ante Hacienda por el uso de dinero negro en la compraventa del local han prescrito, pues han transcurrido m\u00e1s de cinco a\u00f1os. Otra cosa es lo relativo al origen de los fondos investigados y que Aldama ha reconocido como cohechos, sobornos, a cambio de influencia en la Administraci\u00f3n P\u00fablica. <\/p>\n<p>\nA juicio la primera pieza\n<\/p>\n<p class=\"voc-p\" style=\"\">De hecho, la pieza inicial de la operaci\u00f3n Delorme, la de las mascarillas, ya est\u00e1 enfilada hacia el juicio, en cuyo banquillo se sentar\u00e1n, si los recursos no prosperan, \u00c1balos, Koldo y el propio Aldama. <\/p>\n<p class=\"voc-p\" style=\"\">En esta parte de la investigaci\u00f3n del Tribunal Supremo figuran otros tres inmuebles de los que fue beneficiario \u00c1balos y que tienen detr\u00e1s al empresario y comisionista. Se trata de la casa de veraneo de La Alcaidesa, en C\u00e1diz, el alquiler con opci\u00f3n a compra frustrado de un piso en el paseo de la Castellana, en Madrid,-ambos para Jos\u00e9 Luis \u00c1balos- y, por \u00faltimo, el pago del alquiler del apartamento de lujo en plaza Espa\u00f1a, tambi\u00e9n en Madrid, que disfrutaba la pareja de \u00c1balos, J\u00e9sica Rodr\u00edguez, y que abonaba un socio de Aldama.<\/p>\n<p class=\"voc-title\">El exministro niega cualquier irregularidad en la compraventa y asegura que ya la \u00abdocument\u00f3\u00bb al juez del Tribunal Supremo<\/p>\n<p class=\"voc-p\" style=\"\">La defensa del exministro recurri\u00f3 el auto de procesamiento alegando que se ha vulnerado su derecho a la defensa puesto que no se le ha dado acceso a los materiales digitales incautados en la investigaci\u00f3n y por tanto no ha podido estudiar si hubo \u00abuna investigaci\u00f3n clandestina a un diputado a Cortes sin la previa autorizaci\u00f3n de la C\u00e1mara\u00bb, informa Javier Lillo. La nueva defensa de \u00c1balos pone el foco en el disco duro encontrado en el domicilio de Koldo Garc\u00eda, que era \u00abpropiedad\u00bb del exministro.<\/p>\n","protected":false},"excerpt":{"rendered":"Jos\u00e9 Luis \u00c1balos adquiri\u00f3 el local comercial que se encuentra en los bajos de su casa de Valencia&hellip;\n","protected":false},"author":2,"featured_media":240638,"comment_status":"","ping_status":"","sticky":false,"template":"","format":"standard","meta":{"footnotes":""},"categories":[42],"tags":[4985,32397,7569,7159,17,18,385,35840,13,14,11,61,62,63,64,19,20,2552,15661,9,10,15,16,18636,863,12,21,22,235,65,66,67],"class_list":{"0":"post-240637","1":"post","2":"type-post","3":"status-publish","4":"format-standard","5":"has-post-thumbnail","7":"category-internacional","8":"tag-4985","9":"tag-abalos","10":"tag-bajo","11":"tag-billetes","12":"tag-breaking-news","13":"tag-breakingnews","14":"tag-casa","15":"tag-compro","16":"tag-featured-news","17":"tag-featurednews","18":"tag-headlines","19":"tag-internacional","20":"tag-international","21":"tag-international-news","22":"tag-internationalnews","23":"tag-latest-news","24":"tag-latestnews","25":"tag-local","26":"tag-negro","27":"tag-news","28":"tag-noticias","29":"tag-noticias-destacadas","30":"tag-noticiasdestacadas","31":"tag-pago","32":"tag-parte","33":"tag-titulares","34":"tag-ultimas-noticias","35":"tag-ultimasnoticias","36":"tag-valencia","37":"tag-world","38":"tag-world-news","39":"tag-worldnews"},"share_on_mastodon":{"url":"https:\/\/pubeurope.com\/@es\/115564398275346616","error":""},"_links":{"self":[{"href":"https:\/\/www.europesays.com\/es\/wp-json\/wp\/v2\/posts\/240637","targetHints":{"allow":["GET"]}}],"collection":[{"href":"https:\/\/www.europesays.com\/es\/wp-json\/wp\/v2\/posts"}],"about":[{"href":"https:\/\/www.europesays.com\/es\/wp-json\/wp\/v2\/types\/post"}],"author":[{"embeddable":true,"href":"https:\/\/www.europesays.com\/es\/wp-json\/wp\/v2\/users\/2"}],"replies":[{"embeddable":true,"href":"https:\/\/www.europesays.com\/es\/wp-json\/wp\/v2\/comments?post=240637"}],"version-history":[{"count":0,"href":"https:\/\/www.europesays.com\/es\/wp-json\/wp\/v2\/posts\/240637\/revisions"}],"wp:featuredmedia":[{"embeddable":true,"href":"https:\/\/www.europesays.com\/es\/wp-json\/wp\/v2\/media\/240638"}],"wp:attachment":[{"href":"https:\/\/www.europesays.com\/es\/wp-json\/wp\/v2\/media?parent=240637"}],"wp:term":[{"taxonomy":"category","embeddable":true,"href":"https:\/\/www.europesays.com\/es\/wp-json\/wp\/v2\/categories?post=240637"},{"taxonomy":"post_tag","embeddable":true,"href":"https:\/\/www.europesays.com\/es\/wp-json\/wp\/v2\/tags?post=240637"}],"curies":[{"name":"wp","href":"https:\/\/api.w.org\/{rel}","templated":true}]}}