{"id":240661,"date":"2025-11-17T10:05:09","date_gmt":"2025-11-17T10:05:09","guid":{"rendered":"https:\/\/www.europesays.com\/es\/240661\/"},"modified":"2025-11-17T10:05:09","modified_gmt":"2025-11-17T10:05:09","slug":"concentra-la-mayor-tasa-de-todo-pais","status":"publish","type":"post","link":"https:\/\/www.europesays.com\/es\/240661\/","title":{"rendered":"concentra la mayor tasa de todo pa\u00eds"},"content":{"rendered":"<p>El <b>archipi\u00e9lago de Canarias<\/b> registra la cuarta mayor tasa de gonorrea y clamidia y, por tercer a\u00f1o consecutivo, es <b>la que tiene mayor prevalencia de s\u00edfilis de toda Espa\u00f1a, <\/b>seg\u00fan los datos del <a rel=\"nofollow noopener\" href=\"https:\/\/www.sanidad.gob.es\/ciudadanos\/enfLesiones\/enfTransmisibles\/sida\/docs\/Vigilancia_ITS_1995_2024.pdf\" title=\"Vigilancia Epidemiol\u00f3gica de las Infecciones de Transmisi\u00f3n Sexual en Espa\u00f1a\" target=\"_blank\">Informe de Vigilancia Epidemiol\u00f3gica de las ITS en Espa\u00f1a en 2024.<\/a><\/p>\n<p>Seg\u00fan los \u00faltimos datos, en el a\u00f1o 2024 estas islas notificaron 928 casos de s\u00edfilis, lo que supone una <b>tasa de m\u00e1s de 41 casos por cada 100.000 habitantes.<\/b> Seguida de esta est\u00e1n las regiones de Catalu\u00f1a y Baleares con una tasa del 33,85 y el 33,77 respectivamente. <\/p>\n<p>No obstante,<b> los casos de s\u00edfilis se han reducido un 22% en el \u00faltimo a\u00f1o<\/b> en Canarias, aunque<b> no ocurre lo mismo con las enfermedades de gonorrea y clamidia, <\/b>cuya transmisi\u00f3n contin\u00faa en aumento. Concretamente, los casos de esta \u00faltima enfermedad han aumentado un 58,6% respecto al 2023. <\/p>\n<p>En el caso de<b> la gonorrea,<\/b> esta tambi\u00e9n <b>ha incrementado su circulaci\u00f3n en m\u00e1s de un 40,7%, notific\u00e1ndose m\u00e1s de 1.400 infecciones,<\/b> es decir, 423 casos m\u00e1s que en 2023. Si bien, en lo que respecta a los datos de este a\u00f1o, las cifras tampoco son nada esperanzadoras.<\/p>\n<p>Cifras poco positivas en la actualidad<\/p>\n<p>Entre <b>enero y octubre de este a\u00f1o se han registrado 1.312 casos de gonorrea, 1.935 diagn\u00f3sticos de clamidiosis y 568 de s\u00edfilis,<\/b> esta \u00faltima con una tendencia descendente. En esta regi\u00f3n <b>la s\u00edfilis afecta sobre todo a los hombres<\/b> con un 82,9%, con una media de 38,2 a\u00f1os. La provincia que concentra el 60,7% de los casos es Las Palmas, frente al 39,2% de Santa Cruz de Tenerife. Algo <b>similar ocurre tambi\u00e9n con la infecci\u00f3n gonoc\u00f3cica,<\/b> con un impacto del 78,2% entre los hombres y una media de edad de 31,4 a\u00f1os.<\/p>\n<p>Por su parte, <b>en el caso de la clamidiasis, la distribuci\u00f3n por sexo es m\u00e1s equilibrada,<\/b> d\u00e1ndose en hombres en el 49,1% de los casos y en mujeres en el 50,9%. Esta enfermedad ha sido diagnosticada en personas de entre 0 meses hasta los 70 a\u00f1os y con una<b> media de edad de 28,1 a\u00f1os.<\/b><\/p>\n<p>Prevenci\u00f3n<\/p>\n<p>La <b>medida m\u00e1s eficaz y segura es la utilizaci\u00f3n del preservativo<\/b> con el fin de evitar la transmisi\u00f3n de estas infecciones. \u00abLa <a href=\"https:\/\/www.eleconomista.es\/salud-bienestar\/ultimas-noticias\/noticias\/13343073\/04\/25\/la-principal-causa-del-aumento-de-its-entre-adolescentes-en-espana-segun-pediatras.html\" title=\"La principal causa del aumento de ITS entre adolescentes en Espa\u00f1a, seg\u00fan pediatras\" rel=\"nofollow noopener\" target=\"_blank\">falta de informaci\u00f3n,<\/a><b> el estigma y la falsa sensaci\u00f3n de invulnerabilidad<\/b> hacen que muchas personas no adopten medidas preventivas, como el uso del preservativo\u00bb, se\u00f1al\u00f3 el director general de Salud P\u00fablica, Jos\u00e9 D\u00edaz Flores.<\/p>\n<p>WhatsApp<a href=\"https:\/\/api.whatsapp.com\/send?text=https:\/\/www.eleconomista.es\/salud-bienestar\/enfermedades\/noticias\/13646840\/11\/25\/preocupacion-de-los-medicos-por-el-aumento-de-una-enfermedad-en-esta-zona-de-espana-concentra-la-mayor-tasa-de-todo-pais.html?utm_source%3Dwhatsapp%26utm_medium%3Dshare_button&amp;id=1648118629957_whatsapp\" target=\"_blank\" data-action=\"share\/whatsapp\/share\" aria-label=\"Compartir en Whatsapp\" rel=\"nofollow noopener\"><\/a>Facebook<a id=\"fb-share\" href=\"#\" target=\"_blank\" rel=\"noopener noreferrer\" aria-label=\"Compartir en Facebook\"><\/a>Twitter<a href=\"https:\/\/twitter.com\/share?text=Preocupaci%C3%B3n+de+los+m%C3%A9dicos+por+el+aumento+de+una+enfermedad+en+esta+zona+de+Espa%C3%B1a%3A+concentra+la+mayor+tasa+de+todo+pa%C3%ADs&amp;url=https:\/\/www.eleconomista.es\/salud-bienestar\/enfermedades\/noticias\/13646840\/11\/25\/preocupacion-de-los-medicos-por-el-aumento-de-una-enfermedad-en-esta-zona-de-espana-concentra-la-mayor-tasa-de-todo-pais.html&amp;via=elEconomistaes&amp;id=1648118839245_twitter\" target=\"_blank\" aria-label=\"Compartir en Twitter\" rel=\"nofollow noopener\"><\/a>Linkedin<a href=\"https:\/\/linkedin.com\/share?text=https:\/\/www.eleconomista.es\/salud-bienestar\/enfermedades\/noticias\/13646840\/11\/25\/preocupacion-de-los-medicos-por-el-aumento-de-una-enfermedad-en-esta-zona-de-espana-concentra-la-mayor-tasa-de-todo-pais.html&amp;via=elEconomistaes\" target=\"_blank\" aria-label=\"Compartir en linkedin\" rel=\"nofollow noopener\"><\/a>Beloud<a href=\"https:\/\/beloud.com\/share?text=Preocupaci%C3%B3n+de+los+m%C3%A9dicos+por+el+aumento+de+una+enfermedad+en+esta+zona+de+Espa%C3%B1a%3A+concentra+la+mayor+tasa+de+todo+pa%C3%ADs&amp;url=https:\/\/www.eleconomista.es\/salud-bienestar\/enfermedades\/noticias\/13646840\/11\/25\/preocupacion-de-los-medicos-por-el-aumento-de-una-enfermedad-en-esta-zona-de-espana-concentra-la-mayor-tasa-de-todo-pais.html&amp;via=elEconomistaes&amp;id=1648118839245_beloud\" target=\"_blank\" aria-label=\"Compartir en beloud\" rel=\"nofollow noopener\"><\/a>Bluesky<a href=\"https:\/\/bsky.app\/intent\/compose?text=https:\/\/bsky.app\/intent\/compose?text=https:\/\/www.eleconomista.es\/salud-bienestar\/enfermedades\/noticias\/13646840\/11\/25\/preocupacion-de-los-medicos-por-el-aumento-de-una-enfermedad-en-esta-zona-de-espana-concentra-la-mayor-tasa-de-todo-pais.html&amp;url=https:\/\/www.eleconomista.es\/salud-bienestar\/enfermedades\/noticias\/13646840\/11\/25\/preocupacion-de-los-medicos-por-el-aumento-de-una-enfermedad-en-esta-zona-de-espana-concentra-la-mayor-tasa-de-todo-pais.html&amp;via=elEconomistaes&amp;id=1648118839245_bluesky\" target=\"_blank\" aria-label=\"Compartir en bluesky\" rel=\"nofollow noopener\"><\/a><\/p>\n<p><script async src=\"https:\/\/platform.twitter.com\/widgets.js\" charset=\"utf-8\"><\/script><\/p>\n","protected":false},"excerpt":{"rendered":"El archipi\u00e9lago de Canarias registra la cuarta mayor tasa de gonorrea y clamidia y, por tercer a\u00f1o consecutivo,&hellip;\n","protected":false},"author":2,"featured_media":240662,"comment_status":"","ping_status":"","sticky":false,"template":"","format":"standard","meta":{"footnotes":""},"categories":[92],"tags":[25,24,165,166,4134,23],"class_list":{"0":"post-240661","1":"post","2":"type-post","3":"status-publish","4":"format-standard","5":"has-post-thumbnail","7":"category-salud","8":"tag-es","9":"tag-espana","10":"tag-health","11":"tag-salud","12":"tag-salud-bienestar","13":"tag-spain"},"share_on_mastodon":{"url":"https:\/\/pubeurope.com\/@es\/115564480127319806","error":""},"_links":{"self":[{"href":"https:\/\/www.europesays.com\/es\/wp-json\/wp\/v2\/posts\/240661","targetHints":{"allow":["GET"]}}],"collection":[{"href":"https:\/\/www.europesays.com\/es\/wp-json\/wp\/v2\/posts"}],"about":[{"href":"https:\/\/www.europesays.com\/es\/wp-json\/wp\/v2\/types\/post"}],"author":[{"embeddable":true,"href":"https:\/\/www.europesays.com\/es\/wp-json\/wp\/v2\/users\/2"}],"replies":[{"embeddable":true,"href":"https:\/\/www.europesays.com\/es\/wp-json\/wp\/v2\/comments?post=240661"}],"version-history":[{"count":0,"href":"https:\/\/www.europesays.com\/es\/wp-json\/wp\/v2\/posts\/240661\/revisions"}],"wp:featuredmedia":[{"embeddable":true,"href":"https:\/\/www.europesays.com\/es\/wp-json\/wp\/v2\/media\/240662"}],"wp:attachment":[{"href":"https:\/\/www.europesays.com\/es\/wp-json\/wp\/v2\/media?parent=240661"}],"wp:term":[{"taxonomy":"category","embeddable":true,"href":"https:\/\/www.europesays.com\/es\/wp-json\/wp\/v2\/categories?post=240661"},{"taxonomy":"post_tag","embeddable":true,"href":"https:\/\/www.europesays.com\/es\/wp-json\/wp\/v2\/tags?post=240661"}],"curies":[{"name":"wp","href":"https:\/\/api.w.org\/{rel}","templated":true}]}}