{"id":240688,"date":"2025-11-17T10:26:26","date_gmt":"2025-11-17T10:26:26","guid":{"rendered":"https:\/\/www.europesays.com\/es\/240688\/"},"modified":"2025-11-17T10:26:26","modified_gmt":"2025-11-17T10:26:26","slug":"los-ultimos-ritos-llega-al-streaming-con-capitulo-final","status":"publish","type":"post","link":"https:\/\/www.europesays.com\/es\/240688\/","title":{"rendered":"Los \u00faltimos ritos\u00bb llega al streaming con cap\u00edtulo final"},"content":{"rendered":"<p>                                        ENVIAR<\/p>\n<p>                                            <img decoding=\"async\" src=\"https:\/\/www.europesays.com\/es\/wp-content\/uploads\/2025\/07\/ajax-loader.gif\"\/><br \/>\n                                            Enviando correcci\u00f3n, espere un momento&#8230;<\/p>\n<p>                                                \u00d7<\/p>\n<p>                                            <strong>Por favor complete todos los campos y haga check para certificar la veracidad de los datos antes de enviar la correccion.<\/strong>\n                                        <\/p>\n<p>                                                \u00d7<\/p>\n<p>                                            <strong>Por favor ingrese en e-mail valido.<\/strong>\n                                        <\/p>\n<p>                                                \u00d7<\/p>\n<p>Su mensaje fue enviado \u00a1exitosamente!<\/p>\n<p>Atenderemos su correci\u00f3n cuanto antes<\/p>\n<p>            TV y Espect\u00e1culo<\/p>\n<p>            &gt;<\/p>\n<p>     Noticia<\/p>\n<p>S\u00e1bado 15 noviembre de 2025 | 22:02<\/p>\n<p>        <img decoding=\"async\" src=\"https:\/\/www.europesays.com\/es\/wp-content\/uploads\/2025\/07\/984.jpg\" alt=\"\"\/><\/p>\n<p>        <a class=\"nombre\" href=\"https:\/\/www.biobiochile.cl\/lista\/busca-2020\/autores\/Econtreras\" target=\"_blank\" rel=\"nofollow noopener\">Emilio Contreras<\/a><\/p>\n<p class=\"cargo\">Periodista especializado en Cultura. Colaborador de Magazine en BioBioChile<\/p>\n<p>            <img decoding=\"async\" src=\"https:\/\/www.europesays.com\/es\/wp-content\/uploads\/2025\/07\/984.jpg\" alt=\"Foto autor\"\/><\/p>\n<p class=\"nombres\">\n                <a href=\"https:\/\/www.biobiochile.cl\/lista\/autores\/Econtreras\" target=\"_blank\" rel=\"nofollow noopener\">Emilio Contreras<\/a><\/p>\n<p class=\"cargo\">Periodista especializado en Cultura. Colaborador de Magazine en BioBioChile<\/p>\n<p>                <a href=\"https:\/\/www.biobiochile.cl\/noticias\/espectaculos-y-tv\/cine-y-series\/2025\/11\/15\/mailto:econtreras@biobiochile.cl\" rel=\"nofollow noopener\" target=\"_blank\"><\/a><\/p>\n<p>        <img decoding=\"async\" src=\"https:\/\/www.europesays.com\/es\/wp-content\/uploads\/2025\/07\/984.jpg\" alt=\"Foto autor\"\/><\/p>\n<p class=\"nombres\">\n<p><a href=\"https:\/\/www.biobiochile.cl\/lista\/autores\/Econtreras\" target=\"_blank\" rel=\"nofollow noopener\">Emilio Contreras<\/a><\/p>\n<p class=\"cargo\">Periodista especializado en Cultura. Colaborador de Magazine en BioBioChile<\/p>\n<p><a href=\"https:\/\/www.biobiochile.cl\/noticias\/espectaculos-y-tv\/cine-y-series\/2025\/11\/15\/mailto:econtreras@biobiochile.cl\" rel=\"nofollow noopener\" target=\"_blank\"><\/a><\/p>\n<p>            <img decoding=\"async\" class=\"post-image-principal\" src=\"https:\/\/www.europesays.com\/es\/wp-content\/uploads\/2025\/11\/el-conjuro-4-los-ultimos-ritos-streaming-capitulo-final-saga-terror-.jpg\" alt=\"\u201cEl Conjuro 4: Los \u00faltimos ritos\u201d llega al streaming con cap\u00edtulo final de la saga de terror\"\/><\/p>\n<p>            <a href=\"https:\/\/media.biobiochile.cl\/wp-content\/uploads\/2025\/11\/social-el-conjuro-4-los-ultimos-ritos-streaming-capitulo-final-saga-terror-.jpg\" target=\"_blank\" rel=\"nofollow noopener\"><\/p>\n<p>            <\/a><\/p>\n<p>                            <img decoding=\"async\" class=\"imagen-icon\" src=\"https:\/\/www.europesays.com\/es\/wp-content\/uploads\/2025\/07\/icon.png\"\/><br \/>\n                             VER RESUMEN<\/p>\n<p>                                Resumen generado con una herramienta de Inteligencia Artificial desarrollada por BioBioChile y revisado por el autor de\u00a0este art\u00edculo.<\/p>\n<p>\u00abEl Conjuro 4: Los \u00faltimos ritos\u00bb, cierre de la saga de terror, llegar\u00e1 a HBO Max el 21 de noviembre como parte de \u00abDel Cine a HBO Max\u00bb tras ser el estreno de terror m\u00e1s taquillero en la historia del cine chileno en 2025. Dirigida por Michael Chaves, la pel\u00edcula re\u00fane a Vera Farmiga y Patrick Wilson como Ed y Lorraine Warren en un \u00faltimo caso. <\/p>\n<p><strong>\u201cEl Conjuro 4: Los \u00faltimos ritos\u201d<\/strong>, cap\u00edtulo final de la exitosa saga cinematogr\u00e1fica de terror, anunci\u00f3 su <strong>fecha de estreno en streaming<\/strong>.<\/p>\n<p>El filme de Michael Chaves, que en 2025 se convirti\u00f3 en <strong>el estreno de terror m\u00e1s taquillero de la historia de la cartelera chilena<\/strong>, arribar\u00e1 este mes al cat\u00e1logo de HBO Max como parte del ciclo \u201cDel Cine a HBO Max\u201d.<\/p>\n<p>La pel\u00edcula estar\u00e1 disponible para usuarios de Latinoam\u00e9rica a partir del <strong>21 de noviembre<\/strong>.<\/p>\n<p>Con este t\u00edtulo, Chaves pone fin a una de las principales franquicias del g\u00e9nero en los \u00faltimos a\u00f1os, que seg\u00fan datos del servicio de streaming<strong> ya ha recaudado m\u00e1s de 2.000 millones de d\u00f3lares en taquilla mundial<\/strong>.<\/p>\n<p>\u201cLa pel\u00edcula re\u00fane a Vera Farmiga y Patrick Wilson para un \u00faltimo caso como los renombrados investigadores paranormales de la vida real Ed y Lorraine Warren, que afecta directamente al coraz\u00f3n de la familia: la hija de la pareja, Judy (Mia Tomlinson)\u201d, detallan a modo de sinopsis. <\/p>\n<p>El <a href=\"https:\/\/www.imdb.com\/title\/tt22898462\/\" rel=\"noopener nofollow\" target=\"_blank\">reparto <\/a>lo completan <strong>Ben Hardy (Tony Spera), Rebecca Calder (Janet Smurl), Elliot Cowan (Jack Smurl), K\u00edla Lord Cassidy (Heather Smurl), Beau Gadsdon (Dawn Smurl), Molly Cartwright (Shannon Smurl), Tilly Walker (Carin Smurlm) y Steve Coulter (Padre Gordon)<\/strong>, entre otros.<\/p>\n<p class=\"google-text\">S\u00edguenos en Google News:<\/p>\n<p>                <a href=\"https:\/\/news.google.com\/publications\/CAAqBwgKMOnRrQsw9tzFAw?hl=es-419&amp;gl=CL&amp;ceid=CL%3Aes-419\" target=\"_blank\" rel=\"nofollow noopener\"><br \/>\n                    <img decoding=\"async\" src=\"https:\/\/www.europesays.com\/es\/wp-content\/uploads\/2025\/07\/logo_google_news.png\" alt=\"Logo Google News\"\/><br \/>\n                <\/a><\/p>\n<p>Suscr\u00edbete en nuestro canal de Whatsapp:<\/p>\n<p>                <a href=\"https:\/\/whatsapp.com\/channel\/0029Va59o6M2kNFwxfIND617\" target=\"_blank\" rel=\"nofollow noopener\"><br \/>\n                    <img decoding=\"async\" src=\"https:\/\/www.europesays.com\/es\/wp-content\/uploads\/2025\/07\/logo_whatsapp.png\" alt=\"Logo WhatsApp\"\/><br \/>\n                <\/a><\/p>\n<p>Suscr\u00edbete en nuestro canal de Youtube:<\/p>\n<p>                <a href=\"https:\/\/www.youtube.com\/@BioBioChile\" target=\"_blank\" rel=\"nofollow noopener\"><br \/>\n                    <img decoding=\"async\" src=\"https:\/\/www.europesays.com\/es\/wp-content\/uploads\/2025\/07\/logo_youtube.png\" alt=\"Logo Youtube\"\/><br \/>\n                <\/a><\/p>\n<p>    <a href=\"https:\/\/www.biobiochile.cl\/newsletter\/\" rel=\"nofollow noopener\" target=\"_blank\"><br \/>\n        <img decoding=\"async\" class=\"w-100 my-3\" src=\"https:\/\/www.europesays.com\/es\/wp-content\/uploads\/2025\/07\/escritorio-nota.png\"\/><br \/>\n    <\/a>    <\/p>\n<p>\n  primary:<br \/>\n  espectaculos-y-tv<br \/>\n  espectaculos<\/p>\n","protected":false},"excerpt":{"rendered":"ENVIAR Enviando correcci\u00f3n, espere un momento&#8230; \u00d7 Por favor complete todos los campos y haga check para certificar&hellip;\n","protected":false},"author":2,"featured_media":240689,"comment_status":"","ping_status":"","sticky":false,"template":"","format":"standard","meta":{"footnotes":""},"categories":[169],"tags":[61988,61989,61990,61991,61992,177,61993,61994,61995,61996,61997,146,147,25,24,61998,61999,176,3526,62000,62001,62002,62003,62004,1804,62005,62006,62007,175,62008,62009,62010,62011,10140,62012,23,62013,62014,62015,62016,62017],"class_list":{"0":"post-240688","1":"post","2":"type-post","3":"status-publish","4":"format-standard","5":"has-post-thumbnail","7":"category-cine","8":"tag-21-de-noviembre","9":"tag-beau-gadsdon","10":"tag-ben-hardy","11":"tag-carin-smurl","12":"tag-cartelera-chilena","13":"tag-cine","14":"tag-dawn-smurl","15":"tag-del-cine-a-hbo-max","16":"tag-ed-y-lorraine-warren","17":"tag-el-conjuro-4-los-ultimos-ritos","18":"tag-elliot-cowan","19":"tag-entertainment","20":"tag-entretenimiento","21":"tag-es","22":"tag-espana","23":"tag-estreno-terror","24":"tag-fecha-de-estreno","25":"tag-film","26":"tag-hbo-max","27":"tag-heather-smurl","28":"tag-jack-smurl","29":"tag-janet-smurl","30":"tag-judy","31":"tag-kila-lord-cassidy","32":"tag-latinoamerica","33":"tag-mia-tomlinson","34":"tag-michael-chaves","35":"tag-molly-cartwright","36":"tag-movies","37":"tag-padre-gordon","38":"tag-patrick-wilson","39":"tag-rebecca-calder","40":"tag-saga-cinematografica","41":"tag-seleccion-tendencias","42":"tag-shannon-smurl","43":"tag-spain","44":"tag-steve-coulter","45":"tag-taquillero","46":"tag-tilly-walker","47":"tag-tony-spera","48":"tag-vera-farmiga"},"share_on_mastodon":{"url":"","error":"Validation failed: Text character limit of 500 exceeded"},"_links":{"self":[{"href":"https:\/\/www.europesays.com\/es\/wp-json\/wp\/v2\/posts\/240688","targetHints":{"allow":["GET"]}}],"collection":[{"href":"https:\/\/www.europesays.com\/es\/wp-json\/wp\/v2\/posts"}],"about":[{"href":"https:\/\/www.europesays.com\/es\/wp-json\/wp\/v2\/types\/post"}],"author":[{"embeddable":true,"href":"https:\/\/www.europesays.com\/es\/wp-json\/wp\/v2\/users\/2"}],"replies":[{"embeddable":true,"href":"https:\/\/www.europesays.com\/es\/wp-json\/wp\/v2\/comments?post=240688"}],"version-history":[{"count":0,"href":"https:\/\/www.europesays.com\/es\/wp-json\/wp\/v2\/posts\/240688\/revisions"}],"wp:featuredmedia":[{"embeddable":true,"href":"https:\/\/www.europesays.com\/es\/wp-json\/wp\/v2\/media\/240689"}],"wp:attachment":[{"href":"https:\/\/www.europesays.com\/es\/wp-json\/wp\/v2\/media?parent=240688"}],"wp:term":[{"taxonomy":"category","embeddable":true,"href":"https:\/\/www.europesays.com\/es\/wp-json\/wp\/v2\/categories?post=240688"},{"taxonomy":"post_tag","embeddable":true,"href":"https:\/\/www.europesays.com\/es\/wp-json\/wp\/v2\/tags?post=240688"}],"curies":[{"name":"wp","href":"https:\/\/api.w.org\/{rel}","templated":true}]}}